{"id":80445,"date":"2024-07-17T11:58:52","date_gmt":"2024-07-17T11:58:52","guid":{"rendered":"https:\/\/www.mujerhoy.com\/moda\/no-te-pierdas\/como-vestir-festival-verano-prendas-accesorios-zapatos-ideas-20240717130045-nt.html"},"modified":"2024-07-17T11:58:52","modified_gmt":"2024-07-17T11:58:52","slug":"como-vestir-para-un-festival-10-prendas-y-accesorios-que-no-te-pueden-faltar","status":"publish","type":"post","link":"http:\/\/hoycordobaweb.com\/index.php\/2024\/07\/17\/como-vestir-para-un-festival-10-prendas-y-accesorios-que-no-te-pueden-faltar\/","title":{"rendered":"C\u00f3mo vestir para un festival: 10 prendas y accesorios que no te pueden faltar"},"content":{"rendered":"<p><!-- AUTHOR --> <\/p>\n<div class=\"voc-author-timesocial \"> <!-- AUTHOR --> <\/p>\n<div class=\"voc-author-timesocial__signature \">\n<div class=\"voc-author-timesocial__img-c\"> <!-- IMAGE AUTHOR --> <picture class=\"voc-image-signature\"> <img class=\"voc-image-signature__img\" src=\"http:\/\/hoycordobaweb.com\/wp-content\/uploads\/2024\/07\/como-vestir-para-un-festival-10-prendas-y-accesorios-que-no-te-pueden-faltar.jpg\" alt=\"Carla Dom\u00ednguez\"> <\/picture> <\/div>\n<p> <!-- INFO AUTHOR --> <\/div><\/div>\n<p> <!-- COMPONENTS --> <\/p>\n<p class=\"voc-paragraph\">Muchos son <a data-voc-vtm-id=\"in-text-traffic\" href=\"https:\/\/www.mujerhoy.com\/moda\/tendencias\/ideas-looks-festivales-tendencias-verano-2024-20240712124820-nt.html\">los festivales de verano<\/a> que comienzan esta temporada. Est\u00e1 claro que las posibilidades son infinitas y perfectas para cada estilo de m\u00fasica. Eso s\u00ed, para ir a estos eventos, toca animarse con looks adecuados para ellos ya sea con peinados originales o prendas y accesorios diferentes.\n<\/p>\n<p class=\"voc-paragraph\">Si est\u00e1s sin ideas, hemos elaborado una lista con algunos de nuestros favoritos. Desde faldas, blusas, tops, joyas, hasta <a data-voc-vtm-id=\"in-text-traffic\" href=\"https:\/\/www.mujerhoy.com\/moda\/tendencias\/gafas-sol-tendencia-primavera-2024-2024-20240420122234-nt.html\">gafas de sol muy originales<\/a> para completar tu look m\u00e1s festivalero. Nosotras ya tenemos <strong>nuestros favorit\u00edsimos<\/strong> y estamos deseando que t\u00fa tambi\u00e9n te animes a llevarlos.\n<\/p>\n<div class=\"voc-detail-photo-zoom\"> <picture data-toggle=\"modal\" data-target=\"#photoZoomModal-765\" target=\"modal\">\n<div class=\"voc-img-icon-link\"> <img loading=\"lazy\" src=\"http:\/\/hoycordobaweb.com\/wp-content\/uploads\/2024\/07\/como-vestir-para-un-festival-10-prendas-y-accesorios-que-no-te-pueden-faltar.webp\" width=\"650\" height=\"900\" alt=\"Bolso Wasp Bone de Mercules.\"> <noscript> <img src=\"http:\/\/hoycordobaweb.com\/wp-content\/uploads\/2024\/07\/como-vestir-para-un-festival-10-prendas-y-accesorios-que-no-te-pueden-faltar.webp\" alt=\"Bolso Wasp Bone de Mercules.\"> <\/noscript> <i class=\"voc-icons zoom voc-multimedia-box voc-ico-l\"><\/i> <\/div><figcaption class=\"figure-caption\">Bolso Wasp Bone de Mercules.<\/figcaption><\/picture>\n<\/div>\n<div id=\"photoZoomModal-765\" class=\"voc-lightbox modal fade voc-lightbox--photo-zoom\" role=\"dialog\" data-voc-photozoom-lightbox>\n<div class=\"voc-lightbox__dialog\" role=\"document\">\n<div class=\"voc-lightbox__content\"> <!-- Modal header --> <!-- Modal content --> <\/p>\n<div class=\"voc-lightbox__photo-container\"> <picture class> <img loading=\"lazy\" src=\"http:\/\/hoycordobaweb.com\/wp-content\/uploads\/2024\/07\/como-vestir-para-un-festival-10-prendas-y-accesorios-que-no-te-pueden-faltar.webp\" alt=\"Bolso Wasp Bone de Mercules.\"> <noscript> <img src=\"http:\/\/hoycordobaweb.com\/wp-content\/uploads\/2024\/07\/como-vestir-para-un-festival-10-prendas-y-accesorios-que-no-te-pueden-faltar.webp\" alt=\"Bolso Wasp Bone de Mercules.\"> <\/noscript> <\/picture> <\/div><\/div><\/div>\n<\/div>\n<p class=\"voc-paragraph\">Para los festivales siempre hay que llevar un bolso c\u00f3modo y si es estilo bandolera, mejor. Uno de nuestros favoritos del momento es este dise\u00f1o made in Spain de la firma Mercules. Es una marca con bolsos ideales y piel de alta calidad. Uno de los m\u00e1s especiales es el bolso Wasp Bone con detalle de estrellas. <strong>Precio: 175 euros.<\/strong><\/p>\n<div class=\"voc-detail-photo-zoom\"> <picture data-toggle=\"modal\" data-target=\"#photoZoomModal-222\" target=\"modal\">\n<div class=\"voc-img-icon-link\"> <img loading=\"lazy\" src=\"http:\/\/hoycordobaweb.com\/wp-content\/uploads\/2024\/07\/como-vestir-para-un-festival-10-prendas-y-accesorios-que-no-te-pueden-faltar-1.jpg\" width=\"650\" height=\"900\" alt=\"Top asim\u00e9trico de lentejuelas de Zara.\"> <noscript> <img src=\"http:\/\/hoycordobaweb.com\/wp-content\/uploads\/2024\/07\/como-vestir-para-un-festival-10-prendas-y-accesorios-que-no-te-pueden-faltar-1.jpg\" alt=\"Top asim\u00e9trico de lentejuelas de Zara.\"> <\/noscript> <i class=\"voc-icons zoom voc-multimedia-box voc-ico-l\"><\/i> <\/div><figcaption class=\"figure-caption\">Top asim\u00e9trico de lentejuelas de Zara.<\/figcaption><\/picture>\n<\/div>\n<div id=\"photoZoomModal-222\" class=\"voc-lightbox modal fade voc-lightbox--photo-zoom\" role=\"dialog\" data-voc-photozoom-lightbox>\n<div class=\"voc-lightbox__dialog\" role=\"document\">\n<div class=\"voc-lightbox__content\"> <!-- Modal header --> <!-- Modal content --> <\/p>\n<div class=\"voc-lightbox__photo-container\"> <picture class> <img loading=\"lazy\" src=\"http:\/\/hoycordobaweb.com\/wp-content\/uploads\/2024\/07\/como-vestir-para-un-festival-10-prendas-y-accesorios-que-no-te-pueden-faltar-1.jpg\" alt=\"Top asim\u00e9trico de lentejuelas de Zara.\"> <noscript> <img src=\"http:\/\/hoycordobaweb.com\/wp-content\/uploads\/2024\/07\/como-vestir-para-un-festival-10-prendas-y-accesorios-que-no-te-pueden-faltar-1.jpg\" alt=\"Top asim\u00e9trico de lentejuelas de Zara.\"> <\/noscript> <\/picture> <\/div><\/div><\/div>\n<\/div>\n<p class=\"voc-paragraph\">Las lentejuelas se pueden lucir en festivales. Puedes llevarlas a modo de vestidos, faldas o top c\u00f3modos y frescos como este. Es un top (ref: 1014\/351) de la nueva colecci\u00f3n de Zara con escote asim\u00e9trico y en color plateado. <strong>Precio: 22,95 euros.<\/strong><\/p>\n<div class=\"voc-detail-photo-zoom\"> <picture data-toggle=\"modal\" data-target=\"#photoZoomModal-882\" target=\"modal\">\n<div class=\"voc-img-icon-link\"> <img loading=\"lazy\" src=\"http:\/\/hoycordobaweb.com\/wp-content\/uploads\/2024\/07\/como-vestir-para-un-festival-10-prendas-y-accesorios-que-no-te-pueden-faltar-1.webp\" width=\"650\" height=\"900\" alt=\"Gafas de sol de la firma Tiwi.\"> <noscript> <img src=\"http:\/\/hoycordobaweb.com\/wp-content\/uploads\/2024\/07\/como-vestir-para-un-festival-10-prendas-y-accesorios-que-no-te-pueden-faltar-1.webp\" alt=\"Gafas de sol de la firma Tiwi.\"> <\/noscript> <i class=\"voc-icons zoom voc-multimedia-box voc-ico-l\"><\/i> <\/div><figcaption class=\"figure-caption\">Gafas de sol de la firma Tiwi.<\/figcaption><\/picture>\n<\/div>\n<div id=\"photoZoomModal-882\" class=\"voc-lightbox modal fade voc-lightbox--photo-zoom\" role=\"dialog\" data-voc-photozoom-lightbox>\n<div class=\"voc-lightbox__dialog\" role=\"document\">\n<div class=\"voc-lightbox__content\"> <!-- Modal header --> <!-- Modal content --> <\/p>\n<div class=\"voc-lightbox__photo-container\"> <picture class> <img loading=\"lazy\" src=\"http:\/\/hoycordobaweb.com\/wp-content\/uploads\/2024\/07\/como-vestir-para-un-festival-10-prendas-y-accesorios-que-no-te-pueden-faltar-1.webp\" alt=\"Gafas de sol de la firma Tiwi.\"> <noscript> <img src=\"http:\/\/hoycordobaweb.com\/wp-content\/uploads\/2024\/07\/como-vestir-para-un-festival-10-prendas-y-accesorios-que-no-te-pueden-faltar-1.webp\" alt=\"Gafas de sol de la firma Tiwi.\"> <\/noscript> <\/picture> <\/div><\/div><\/div>\n<\/div>\n<p class=\"voc-paragraph\">Es una marca con sello espa\u00f1ol que cuenta con gafas de sol muy originales y perfectas para la temporada de festivales. Una de nuestras favoritas es este modelor que combina el tono verde y el cl\u00e1sico carey. Es el modelo Kerr y cuesta <strong>82 euros.<\/strong><\/p>\n<div class=\"voc-detail-photo-zoom\"> <picture data-toggle=\"modal\" data-target=\"#photoZoomModal-906\" target=\"modal\">\n<div class=\"voc-img-icon-link\"> <img loading=\"lazy\" src=\"http:\/\/hoycordobaweb.com\/wp-content\/uploads\/2024\/07\/como-vestir-para-un-festival-10-prendas-y-accesorios-que-no-te-pueden-faltar-2.webp\" width=\"650\" height=\"900\" alt=\"Top fluido con volantes de Scalpers.\"> <noscript> <img src=\"http:\/\/hoycordobaweb.com\/wp-content\/uploads\/2024\/07\/como-vestir-para-un-festival-10-prendas-y-accesorios-que-no-te-pueden-faltar-2.webp\" alt=\"Top fluido con volantes de Scalpers.\"> <\/noscript> <i class=\"voc-icons zoom voc-multimedia-box voc-ico-l\"><\/i> <\/div><figcaption class=\"figure-caption\">Top fluido con volantes de Scalpers.<\/figcaption><\/picture>\n<\/div>\n<div id=\"photoZoomModal-906\" class=\"voc-lightbox modal fade voc-lightbox--photo-zoom\" role=\"dialog\" data-voc-photozoom-lightbox>\n<div class=\"voc-lightbox__dialog\" role=\"document\">\n<div class=\"voc-lightbox__content\"> <!-- Modal header --> <!-- Modal content --> <\/p>\n<div class=\"voc-lightbox__photo-container\"> <picture class> <img loading=\"lazy\" src=\"http:\/\/hoycordobaweb.com\/wp-content\/uploads\/2024\/07\/como-vestir-para-un-festival-10-prendas-y-accesorios-que-no-te-pueden-faltar-2.webp\" alt=\"Top fluido con volantes de Scalpers.\"> <noscript> <img src=\"http:\/\/hoycordobaweb.com\/wp-content\/uploads\/2024\/07\/como-vestir-para-un-festival-10-prendas-y-accesorios-que-no-te-pueden-faltar-2.webp\" alt=\"Top fluido con volantes de Scalpers.\"> <\/noscript> <\/picture> <\/div><\/div><\/div>\n<\/div>\n<p class=\"voc-paragraph\">Un top ideal y muy fresquito para los pr\u00f3ximos festivales es este de la firma Scalpers. Aprovecha ahora las rebajas porque podr\u00e1s encontrarlo m\u00e1s asequible por <strong>44,90 euros.<\/strong> Cuenta con detalle de frunces y est\u00e1 confeccionado en 100% algod\u00f3n.\n<\/p>\n<div class=\"voc-detail-photo-zoom\"> <picture data-toggle=\"modal\" data-target=\"#photoZoomModal-943\" target=\"modal\">\n<div class=\"voc-img-icon-link\"> <img loading=\"lazy\" src=\"http:\/\/hoycordobaweb.com\/wp-content\/uploads\/2024\/07\/como-vestir-para-un-festival-10-prendas-y-accesorios-que-no-te-pueden-faltar-3.webp\" width=\"650\" height=\"900\" alt=\"Bolso mini plateado de Bimba y Lola.\"> <noscript> <img src=\"http:\/\/hoycordobaweb.com\/wp-content\/uploads\/2024\/07\/como-vestir-para-un-festival-10-prendas-y-accesorios-que-no-te-pueden-faltar-3.webp\" alt=\"Bolso mini plateado de Bimba y Lola.\"> <\/noscript> <i class=\"voc-icons zoom voc-multimedia-box voc-ico-l\"><\/i> <\/div><figcaption class=\"figure-caption\">Bolso mini plateado de Bimba y Lola.<\/figcaption><\/picture>\n<\/div>\n<div id=\"photoZoomModal-943\" class=\"voc-lightbox modal fade voc-lightbox--photo-zoom\" role=\"dialog\" data-voc-photozoom-lightbox>\n<div class=\"voc-lightbox__dialog\" role=\"document\">\n<div class=\"voc-lightbox__content\"> <!-- Modal header --> <!-- Modal content --> <\/p>\n<div class=\"voc-lightbox__photo-container\"> <picture class> <img loading=\"lazy\" src=\"http:\/\/hoycordobaweb.com\/wp-content\/uploads\/2024\/07\/como-vestir-para-un-festival-10-prendas-y-accesorios-que-no-te-pueden-faltar-3.webp\" alt=\"Bolso mini plateado de Bimba y Lola.\"> <noscript> <img src=\"http:\/\/hoycordobaweb.com\/wp-content\/uploads\/2024\/07\/como-vestir-para-un-festival-10-prendas-y-accesorios-que-no-te-pueden-faltar-3.webp\" alt=\"Bolso mini plateado de Bimba y Lola.\"> <\/noscript> <\/picture> <\/div><\/div><\/div>\n<\/div>\n<p class=\"voc-paragraph\">Los bolsos de color plateado combinan con todo y son perfectos para los festivales porque podr\u00e1s llevarlos durante todo el d\u00eda. Nos hemos enamorado de este dise\u00f1o de la firma Bimba y Lola. Es un bolso mini estilo hobo con bolsillos exteriores. <strong>Precio: 295 euros.<\/strong><\/p>\n<div class=\"voc-detail-photo-zoom\"> <picture data-toggle=\"modal\" data-target=\"#photoZoomModal-490\" target=\"modal\">\n<div class=\"voc-img-icon-link\"> <img loading=\"lazy\" src=\"http:\/\/hoycordobaweb.com\/wp-content\/uploads\/2024\/07\/como-vestir-para-un-festival-10-prendas-y-accesorios-que-no-te-pueden-faltar-4.webp\" width=\"650\" height=\"900\" alt=\"Ba\u00f1ador floral de Beso Beach.\"> <noscript> <img src=\"http:\/\/hoycordobaweb.com\/wp-content\/uploads\/2024\/07\/como-vestir-para-un-festival-10-prendas-y-accesorios-que-no-te-pueden-faltar-4.webp\" alt=\"Ba\u00f1ador floral de Beso Beach.\"> <\/noscript> <i class=\"voc-icons zoom voc-multimedia-box voc-ico-l\"><\/i> <\/div><figcaption class=\"figure-caption\">Ba\u00f1ador floral de Beso Beach.<\/figcaption><\/picture>\n<\/div>\n<div id=\"photoZoomModal-490\" class=\"voc-lightbox modal fade voc-lightbox--photo-zoom\" role=\"dialog\" data-voc-photozoom-lightbox>\n<div class=\"voc-lightbox__dialog\" role=\"document\">\n<div class=\"voc-lightbox__content\"> <!-- Modal header --> <!-- Modal content --> <\/p>\n<div class=\"voc-lightbox__photo-container\"> <picture class> <img loading=\"lazy\" src=\"http:\/\/hoycordobaweb.com\/wp-content\/uploads\/2024\/07\/como-vestir-para-un-festival-10-prendas-y-accesorios-que-no-te-pueden-faltar-4.webp\" alt=\"Ba\u00f1ador floral de Beso Beach.\"> <noscript> <img src=\"http:\/\/hoycordobaweb.com\/wp-content\/uploads\/2024\/07\/como-vestir-para-un-festival-10-prendas-y-accesorios-que-no-te-pueden-faltar-4.webp\" alt=\"Ba\u00f1ador floral de Beso Beach.\"> <\/noscript> <\/picture> <\/div><\/div><\/div>\n<\/div>\n<p class=\"voc-paragraph\">Quiz\u00e1s tu ves un ba\u00f1ador, pero nosotras vemos un body excelente para lucir en festivales acompa\u00f1ando unas bermudas. Es una idea perfecta para festivales de verano. Se trata de un ba\u00f1ador con flores en color verde y espalda al descubierto de la firma Beso Beach. Precio: 105 euros.\n<\/p>\n<div class=\"voc-detail-photo-zoom\"> <picture data-toggle=\"modal\" data-target=\"#photoZoomModal-13\" target=\"modal\">\n<div class=\"voc-img-icon-link\"> <img loading=\"lazy\" src=\"http:\/\/hoycordobaweb.com\/wp-content\/uploads\/2024\/07\/como-vestir-para-un-festival-10-prendas-y-accesorios-que-no-te-pueden-faltar-5.webp\" width=\"650\" height=\"900\" alt=\"Bermudas en color crudo de Sandro.\"> <noscript> <img src=\"http:\/\/hoycordobaweb.com\/wp-content\/uploads\/2024\/07\/como-vestir-para-un-festival-10-prendas-y-accesorios-que-no-te-pueden-faltar-5.webp\" alt=\"Bermudas en color crudo de Sandro.\"> <\/noscript> <i class=\"voc-icons zoom voc-multimedia-box voc-ico-l\"><\/i> <\/div><figcaption class=\"figure-caption\">Bermudas en color crudo de Sandro.<\/figcaption><\/picture>\n<\/div>\n<div id=\"photoZoomModal-13\" class=\"voc-lightbox modal fade voc-lightbox--photo-zoom\" role=\"dialog\" data-voc-photozoom-lightbox>\n<div class=\"voc-lightbox__dialog\" role=\"document\">\n<div class=\"voc-lightbox__content\"> <!-- Modal header --> <!-- Modal content --> <\/p>\n<div class=\"voc-lightbox__photo-container\"> <picture class> <img loading=\"lazy\" src=\"http:\/\/hoycordobaweb.com\/wp-content\/uploads\/2024\/07\/como-vestir-para-un-festival-10-prendas-y-accesorios-que-no-te-pueden-faltar-5.webp\" alt=\"Bermudas en color crudo de Sandro.\"> <noscript> <img src=\"http:\/\/hoycordobaweb.com\/wp-content\/uploads\/2024\/07\/como-vestir-para-un-festival-10-prendas-y-accesorios-que-no-te-pueden-faltar-5.webp\" alt=\"Bermudas en color crudo de Sandro.\"> <\/noscript> <\/picture> <\/div><\/div><\/div>\n<\/div>\n<p class=\"voc-paragraph\">Nos encanta este look de Sandro, y sobre todo, las bermudas. Son unas bermudas rectas con pinza marcada y mezcla de lino. Es un pantal\u00f3n s\u00faper fresquito y excelente para lucir en festivales. Ahora est\u00e1 de rebajas y cuesta 135 euros.\n<\/p>\n<div class=\"voc-detail-photo-zoom\"> <picture data-toggle=\"modal\" data-target=\"#photoZoomModal-40\" target=\"modal\">\n<div class=\"voc-img-icon-link\"> <img loading=\"lazy\" src=\"http:\/\/hoycordobaweb.com\/wp-content\/uploads\/2024\/07\/como-vestir-para-un-festival-10-prendas-y-accesorios-que-no-te-pueden-faltar-6.webp\" width=\"650\" height=\"900\" alt=\"Vestido mini en color blando de Maje.\"> <noscript> <img src=\"http:\/\/hoycordobaweb.com\/wp-content\/uploads\/2024\/07\/como-vestir-para-un-festival-10-prendas-y-accesorios-que-no-te-pueden-faltar-6.webp\" alt=\"Vestido mini en color blando de Maje.\"> <\/noscript> <i class=\"voc-icons zoom voc-multimedia-box voc-ico-l\"><\/i> <\/div><figcaption class=\"figure-caption\">Vestido mini en color blando de Maje.<\/figcaption><\/picture>\n<\/div>\n<div id=\"photoZoomModal-40\" class=\"voc-lightbox modal fade voc-lightbox--photo-zoom\" role=\"dialog\" data-voc-photozoom-lightbox>\n<div class=\"voc-lightbox__dialog\" role=\"document\">\n<div class=\"voc-lightbox__content\"> <!-- Modal header --> <!-- Modal content --> <\/p>\n<div class=\"voc-lightbox__photo-container\"> <picture class> <img loading=\"lazy\" src=\"http:\/\/hoycordobaweb.com\/wp-content\/uploads\/2024\/07\/como-vestir-para-un-festival-10-prendas-y-accesorios-que-no-te-pueden-faltar-6.webp\" alt=\"Vestido mini en color blando de Maje.\"> <noscript> <img src=\"http:\/\/hoycordobaweb.com\/wp-content\/uploads\/2024\/07\/como-vestir-para-un-festival-10-prendas-y-accesorios-que-no-te-pueden-faltar-6.webp\" alt=\"Vestido mini en color blando de Maje.\"> <\/noscript> <\/picture> <\/div><\/div><\/div>\n<\/div>\n<p class=\"voc-paragraph\">Los vestidos blancos son perfectos para festivales porque son frescos. Un vestido mini en color blanco algo m\u00e1s original es este dise\u00f1o de la firma Maje. Es un dise\u00f1o con espalda descubierta que tiene un 20% de descuento. Tiene un precio de 172 euros.\n<\/p>\n<div class=\"voc-detail-photo-zoom\"> <picture data-toggle=\"modal\" data-target=\"#photoZoomModal-355\" target=\"modal\">\n<div class=\"voc-img-icon-link\"> <img loading=\"lazy\" src=\"http:\/\/hoycordobaweb.com\/wp-content\/uploads\/2024\/07\/como-vestir-para-un-festival-10-prendas-y-accesorios-que-no-te-pueden-faltar-2.jpg\" width=\"650\" height=\"900\" alt=\"Zapatillas verdes Nike Cortez.\"> <noscript> <img src=\"http:\/\/hoycordobaweb.com\/wp-content\/uploads\/2024\/07\/como-vestir-para-un-festival-10-prendas-y-accesorios-que-no-te-pueden-faltar-2.jpg\" alt=\"Zapatillas verdes Nike Cortez.\"> <\/noscript> <i class=\"voc-icons zoom voc-multimedia-box voc-ico-l\"><\/i> <\/div><figcaption class=\"figure-caption\">Zapatillas verdes Nike Cortez.<\/figcaption><\/picture>\n<\/div>\n<div id=\"photoZoomModal-355\" class=\"voc-lightbox modal fade voc-lightbox--photo-zoom\" role=\"dialog\" data-voc-photozoom-lightbox>\n<div class=\"voc-lightbox__dialog\" role=\"document\">\n<div class=\"voc-lightbox__content\"> <!-- Modal header --> <!-- Modal content --> <\/p>\n<div class=\"voc-lightbox__photo-container\"> <picture class> <img loading=\"lazy\" src=\"http:\/\/hoycordobaweb.com\/wp-content\/uploads\/2024\/07\/como-vestir-para-un-festival-10-prendas-y-accesorios-que-no-te-pueden-faltar-2.jpg\" alt=\"Zapatillas verdes Nike Cortez.\"> <noscript> <img src=\"http:\/\/hoycordobaweb.com\/wp-content\/uploads\/2024\/07\/como-vestir-para-un-festival-10-prendas-y-accesorios-que-no-te-pueden-faltar-2.jpg\" alt=\"Zapatillas verdes Nike Cortez.\"> <\/noscript> <\/picture> <\/div><\/div><\/div>\n<\/div>\n<p class=\"voc-paragraph\">Fue uno de los modelos m\u00e1s populares de la firma Nike y ahora est\u00e1 de vuelta. Es un dise\u00f1o c\u00f3modo, que estiliza y adem\u00e1s, puede convertirse en el protagonista de tu look. Nos quedamos con este modelo en verde con el logo en fucsia. <strong>Precio: 89,99 euros.<\/strong><\/p>\n<p> <!-- TOPICS --> <\/p>\n","protected":false},"excerpt":{"rendered":"<p>Muchos son los festivales de verano que comienzan esta temporada. Est\u00e1 claro que las posibilidades son infinitas y perfectas para cada estilo de m\u00fasica. Eso s\u00ed, para ir a estos eventos, toca animarse con looks adecuados para ellos ya sea con peinados originales o prendas y accesorios diferentes. Si est\u00e1s sin ideas, hemos elaborado una [&hellip;]<\/p>\n","protected":false},"author":1,"featured_media":80446,"comment_status":"closed","ping_status":"closed","sticky":false,"template":"","format":"standard","meta":[],"categories":[],"tags":[],"_links":{"self":[{"href":"http:\/\/hoycordobaweb.com\/index.php\/wp-json\/wp\/v2\/posts\/80445"}],"collection":[{"href":"http:\/\/hoycordobaweb.com\/index.php\/wp-json\/wp\/v2\/posts"}],"about":[{"href":"http:\/\/hoycordobaweb.com\/index.php\/wp-json\/wp\/v2\/types\/post"}],"author":[{"embeddable":true,"href":"http:\/\/hoycordobaweb.com\/index.php\/wp-json\/wp\/v2\/users\/1"}],"replies":[{"embeddable":true,"href":"http:\/\/hoycordobaweb.com\/index.php\/wp-json\/wp\/v2\/comments?post=80445"}],"version-history":[{"count":0,"href":"http:\/\/hoycordobaweb.com\/index.php\/wp-json\/wp\/v2\/posts\/80445\/revisions"}],"wp:featuredmedia":[{"embeddable":true,"href":"http:\/\/hoycordobaweb.com\/index.php\/wp-json\/wp\/v2\/media\/80446"}],"wp:attachment":[{"href":"http:\/\/hoycordobaweb.com\/index.php\/wp-json\/wp\/v2\/media?parent=80445"}],"wp:term":[{"taxonomy":"category","embeddable":true,"href":"http:\/\/hoycordobaweb.com\/index.php\/wp-json\/wp\/v2\/categories?post=80445"},{"taxonomy":"post_tag","embeddable":true,"href":"http:\/\/hoycordobaweb.com\/index.php\/wp-json\/wp\/v2\/tags?post=80445"}],"curies":[{"name":"wp","href":"https:\/\/api.w.org\/{rel}","templated":true}]}}