{"id":80441,"date":"2024-07-16T23:22:04","date_gmt":"2024-07-16T23:22:04","guid":{"rendered":"https:\/\/www.ole.com.ar\/futbol-internacional\/gabigol-vez-suspendido-tas-revoco-permiso-flamengo_0_EzUHrDNwdX.html"},"modified":"2024-07-16T23:22:04","modified_gmt":"2024-07-16T23:22:04","slug":"gabigol-otra-vez-suspendido-el-tas-revoco-el-permiso","status":"publish","type":"post","link":"http:\/\/hoycordobaweb.com\/index.php\/2024\/07\/16\/gabigol-otra-vez-suspendido-el-tas-revoco-el-permiso\/","title":{"rendered":"Gabigol otra vez suspendido: el TAS revoc\u00f3 el permiso"},"content":{"rendered":"<p><img src=\"http:\/\/hoycordobaweb.com\/wp-content\/uploads\/2024\/07\/gabigol-otra-vez-suspendido-el-tas-revoco-el-permiso.jpg\"><\/p>\n<p><time class=\"createDate\" datetime=\"2024-07-16T20:22:04-03:00\">16\/07\/2024 20:22hs.<\/time><\/p>\n<div id=\"storyBody\">\n<div class=\"custom-text \" readability=\"35.030769230769\">\n<p><strong><a href=\"https:\/\/www.ole.com.ar\/tema\/gabigol.html\" title=\"Gabigol\" alt=\"Gabigol\" class=\"slug\">Gabigol <\/a>vuelve a estar suspendido: <\/strong>el Tribunal de Arbitraje Deportivo (TAS) decidi\u00f3 reiniciar el proceso. As\u00ed, se anula el efecto suspensivo que se hab\u00eda obtenido anteriormente, y ahora el jugador vuelve a estar suspendido de jugar hasta asta abril de 2025.<\/p>\n<\/div>\n<div class=\"custom-text \" readability=\"37\">\n<p>De esta manera, el t\u00e9cnico Tite pierde la posibilidad de contar con el futbolista, que hab\u00eda estado cerca de ser transferido a Palmeiras en este mercado de pases. El pr\u00f3ximo mes, el Fla enfrentar\u00e1 a Bol\u00edvar de La Paz en los octavos de final de la Copa Libertadores.<\/p>\n<\/div>\n<div class=\"sc-e7b891c4-0 jPbnQF\"><img alt=\"Gabigol en la Copa Libertadores.\" src=\"http:\/\/hoycordobaweb.com\/wp-content\/uploads\/2024\/07\/gabigol-otra-vez-suspendido-el-tas-revoco-el-permiso-2.jpg\" width=\"720\" height=\"100\" decoding=\"async\" data-nimg=\"future\" loading=\"lazy\"><span class=\"epigraphe\">Gabigol en la Copa Libertadores.<\/span><\/div>\n<p><h2><strong>C\u00f3mo fue el caso<\/strong><\/h2>\n<\/p>\n<div class=\"custom-text \" readability=\"40\">\n<p>El \u00faltimo 25 de marzo, el delantero del Flamengo fue suspendido por dos a\u00f1os por intento de fraude en una prueba antidopaje, en un juicio ante el Tribunal Antidopaje de Justicia Deportiva de Brasil. Seg\u00fan el reglamento antidopaje, la sanci\u00f3n entr\u00f3 en vigor el 8 de abril de 2023, cuando se recogieron los controles, a pesar de que el jugador hab\u00eda estado activo durante el \u00faltimo a\u00f1o.<\/p>\n<\/div>\n<div class=\"custom-text \" readability=\"36\">\n<p>Por tanto, estaba impedido de jugar hasta abril de 2025. Poco m\u00e1s de un mes despu\u00e9s de la suspensi\u00f3n, el 30 de abril, los abogados del futbolista obtuvieron el efecto suspensivo ante el TAS.<\/p>\n<\/div>\n<div class=\"custom-text \" readability=\"39\">\n<p>El juicio presencial del jugador, en Suiza, fue pospuesto en junio a petici\u00f3n de la Uni\u00f3n Federal, que forma parte del proceso y aleg\u00f3 que no fue debidamente notificada y, por tanto, no nombr\u00f3 \u00e1rbitro para el juicio. La agencia federal solicit\u00f3 el aplazamiento del juicio y el TAS accedi\u00f3.<\/p>\n<\/div>\n<div class=\"custom-text \" readability=\"42\">\n<p>Ahora, el TAS anul\u00f3 el proceso en su totalidad y, en consecuencia, Gabigol perdi\u00f3 el efecto suspensivo. Para volver a estar en condiciones de jugar, la defensa del atacante presentar\u00e1 una nueva solicitud de suspensi\u00f3n, probablemente esta semana. Como Flamengo no fue notificado de la anulaci\u00f3n del juicio, el jugador podr\u00e1 participar en el entrenamiento del mi\u00e9rcoles, pero despu\u00e9s no podr\u00e1 visitar las instalaciones del club mientras se encuentre suspendido.<\/p>\n<\/div>\n<div class=\"custom-text \" readability=\"37\">\n<p> Bichara Neto, el abogado de Gabigol, tras la publicaci\u00f3n de la noticia, asegur\u00f3 que no ten\u00eda conocimiento de que eso fuera cierto, pese a que ya estaba instalada la informaci\u00f3n en toda la prensa.<\/p>\n<\/div>\n<div class=\"sc-a7166897-0 exHLBh\" readability=\"6\">\n<section readability=\"2\"><picture><img alt=\"Enzo Fern\u00e1ndez se disculp\u00f3 en ingl\u00e9s por el video\" src=\"http:\/\/hoycordobaweb.com\/wp-content\/uploads\/2024\/07\/gabigol-otra-vez-suspendido-el-tas-revoco-el-permiso-3.jpg\" width=\"290\" height=\"290\" decoding=\"async\" data-nimg=\"future\" loading=\"lazy\"><\/picture>\n<p><span>Mir\u00e1 tambi\u00e9n<\/span><\/p>\n<hr>\n<h3>Enzo Fern\u00e1ndez se disculp\u00f3 en ingl\u00e9s por el video<\/h3>\n<\/p>\n<\/section>\n<\/div>\n<div class=\"sc-a7166897-0 exHLBh\" readability=\"6\">\n<section readability=\"2\"><picture><img alt=\"Rebeli\u00f3n francesa contra Enzo Fern\u00e1ndez en el Chelsea: el club lo investiga\" src=\"http:\/\/hoycordobaweb.com\/wp-content\/uploads\/2024\/07\/gabigol-otra-vez-suspendido-el-tas-revoco-el-permiso-4.jpg\" width=\"290\" height=\"290\" decoding=\"async\" data-nimg=\"future\" loading=\"lazy\"><\/picture>\n<p><span>Mir\u00e1 tambi\u00e9n<\/span><\/p>\n<hr>\n<h3>Rebeli\u00f3n francesa contra Enzo Fern\u00e1ndez en el Chelsea: el club lo investiga<\/h3>\n<\/p>\n<\/section>\n<\/div>\n<\/div>\n","protected":false},"excerpt":{"rendered":"<p>16\/07\/2024 20:22hs. Gabigol vuelve a estar suspendido: el Tribunal de Arbitraje Deportivo (TAS) decidi\u00f3 reiniciar el proceso. As\u00ed, se anula el efecto suspensivo que se hab\u00eda obtenido anteriormente, y ahora el jugador vuelve a estar suspendido de jugar hasta asta abril de 2025. De esta manera, el t\u00e9cnico Tite pierde la posibilidad de contar con [&hellip;]<\/p>\n","protected":false},"author":1,"featured_media":80442,"comment_status":"open","ping_status":"closed","sticky":false,"template":"","format":"standard","meta":[],"categories":[16],"tags":[],"_links":{"self":[{"href":"http:\/\/hoycordobaweb.com\/index.php\/wp-json\/wp\/v2\/posts\/80441"}],"collection":[{"href":"http:\/\/hoycordobaweb.com\/index.php\/wp-json\/wp\/v2\/posts"}],"about":[{"href":"http:\/\/hoycordobaweb.com\/index.php\/wp-json\/wp\/v2\/types\/post"}],"author":[{"embeddable":true,"href":"http:\/\/hoycordobaweb.com\/index.php\/wp-json\/wp\/v2\/users\/1"}],"replies":[{"embeddable":true,"href":"http:\/\/hoycordobaweb.com\/index.php\/wp-json\/wp\/v2\/comments?post=80441"}],"version-history":[{"count":0,"href":"http:\/\/hoycordobaweb.com\/index.php\/wp-json\/wp\/v2\/posts\/80441\/revisions"}],"wp:featuredmedia":[{"embeddable":true,"href":"http:\/\/hoycordobaweb.com\/index.php\/wp-json\/wp\/v2\/media\/80442"}],"wp:attachment":[{"href":"http:\/\/hoycordobaweb.com\/index.php\/wp-json\/wp\/v2\/media?parent=80441"}],"wp:term":[{"taxonomy":"category","embeddable":true,"href":"http:\/\/hoycordobaweb.com\/index.php\/wp-json\/wp\/v2\/categories?post=80441"},{"taxonomy":"post_tag","embeddable":true,"href":"http:\/\/hoycordobaweb.com\/index.php\/wp-json\/wp\/v2\/tags?post=80441"}],"curies":[{"name":"wp","href":"https:\/\/api.w.org\/{rel}","templated":true}]}}