{"id":80435,"date":"2024-07-17T01:04:24","date_gmt":"2024-07-17T01:04:24","guid":{"rendered":"https:\/\/www.ole.com.ar\/boca-juniors\/boca-llegada-quito-partido-ida-independiente-valle_0_Ice0rd9Sqd.html"},"modified":"2024-07-17T01:04:24","modified_gmt":"2024-07-17T01:04:24","slug":"lleno-de-pibes-boca-llego-a-quito-para-jugar-por-la-sudamericana","status":"publish","type":"post","link":"http:\/\/hoycordobaweb.com\/index.php\/2024\/07\/17\/lleno-de-pibes-boca-llego-a-quito-para-jugar-por-la-sudamericana\/","title":{"rendered":"Lleno de pibes, Boca lleg\u00f3 a Quito para jugar por la Sudamericana"},"content":{"rendered":"<p><img src=\"http:\/\/hoycordobaweb.com\/wp-content\/uploads\/2024\/07\/lleno-de-pibes-boca-llego-a-quito-para-jugar-por-la-sudamericana.jpg\"><\/p>\n<p><time class=\"createDate\" datetime=\"2024-07-16T22:04:24-03:00\">16\/07\/2024 22:04hs.<\/time><time class=\"modificatedDate\" datetime=\"2024-07-16T22:27:23-03:00\"> Actualizado al 16\/07\/2024 22:27hs.<\/time><\/p>\n<div id=\"storyBody\">\n<div class=\"custom-text \" readability=\"32.975609756098\">\n<p>Fueron siete horas de viaje. Y llegada a destino. S\u00ed, un<a href=\"https:\/\/www.ole.com.ar\/tema\/boca-juniors.html\" title=\"Boca Juniors\" alt=\"Boca Juniors\" class=\"slug\"> Boca<\/a> convulsionado <a href=\"https:\/\/www.ole.com.ar\/boca-juniors\/boca-refuerzos-habilitados-conmebol-sudamericana_0_tILt0kKFop.html\" target=\"_self\" title=\"por el papel\u00f3n administrativo\" alt=\"por el papel\u00f3n administrativo\" rel=\"noopener noreferrer\">por el papel\u00f3n administrativo<\/a> que impidi\u00f3 que los refuerzos pudieran estar presentes en el choque de ida ante <a href=\"https:\/\/www.ole.com.ar\/tema\/independiente-del-valle.html\" title=\"Independiente del Valle\" alt=\"Independiente del Valle\" class=\"slug\">Independiente del Valle<\/a>, ya est\u00e1 en Quito, en la siempre respetada altura de esa ciudad (son 2.850 metros). <strong>Y all\u00ed fueron recibidos por varios hinchas xeneizes, que nunca faltan.<\/strong><\/p>\n<\/div>\n<div class=\"custom-text \" readability=\"28.967971530249\">\n<p><strong>Con muchos chicos en la delegaci\u00f3n, <a href=\"https:\/\/www.ole.com.ar\/boca-juniors\/boca-perdio-dieciocho-jugadores-quito-copa-sudamericana_0_rpAgqsXJ3T.html\" target=\"_self\" title=\"sin Edison Cavani y con 17 ausencias m\u00e1s para este partido,\" alt=\"sin Edison Cavani y con 17 ausencias m\u00e1s para este partido,\" rel=\"noopener noreferrer\">sin Edinson Cavani y con 17 ausencias m\u00e1s para este partido<\/a><\/strong><a href=\"https:\/\/www.ole.com.ar\/boca-juniors\/boca-perdio-dieciocho-jugadores-quito-copa-sudamericana_0_rpAgqsXJ3T.html\" target=\"_self\" title=\"sin Edison Cavani y con 17 ausencias m\u00e1s para este partido,\" alt=\"sin Edison Cavani y con 17 ausencias m\u00e1s para este partido,\" rel=\"noopener noreferrer\">,<\/a> el equipo de Diego Mart\u00ednez se aloj\u00f3 en el Marriot de Quito y all\u00ed esperar\u00e1 el choque de ma\u00f1ana ante Independiente del Valle, verdugo en las semifinales de la Libertadores 2016.<\/p>\n<\/div>\n<div class=\"custom-text \" readability=\"38\">\n<p><strong>En la puerta, algunos hinchas esperaron para tener alguna foto con los jugadores.<\/strong> Varios fueron ecuatorianos fanas de Boca, que aprovecharon la ocasi\u00f3n para tener de cerca a los jugadores xeneizes. Pero tambi\u00e9n hab\u00eda venezolanos, colombianos y varios argentinos, que viajaron a ver el partido.<\/p>\n<\/div>\n<div class=\"sc-e7b891c4-0 jPbnQF\"><img alt=\"Los hinchas que recibieron a Boca en Quito.\" src=\"http:\/\/hoycordobaweb.com\/wp-content\/uploads\/2024\/07\/lleno-de-pibes-boca-llego-a-quito-para-jugar-por-la-sudamericana-2.jpg\" width=\"720\" height=\"100\" decoding=\"async\" data-nimg=\"future\" loading=\"lazy\"><span class=\"epigraphe\">Los hinchas que recibieron a Boca en Quito.<\/span><\/div>\n<div class=\"custom-text \" readability=\"38\">\n<p>Luego, cuando los jugadores pasaron por el lobby del hotel para irse a las habitaciones, <strong>la Polic\u00eda local empez\u00f3 a desalojar a los hinchas presente, que no quer\u00edan irse. <\/strong>Pero al ver que las autoridades policiales estaban dispuestos a desalojarlos por la fuerza, se retiraron.<\/p>\n<\/div>\n<p><h2><strong>Una formaci\u00f3n llena de pibes<\/strong><\/h2>\n<\/p>\n<div class=\"custom-text \" readability=\"37\">\n<p>La particularidad que tendr\u00e1 el equipo que saldr\u00e1 a la cancha este mi\u00e9rcoles a las 21.30 es que cinco de los titulares que jugar\u00e1n son juveniles que -en la mayor\u00eda de los casos-<strong> no llegan a la decena de partidos con la azul y oro. <\/strong>Incluso uno de ellos -Juli\u00e1n Ceballos, el elegido para la dif\u00edcil tarea de reemplazar a Kevin Zen\u00f3n- apenas debut\u00f3 en Primera en el \u00faltimo encuentro del equipo, pero lo hizo por espacio de un minuto y sin siquiera tener contacto con la pelota.<\/p>\n<\/div>\n<div class=\"sc-e7b891c4-0 jPbnQF\"><img alt=\"Mauricio Ben\u00edtez y Juli\u00e1n Ceballos, en la llegada de Boca a Ecuador. Foto Prensa Boca\" src=\"http:\/\/hoycordobaweb.com\/wp-content\/uploads\/2024\/07\/lleno-de-pibes-boca-llego-a-quito-para-jugar-por-la-sudamericana-3.jpg\" width=\"720\" height=\"100\" decoding=\"async\" data-nimg=\"future\" loading=\"lazy\"><span class=\"epigraphe\">Mauricio Ben\u00edtez y Juli\u00e1n Ceballos, en la llegada de Boca a Ecuador. Foto Prensa Boca<\/span><\/div>\n<div class=\"custom-text \" readability=\"38\">\n<p><strong>Y son en definitiva lo que ocupar\u00e1n el mediocampo<\/strong> y los que reemplazar\u00e1n a los tres citados a los Juegos (Zen\u00f3n, Equi Fern\u00e1ndez y Medina) m\u00e1s al suspendido Pol Fern\u00e1ndez. Es decir, en lugar de esas ausencias y de los refuerzos que no pudieron ser anotados, habr\u00e1 chicos con muy pocos partidos en Primera.<\/p>\n<\/div>\n<div type=\"embed\" class=\"sc-3f46f5ae-0 djVTgz\">\n<div class=\"sc-3f46f5ae-1 fTjZec videoText\" id=\"contentTitleembedKstZxTNM\" type=\"embed\"><svg fill=\"#ffffff\"><symbol id=\"play\" viewBox=\"0 0 512 512\"><path d=\"M512 256C512 397.4 397.4 512 256 512C114.6 512 0 397.4 0 256C0 114.6 114.6 0 256 0C397.4 0 512 114.6 512 256zM176 168V344C176 352.7 180.7 360.7 188.3 364.9C195.8 369.2 205.1 369 212.5 364.5L356.5 276.5C363.6 272.1 368 264.4 368 256C368 247.6 363.6 239.9 356.5 235.5L212.5 147.5C205.1 142.1 195.8 142.8 188.3 147.1C180.7 151.3 176 159.3 176 168V168z\" \/><\/symbol><use xlink:href=\"#play\" \/><\/svg><\/p>\n<div class=\"right\">\n<p>Boca Juniors<!-- --> &#8211;<!-- --> <span>&nbsp;<\/span><\/p>\n<h2 class=\"title-vid\">La llegada del plantel de Boca a Quito<\/h2>\n<\/div>\n<\/div>\n<p><span class=\"back\" id=\"spanBackembedKstZxTNM\"><\/span><\/div>\n<p><h2><strong>Los posibles 11 para Independiente del Valle<\/strong><\/h2>\n<\/p>\n<div type=\"embed\" class=\"sc-3f46f5ae-0 djVTgz\">\n<div class=\"sc-3f46f5ae-1 fTjZec videoText\" id=\"contentTitleembedeyEOKi4H\" type=\"embed\"><svg fill=\"#ffffff\"><symbol id=\"play\" viewBox=\"0 0 512 512\"><path d=\"M512 256C512 397.4 397.4 512 256 512C114.6 512 0 397.4 0 256C0 114.6 114.6 0 256 0C397.4 0 512 114.6 512 256zM176 168V344C176 352.7 180.7 360.7 188.3 364.9C195.8 369.2 205.1 369 212.5 364.5L356.5 276.5C363.6 272.1 368 264.4 368 256C368 247.6 363.6 239.9 356.5 235.5L212.5 147.5C205.1 142.1 195.8 142.8 188.3 147.1C180.7 151.3 176 159.3 176 168V168z\" \/><\/symbol><use xlink:href=\"#play\" \/><\/svg><\/p>\n<div class=\"right\">\n<p>Boca Juniors<!-- --> &#8211;<!-- --> <span>&nbsp;<\/span><\/p>\n<h2 class=\"title-vid\">Riquelme llega con el plantel de Boca a Quito<\/h2>\n<\/div>\n<\/div>\n<p><span class=\"back\" id=\"spanBackembedeyEOKi4H\"><\/span><\/div>\n<div class=\"sc-a7166897-0 exHLBh\" readability=\"6.5\">\n<section readability=\"3\"><picture><img alt=\"El equipo remendado que prob\u00f3 Mart\u00ednez para la Sudamericana: muchos pibes y problemas con Cavani\" src=\"http:\/\/hoycordobaweb.com\/wp-content\/uploads\/2024\/07\/lleno-de-pibes-boca-llego-a-quito-para-jugar-por-la-sudamericana-4.jpg\" width=\"290\" height=\"290\" decoding=\"async\" data-nimg=\"future\" loading=\"lazy\"><\/picture>\n<p><span>Mir\u00e1 tambi\u00e9n<\/span><\/p>\n<hr>\n<h3>El equipo remendado que prob\u00f3 Mart\u00ednez para la Sudamericana: muchos pibes y problemas con Cavani<\/h3>\n<\/p>\n<\/section>\n<\/div>\n<div class=\"sc-a7166897-0 exHLBh\" readability=\"6.5\">\n<section readability=\"3\"><picture><img alt=\"La advertencia de Independiente del Valle para Boca: &quot;A los equipos argentinos les cuesta mucho la altura&quot;\" src=\"http:\/\/hoycordobaweb.com\/wp-content\/uploads\/2024\/07\/lleno-de-pibes-boca-llego-a-quito-para-jugar-por-la-sudamericana-5.jpg\" width=\"290\" height=\"290\" decoding=\"async\" data-nimg=\"future\" loading=\"lazy\"><\/picture>\n<p><span>Mir\u00e1 tambi\u00e9n<\/span><\/p>\n<hr>\n<h3>La advertencia de Independiente del Valle para Boca: \u00abA los equipos argentinos les cuesta mucho la altura\u00bb<\/h3>\n<\/p>\n<\/section>\n<\/div>\n<div class=\"sc-a7166897-0 exHLBh\" readability=\"6\">\n<section readability=\"2\"><picture><img alt=\"Por qu\u00e9 no hubo excepci\u00f3n con Boca: as\u00ed se inscribe a un jugador \" src=\"http:\/\/hoycordobaweb.com\/wp-content\/uploads\/2024\/07\/lleno-de-pibes-boca-llego-a-quito-para-jugar-por-la-sudamericana-6.jpg\" width=\"290\" height=\"290\" decoding=\"async\" data-nimg=\"future\" loading=\"lazy\"><\/picture>\n<p><span>Mir\u00e1 tambi\u00e9n<\/span><\/p>\n<hr>\n<h3>Por qu\u00e9 no hubo excepci\u00f3n con Boca: as\u00ed se inscribe a un jugador<br \/>\n<\/h3>\n<\/p>\n<\/section>\n<\/div>\n<div class=\"sc-a7166897-0 exHLBh\" readability=\"6.5\">\n<section readability=\"3\"><picture><img alt=\"Alarma en Boca: oferta millonaria por Equi Fern\u00e1ndez y una decisi\u00f3n que puede complicar\" src=\"http:\/\/hoycordobaweb.com\/wp-content\/uploads\/2024\/07\/lleno-de-pibes-boca-llego-a-quito-para-jugar-por-la-sudamericana-7.jpg\" width=\"290\" height=\"290\" decoding=\"async\" data-nimg=\"future\" loading=\"lazy\"><\/picture>\n<p><span>Mir\u00e1 tambi\u00e9n<\/span><\/p>\n<hr>\n<h3>Alarma en Boca: oferta millonaria por Equi Fern\u00e1ndez y una decisi\u00f3n que puede complicar<\/h3>\n<\/p>\n<\/section>\n<\/div>\n<div class=\"sc-a7166897-0 exHLBh\" readability=\"6\">\n<section readability=\"2\"><picture><img alt=\"Copa Sudamericana: la llave de los playoffs\" src=\"http:\/\/hoycordobaweb.com\/wp-content\/uploads\/2024\/07\/lleno-de-pibes-boca-llego-a-quito-para-jugar-por-la-sudamericana-8.jpg\" width=\"290\" height=\"290\" decoding=\"async\" data-nimg=\"future\" loading=\"lazy\"><\/picture>\n<p><span>Mir\u00e1 tambi\u00e9n<\/span><\/p>\n<hr>\n<h3>Copa Sudamericana: la llave de los playoffs<\/h3>\n<\/p>\n<\/section>\n<\/div>\n<\/div>\n","protected":false},"excerpt":{"rendered":"<p>16\/07\/2024 22:04hs. Actualizado al 16\/07\/2024 22:27hs. Fueron siete horas de viaje. Y llegada a destino. S\u00ed, un Boca convulsionado por el papel\u00f3n administrativo que impidi\u00f3 que los refuerzos pudieran estar presentes en el choque de ida ante Independiente del Valle, ya est\u00e1 en Quito, en la siempre respetada altura de esa ciudad (son 2.850 metros). [&hellip;]<\/p>\n","protected":false},"author":1,"featured_media":80436,"comment_status":"open","ping_status":"closed","sticky":false,"template":"","format":"standard","meta":[],"categories":[16],"tags":[],"_links":{"self":[{"href":"http:\/\/hoycordobaweb.com\/index.php\/wp-json\/wp\/v2\/posts\/80435"}],"collection":[{"href":"http:\/\/hoycordobaweb.com\/index.php\/wp-json\/wp\/v2\/posts"}],"about":[{"href":"http:\/\/hoycordobaweb.com\/index.php\/wp-json\/wp\/v2\/types\/post"}],"author":[{"embeddable":true,"href":"http:\/\/hoycordobaweb.com\/index.php\/wp-json\/wp\/v2\/users\/1"}],"replies":[{"embeddable":true,"href":"http:\/\/hoycordobaweb.com\/index.php\/wp-json\/wp\/v2\/comments?post=80435"}],"version-history":[{"count":0,"href":"http:\/\/hoycordobaweb.com\/index.php\/wp-json\/wp\/v2\/posts\/80435\/revisions"}],"wp:featuredmedia":[{"embeddable":true,"href":"http:\/\/hoycordobaweb.com\/index.php\/wp-json\/wp\/v2\/media\/80436"}],"wp:attachment":[{"href":"http:\/\/hoycordobaweb.com\/index.php\/wp-json\/wp\/v2\/media?parent=80435"}],"wp:term":[{"taxonomy":"category","embeddable":true,"href":"http:\/\/hoycordobaweb.com\/index.php\/wp-json\/wp\/v2\/categories?post=80435"},{"taxonomy":"post_tag","embeddable":true,"href":"http:\/\/hoycordobaweb.com\/index.php\/wp-json\/wp\/v2\/tags?post=80435"}],"curies":[{"name":"wp","href":"https:\/\/api.w.org\/{rel}","templated":true}]}}