{"id":80431,"date":"2024-07-17T02:09:11","date_gmt":"2024-07-17T02:09:11","guid":{"rendered":"https:\/\/www.ole.com.ar\/autos\/automovilismo-argentino-luto_0_1fWOxPi6Td.html"},"modified":"2024-07-17T02:09:11","modified_gmt":"2024-07-17T02:09:11","slug":"el-automovilismo-argentino-de-luto-por-el-fallecimiento-de-un-piloto-en-el-mouras-de-la-plata","status":"publish","type":"post","link":"http:\/\/hoycordobaweb.com\/index.php\/2024\/07\/17\/el-automovilismo-argentino-de-luto-por-el-fallecimiento-de-un-piloto-en-el-mouras-de-la-plata\/","title":{"rendered":"El automovilismo argentino, de luto por el fallecimiento de un piloto en el Mouras de La Plata"},"content":{"rendered":"<p><img src=\"http:\/\/hoycordobaweb.com\/wp-content\/uploads\/2024\/07\/el-automovilismo-argentino-de-luto-por-el-fallecimiento-de-un-piloto-en-el-mouras-de-la-plata.jpg\"><\/p>\n<p><time class=\"createDate\" datetime=\"2024-07-16T23:09:11-03:00\">16\/07\/2024 23:09hs.<\/time><time class=\"modificatedDate\" datetime=\"2024-07-16T23:26:13-03:00\"> Actualizado al 16\/07\/2024 23:26hs.<\/time><\/p>\n<div id=\"storyBody\">\n<div class=\"custom-text \" readability=\"36\">\n<p>El mundo del automovilismo argentino pasa por un momento dif\u00edcil por el fallecimiento de Alfredo \u00abPappo\u00bb Picardi, piloto de la categor\u00eda Amigos Fiat 1.4, tras impactante accidente el s\u00e1bado pasado durante la realizaci\u00f3n de la quinta fecha en el aut\u00f3dromo Roberto Mouras de La Plata.<\/p>\n<\/div>\n<div class=\"custom-text \" readability=\"37\">\n<p>En sus redes sociales, la categor\u00eda Amigos Fiat 1.4 public\u00f3 un sentido mensaje a la familia y allegados del piloto tras la triste noticia: \u00abDe todos los que formamos parte de Amigos Fiat 1.4 lamentamos el accidente sufrido hoy por Alfredo \u201cPappo\u201d P\u00edcardi, quien nos dej\u00f3 f\u00edsicamente hoy a la madrugada\u00bb.<\/p>\n<\/div>\n<div class=\"custom-text \" readability=\"33\">\n<p>Y agreg\u00f3: \u00abAcompa\u00f1amos a sus familiares y amigos en este dif\u00edcil momento que est\u00e1n atravesando! Un c\u00e1lido abrazo\u00bb.<\/p>\n<\/div>\n<div class=\"sc-e7b891c4-0 jPbnQF\"><img alt=\"El automovilismo argentino, de luto por el fallecimiento de un piloto en el Mouras de La Plata\" src=\"http:\/\/hoycordobaweb.com\/wp-content\/uploads\/2024\/07\/el-automovilismo-argentino-de-luto-por-el-fallecimiento-de-un-piloto-en-el-mouras-de-la-plata-2.jpg\" width=\"720\" height=\"100\" decoding=\"async\" data-nimg=\"future\" loading=\"lazy\"><span class=\"epigraphe\">El automovilismo argentino, de luto por el fallecimiento de un piloto en el Mouras de La Plata<\/span><\/div>\n<div class=\"custom-text \" readability=\"35\">\n<p>Picardi naci\u00f3 en Pergamino pero a\u00f1os despu\u00e9s se mud\u00f3 y vivi\u00f3 en Temperley, donde all\u00ed trabajaba y ten\u00eda su rectificadora llamada \u00abPappo\u00bb, donde se dedicaba en la reparaci\u00f3n de autos.<\/p>\n<\/div>\n<div class=\"custom-text \" readability=\"35\">\n<p>Picardi hab\u00eda formado su familia y ten\u00eda tres hijas que lo acompa\u00f1aban al aut\u00f3dromo y esa uni\u00f3n quedaba reflejada en las im\u00e1genes que compart\u00eda en las redes sociales. Su pasi\u00f3n por los autos lo llev\u00f3 a correr en la categor\u00eda Amigos Fiat 1.4, donde manejaba el auto N\u00b025.<\/p>\n<\/div>\n<div class=\"custom-text \" readability=\"34\">\n<p>La despedida de \u00abPappo\u00bb Picardi tuvo lugar este martes desde la ma\u00f1ana en la casa velatoria Drappo que est\u00e1 ubicada sobre la Avenida Eva Per\u00f3n 3583, en Temperley.<\/p>\n<\/div>\n<\/div>\n","protected":false},"excerpt":{"rendered":"<p>16\/07\/2024 23:09hs. Actualizado al 16\/07\/2024 23:26hs. El mundo del automovilismo argentino pasa por un momento dif\u00edcil por el fallecimiento de Alfredo \u00abPappo\u00bb Picardi, piloto de la categor\u00eda Amigos Fiat 1.4, tras impactante accidente el s\u00e1bado pasado durante la realizaci\u00f3n de la quinta fecha en el aut\u00f3dromo Roberto Mouras de La Plata. En sus redes sociales, [&hellip;]<\/p>\n","protected":false},"author":1,"featured_media":80432,"comment_status":"open","ping_status":"closed","sticky":false,"template":"","format":"standard","meta":[],"categories":[16],"tags":[],"_links":{"self":[{"href":"http:\/\/hoycordobaweb.com\/index.php\/wp-json\/wp\/v2\/posts\/80431"}],"collection":[{"href":"http:\/\/hoycordobaweb.com\/index.php\/wp-json\/wp\/v2\/posts"}],"about":[{"href":"http:\/\/hoycordobaweb.com\/index.php\/wp-json\/wp\/v2\/types\/post"}],"author":[{"embeddable":true,"href":"http:\/\/hoycordobaweb.com\/index.php\/wp-json\/wp\/v2\/users\/1"}],"replies":[{"embeddable":true,"href":"http:\/\/hoycordobaweb.com\/index.php\/wp-json\/wp\/v2\/comments?post=80431"}],"version-history":[{"count":0,"href":"http:\/\/hoycordobaweb.com\/index.php\/wp-json\/wp\/v2\/posts\/80431\/revisions"}],"wp:featuredmedia":[{"embeddable":true,"href":"http:\/\/hoycordobaweb.com\/index.php\/wp-json\/wp\/v2\/media\/80432"}],"wp:attachment":[{"href":"http:\/\/hoycordobaweb.com\/index.php\/wp-json\/wp\/v2\/media?parent=80431"}],"wp:term":[{"taxonomy":"category","embeddable":true,"href":"http:\/\/hoycordobaweb.com\/index.php\/wp-json\/wp\/v2\/categories?post=80431"},{"taxonomy":"post_tag","embeddable":true,"href":"http:\/\/hoycordobaweb.com\/index.php\/wp-json\/wp\/v2\/tags?post=80431"}],"curies":[{"name":"wp","href":"https:\/\/api.w.org\/{rel}","templated":true}]}}