{"id":80429,"date":"2024-07-17T02:42:36","date_gmt":"2024-07-17T02:42:36","guid":{"rendered":"https:\/\/www.ole.com.ar\/futbol-internacional\/corinthians-ramon-diaz-debut-victoria-brasileirao_0_1JRQsyndm9.html"},"modified":"2024-07-17T02:42:36","modified_gmt":"2024-07-17T02:42:36","slug":"ramon-diaz-debuto-con-una-victoria-en-corinthians","status":"publish","type":"post","link":"http:\/\/hoycordobaweb.com\/index.php\/2024\/07\/17\/ramon-diaz-debuto-con-una-victoria-en-corinthians\/","title":{"rendered":"Ram\u00f3n D\u00edaz debut\u00f3 con una victoria en Corinthians"},"content":{"rendered":"<p><img src=\"http:\/\/hoycordobaweb.com\/wp-content\/uploads\/2024\/07\/ramon-diaz-debuto-con-una-victoria-en-corinthians.jpg\"><\/p>\n<p><time class=\"createDate\" datetime=\"2024-07-16T23:42:36-03:00\">16\/07\/2024 23:42hs.<\/time><\/p>\n<div id=\"storyBody\">\n<div class=\"custom-text \" readability=\"40\">\n<p>T\u00e9cnico que debuta, gana. Ram\u00f3n D\u00edaz empez\u00f3 con el pie derecho en Corinthians, al que intentar\u00e1 salvar del descenso (tal como hizo con Vasco da Gama en 2023). Por una nueva fecha del Brasileirao, <strong>el Timao se lo dio vuelta a Crici\u00fama por 2-1 y festej\u00f3 de local. Tres puntos fundamentales para empezar a escalar en la tabla. Rodrigo Garro, ex Talleres, fue titular.<\/strong><\/p>\n<\/div>\n<div class=\"custom-text \" readability=\"35\">\n<p>Claudinho puso el 1-0 para el visitante a los 41 minutos del primer tiempo. Pero ya en el ST, el due\u00f1o de casa golpe\u00f3 la pesa para revertir la historia. <strong>\u00c1ngel Romero (ex San Lorenzo) y Cac\u00e1 anotaron antes de los 17 minutos para as\u00ed estampar el 2-1 que seria definitivo.<\/strong><\/p>\n<\/div>\n<div class=\"sc-e7b891c4-0 jPbnQF\"><img alt=\"El festejo de Ram\u00f3n D\u00edaz.\" src=\"http:\/\/hoycordobaweb.com\/wp-content\/uploads\/2024\/07\/ramon-diaz-debuto-con-una-victoria-en-corinthians-2.jpg\" width=\"720\" height=\"100\" decoding=\"async\" data-nimg=\"future\" loading=\"lazy\"><span class=\"epigraphe\">El festejo de Ram\u00f3n D\u00edaz.<\/span><\/div>\n<div class=\"custom-text \" readability=\"41\">\n<p>Efusivo abrazo entre Ram\u00f3n y su hijo Emiliano al final del partido, con Garro junto a ellos. Festejo de ellos y de los torcedores en el Arena de San Pablo.<strong> As\u00ed, Corinthians lleg\u00f3 a los 15 puntos en 17 presentaciones e igual\u00f3, moment\u00e1neamente, la l\u00ednea de Vit\u00f3ria<\/strong>. Ojo, sigue en el puesto 17, en zona de descenso.<\/p>\n<\/div>\n<div class=\"sc-e7b891c4-0 jPbnQF\"><img alt=\"El festejo de Ram\u00f3n D\u00edaz.\" src=\"http:\/\/hoycordobaweb.com\/wp-content\/uploads\/2024\/07\/ramon-diaz-debuto-con-una-victoria-en-corinthians-3.jpg\" width=\"720\" height=\"100\" decoding=\"async\" data-nimg=\"future\" loading=\"lazy\"><span class=\"epigraphe\">El festejo de Ram\u00f3n D\u00edaz.<\/span><\/div>\n<div class=\"custom-text \" readability=\"33\">\n<p><strong>El pr\u00f3ximo domingo deber\u00e1n visitar a Bah\u00eda, cuarto con 30 puntos<\/strong>. Una parada de riesgo. <\/p>\n<\/div>\n<div class=\"sc-a7166897-0 exHLBh\" readability=\"6\">\n<section readability=\"2\"><picture><img alt=\"Central gan\u00f3 el primer chico ante Inter \" src=\"http:\/\/hoycordobaweb.com\/wp-content\/uploads\/2024\/07\/ramon-diaz-debuto-con-una-victoria-en-corinthians-4.jpg\" width=\"290\" height=\"290\" decoding=\"async\" data-nimg=\"future\" loading=\"lazy\"><\/picture>\n<p><span>Mir\u00e1 tambi\u00e9n<\/span><\/p>\n<hr>\n<h3>Central gan\u00f3 el primer chico ante Inter <\/h3>\n<\/p>\n<\/section>\n<\/div>\n<div class=\"sc-a7166897-0 exHLBh\" readability=\"6\">\n<section readability=\"2\"><picture><img alt=\"Gabigol otra vez suspendido: el TAS revoc\u00f3 el permiso\" src=\"http:\/\/hoycordobaweb.com\/wp-content\/uploads\/2024\/07\/ramon-diaz-debuto-con-una-victoria-en-corinthians-5.jpg\" width=\"290\" height=\"290\" decoding=\"async\" data-nimg=\"future\" loading=\"lazy\"><\/picture>\n<p><span>Mir\u00e1 tambi\u00e9n<\/span><\/p>\n<hr>\n<h3>Gabigol otra vez suspendido: el TAS revoc\u00f3 el permiso<\/h3>\n<\/p>\n<\/section>\n<\/div>\n<\/div>\n","protected":false},"excerpt":{"rendered":"<p>16\/07\/2024 23:42hs. T\u00e9cnico que debuta, gana. Ram\u00f3n D\u00edaz empez\u00f3 con el pie derecho en Corinthians, al que intentar\u00e1 salvar del descenso (tal como hizo con Vasco da Gama en 2023). Por una nueva fecha del Brasileirao, el Timao se lo dio vuelta a Crici\u00fama por 2-1 y festej\u00f3 de local. Tres puntos fundamentales para empezar [&hellip;]<\/p>\n","protected":false},"author":1,"featured_media":80430,"comment_status":"open","ping_status":"closed","sticky":false,"template":"","format":"standard","meta":[],"categories":[16],"tags":[],"_links":{"self":[{"href":"http:\/\/hoycordobaweb.com\/index.php\/wp-json\/wp\/v2\/posts\/80429"}],"collection":[{"href":"http:\/\/hoycordobaweb.com\/index.php\/wp-json\/wp\/v2\/posts"}],"about":[{"href":"http:\/\/hoycordobaweb.com\/index.php\/wp-json\/wp\/v2\/types\/post"}],"author":[{"embeddable":true,"href":"http:\/\/hoycordobaweb.com\/index.php\/wp-json\/wp\/v2\/users\/1"}],"replies":[{"embeddable":true,"href":"http:\/\/hoycordobaweb.com\/index.php\/wp-json\/wp\/v2\/comments?post=80429"}],"version-history":[{"count":0,"href":"http:\/\/hoycordobaweb.com\/index.php\/wp-json\/wp\/v2\/posts\/80429\/revisions"}],"wp:featuredmedia":[{"embeddable":true,"href":"http:\/\/hoycordobaweb.com\/index.php\/wp-json\/wp\/v2\/media\/80430"}],"wp:attachment":[{"href":"http:\/\/hoycordobaweb.com\/index.php\/wp-json\/wp\/v2\/media?parent=80429"}],"wp:term":[{"taxonomy":"category","embeddable":true,"href":"http:\/\/hoycordobaweb.com\/index.php\/wp-json\/wp\/v2\/categories?post=80429"},{"taxonomy":"post_tag","embeddable":true,"href":"http:\/\/hoycordobaweb.com\/index.php\/wp-json\/wp\/v2\/tags?post=80429"}],"curies":[{"name":"wp","href":"https:\/\/api.w.org\/{rel}","templated":true}]}}