{"id":80424,"date":"2024-07-17T00:47:43","date_gmt":"2024-07-17T00:47:43","guid":{"rendered":"http:\/\/hoycordobaweb.com\/index.php\/2024\/07\/17\/lo-queria-colo-colo-seleccionado-chileno-parte-al-futbol-argentino-deportes-la-cuarta\/"},"modified":"2024-07-17T00:47:43","modified_gmt":"2024-07-17T00:47:43","slug":"lo-queria-colo-colo-seleccionado-chileno-parte-al-futbol-argentino-deportes-la-cuarta","status":"publish","type":"post","link":"http:\/\/hoycordobaweb.com\/index.php\/2024\/07\/17\/lo-queria-colo-colo-seleccionado-chileno-parte-al-futbol-argentino-deportes-la-cuarta\/","title":{"rendered":"Lo quer\u00eda Colo Colo: seleccionado chileno parte al <b>f\u00fatbol argentino<\/b> | Deportes &#8211; La Cuarta"},"content":{"rendered":"<p>Defensor de La Roja pasar\u00e1 a jugar en el <b>f\u00fatbol argentino<\/b>, pese a haber inter\u00e9s de Colo Colo y la \u201cU\u201d. <\/p>\n","protected":false},"excerpt":{"rendered":"<p>Defensor de La Roja pasar\u00e1 a jugar en el f\u00fatbol argentino, pese a haber inter\u00e9s de Colo Colo y la \u201cU\u201d.<\/p>\n","protected":false},"author":1,"featured_media":0,"comment_status":"closed","ping_status":"closed","sticky":false,"template":"","format":"standard","meta":[],"categories":[22],"tags":[],"_links":{"self":[{"href":"http:\/\/hoycordobaweb.com\/index.php\/wp-json\/wp\/v2\/posts\/80424"}],"collection":[{"href":"http:\/\/hoycordobaweb.com\/index.php\/wp-json\/wp\/v2\/posts"}],"about":[{"href":"http:\/\/hoycordobaweb.com\/index.php\/wp-json\/wp\/v2\/types\/post"}],"author":[{"embeddable":true,"href":"http:\/\/hoycordobaweb.com\/index.php\/wp-json\/wp\/v2\/users\/1"}],"replies":[{"embeddable":true,"href":"http:\/\/hoycordobaweb.com\/index.php\/wp-json\/wp\/v2\/comments?post=80424"}],"version-history":[{"count":0,"href":"http:\/\/hoycordobaweb.com\/index.php\/wp-json\/wp\/v2\/posts\/80424\/revisions"}],"wp:attachment":[{"href":"http:\/\/hoycordobaweb.com\/index.php\/wp-json\/wp\/v2\/media?parent=80424"}],"wp:term":[{"taxonomy":"category","embeddable":true,"href":"http:\/\/hoycordobaweb.com\/index.php\/wp-json\/wp\/v2\/categories?post=80424"},{"taxonomy":"post_tag","embeddable":true,"href":"http:\/\/hoycordobaweb.com\/index.php\/wp-json\/wp\/v2\/tags?post=80424"}],"curies":[{"name":"wp","href":"https:\/\/api.w.org\/{rel}","templated":true}]}}