{"id":80423,"date":"2024-07-17T00:51:41","date_gmt":"2024-07-17T00:51:41","guid":{"rendered":"http:\/\/hoycordobaweb.com\/index.php\/2024\/07\/17\/la-federacion-francesa-reclamara-ante-la-fifa-por-cantos-racistas-de-los-jugadores-argentinos\/"},"modified":"2024-07-17T00:51:41","modified_gmt":"2024-07-17T00:51:41","slug":"la-federacion-francesa-reclamara-ante-la-fifa-por-cantos-racistas-de-los-jugadores-argentinos","status":"publish","type":"post","link":"http:\/\/hoycordobaweb.com\/index.php\/2024\/07\/17\/la-federacion-francesa-reclamara-ante-la-fifa-por-cantos-racistas-de-los-jugadores-argentinos\/","title":{"rendered":"La Federaci\u00f3n Francesa reclamar\u00e1 ante la FIFA por cantos racistas de los jugadores <b>argentinos<\/b>"},"content":{"rendered":"<p>El diario Liberation titul\u00f3 su nota sobre el tema: \u201cLa selecci\u00f3n <b>argentina<\/b> de <b>f\u00fatbol<\/b> canta una canci\u00f3n racista contra Les Bleus\u201d. El posteo de la&nbsp;&#8230; <\/p>\n","protected":false},"excerpt":{"rendered":"<p>El diario Liberation titul\u00f3 su nota sobre el tema: \u201cLa selecci\u00f3n argentina de f\u00fatbol canta una canci\u00f3n racista contra Les Bleus\u201d. El posteo de la&nbsp;&#8230;<\/p>\n","protected":false},"author":1,"featured_media":0,"comment_status":"closed","ping_status":"closed","sticky":false,"template":"","format":"standard","meta":[],"categories":[22],"tags":[],"_links":{"self":[{"href":"http:\/\/hoycordobaweb.com\/index.php\/wp-json\/wp\/v2\/posts\/80423"}],"collection":[{"href":"http:\/\/hoycordobaweb.com\/index.php\/wp-json\/wp\/v2\/posts"}],"about":[{"href":"http:\/\/hoycordobaweb.com\/index.php\/wp-json\/wp\/v2\/types\/post"}],"author":[{"embeddable":true,"href":"http:\/\/hoycordobaweb.com\/index.php\/wp-json\/wp\/v2\/users\/1"}],"replies":[{"embeddable":true,"href":"http:\/\/hoycordobaweb.com\/index.php\/wp-json\/wp\/v2\/comments?post=80423"}],"version-history":[{"count":0,"href":"http:\/\/hoycordobaweb.com\/index.php\/wp-json\/wp\/v2\/posts\/80423\/revisions"}],"wp:attachment":[{"href":"http:\/\/hoycordobaweb.com\/index.php\/wp-json\/wp\/v2\/media?parent=80423"}],"wp:term":[{"taxonomy":"category","embeddable":true,"href":"http:\/\/hoycordobaweb.com\/index.php\/wp-json\/wp\/v2\/categories?post=80423"},{"taxonomy":"post_tag","embeddable":true,"href":"http:\/\/hoycordobaweb.com\/index.php\/wp-json\/wp\/v2\/tags?post=80423"}],"curies":[{"name":"wp","href":"https:\/\/api.w.org\/{rel}","templated":true}]}}