{"id":80377,"date":"2024-07-15T19:23:00","date_gmt":"2024-07-15T19:23:00","guid":{"rendered":"https:\/\/fm-comunicar.com.ar\/contenido\/22109\/vuelve-la-fiesta-de-las-comidas-tipicas-y-con-el-formato-de-carpa-en-la-plaza"},"modified":"2024-07-15T19:23:00","modified_gmt":"2024-07-15T19:23:00","slug":"vuelve-la-fiesta-de-las-comidas-tipicas-y-con-el-formato-de-carpa-en-la-plaza","status":"publish","type":"post","link":"http:\/\/hoycordobaweb.com\/index.php\/2024\/07\/15\/vuelve-la-fiesta-de-las-comidas-tipicas-y-con-el-formato-de-carpa-en-la-plaza\/","title":{"rendered":"Vuelve la Fiesta de las Comidas T\u00edpicas y con el formato de carpa en la plaza"},"content":{"rendered":"<p>Tras cinco a\u00f1os sin organizarse, el evento recuperar\u00e1 la identidad de sus primeras ediciones. Ser\u00e1 el s\u00e1bado 17 y domingo 18 de agosto en el centro de Colonia Caroya.<img src=\"http:\/\/hoycordobaweb.com\/wp-content\/uploads\/2024\/07\/vuelve-la-fiesta-de-las-comidas-tipicas-y-con-el-formato-de-carpa-en-la-plaza.jpg\"><\/p>\n","protected":false},"excerpt":{"rendered":"<p>Tras cinco a\u00f1os sin organizarse, el evento recuperar\u00e1 la identidad de sus primeras ediciones. Ser\u00e1 el s\u00e1bado 17 y domingo 18 de agosto en el centro de Colonia Caroya.<\/p>\n","protected":false},"author":1,"featured_media":80378,"comment_status":"closed","ping_status":"closed","sticky":false,"template":"","format":"standard","meta":[],"categories":[18],"tags":[],"_links":{"self":[{"href":"http:\/\/hoycordobaweb.com\/index.php\/wp-json\/wp\/v2\/posts\/80377"}],"collection":[{"href":"http:\/\/hoycordobaweb.com\/index.php\/wp-json\/wp\/v2\/posts"}],"about":[{"href":"http:\/\/hoycordobaweb.com\/index.php\/wp-json\/wp\/v2\/types\/post"}],"author":[{"embeddable":true,"href":"http:\/\/hoycordobaweb.com\/index.php\/wp-json\/wp\/v2\/users\/1"}],"replies":[{"embeddable":true,"href":"http:\/\/hoycordobaweb.com\/index.php\/wp-json\/wp\/v2\/comments?post=80377"}],"version-history":[{"count":0,"href":"http:\/\/hoycordobaweb.com\/index.php\/wp-json\/wp\/v2\/posts\/80377\/revisions"}],"wp:featuredmedia":[{"embeddable":true,"href":"http:\/\/hoycordobaweb.com\/index.php\/wp-json\/wp\/v2\/media\/80378"}],"wp:attachment":[{"href":"http:\/\/hoycordobaweb.com\/index.php\/wp-json\/wp\/v2\/media?parent=80377"}],"wp:term":[{"taxonomy":"category","embeddable":true,"href":"http:\/\/hoycordobaweb.com\/index.php\/wp-json\/wp\/v2\/categories?post=80377"},{"taxonomy":"post_tag","embeddable":true,"href":"http:\/\/hoycordobaweb.com\/index.php\/wp-json\/wp\/v2\/tags?post=80377"}],"curies":[{"name":"wp","href":"https:\/\/api.w.org\/{rel}","templated":true}]}}