{"id":80324,"date":"2024-07-12T13:22:54","date_gmt":"2024-07-12T13:22:54","guid":{"rendered":"https:\/\/ambiente.cba.gov.ar\/?p=23662"},"modified":"2024-07-12T13:22:54","modified_gmt":"2024-07-12T13:22:54","slug":"cordoba-participo-de-la-primera-reunion-de-la-comision-de-bosques-nativos-del-cofema","status":"publish","type":"post","link":"http:\/\/hoycordobaweb.com\/index.php\/2024\/07\/12\/cordoba-participo-de-la-primera-reunion-de-la-comision-de-bosques-nativos-del-cofema\/","title":{"rendered":"C\u00f3rdoba particip\u00f3 de la primera reuni\u00f3n de la Comisi\u00f3n de Bosques Nativos del COFEMA"},"content":{"rendered":"<div><img src=\"http:\/\/hoycordobaweb.com\/wp-content\/uploads\/2024\/07\/cordoba-participo-de-la-primera-reunion-de-la-comision-de-bosques-nativos-del-cofema.jpg\" class=\"ff-og-image-inserted\"><\/div>\n<div class=\"elementor-widget-container\" readability=\"27\">\n<ul class=\" eplus-wrapper eplus-styles-uid-f56321\">\n<li class=\" eplus-wrapper\"><strong>El encuentro tuvo como objetivo principal abordar los puntos centrales de la \u201cLey de Bosques\u201d.<\/strong><\/li>\n<\/ul>\n<p class=\" eplus-wrapper\">El Ministerio de Ambiente y Econom\u00eda Circular del Gobierno de C\u00f3rdoba, estuvo presente en la primera reuni\u00f3n de la Comisi\u00f3n de Bosques Nativos del Consejo Federal de Medio Ambiente (COFEMA) que se realiz\u00f3 el pasado 2 de julio en la ciudad de Buenos Aires.<\/p>\n<p class=\" eplus-wrapper\">El encuentro tuvo como objetivo principal abordar los puntos centrales y el estado de la Ley 26.331 de Presupuestos M\u00ednimos de Protecci\u00f3n Ambiental de los Bosques Nativos, conocida como Ley de Bosques.<\/p>\n<p class=\" eplus-wrapper\">En relaci\u00f3n a la distribuci\u00f3n de fondos de la convocatoria 2024, se acord\u00f3 un texto de resoluci\u00f3n que ser\u00e1 analizada por la Asamblea en la pr\u00f3xima sesi\u00f3n programada para a principios de agosto. Dicha resoluci\u00f3n contiene la distribuci\u00f3n de estos fondos que permite que aquellas provincias que est\u00e9n en condiciones puedan lanzar la nueva convocatoria.<\/p>\n<p class=\" eplus-wrapper\">Adem\u00e1s, se brind\u00f3 informaci\u00f3n sobre el Pago por Resultados REDD+ del Fondo Verde para el Clima.<\/p>\n<p class=\" eplus-wrapper\">Entre los principales proyectos que participan de este programa, se destac\u00f3 la importancia de optimizar los planes de manejo y conservaci\u00f3n de bosques nativos, la implementaci\u00f3n de manejo de bosques con Ganader\u00eda Integrada, cuencas forestales y los proyectos de integraci\u00f3n comunitaria.<\/p>\n<p class=\" eplus-wrapper\">El encuentro cont\u00f3 con la presencia del secretario de Turismo, Ambiente y Deportes, Daniel Scioli; la subsecretaria de Ambiente, Dra. Ana Lamas; y el director de Bosques de la Subsecretar\u00eda de Ambiente, Ing. Octavio P\u00e9rez Pardo y de representantes provinciales de organismos vinculados con los bosques.<\/p>\n<p class=\" eplus-wrapper\">En representaci\u00f3n de C\u00f3rdoba, particip\u00f3 Sebasti\u00e1n Jara, Director del \u00e1rea Bosques del Ministerio de Ambiente y Econom\u00eda Circular.<\/p>\n<p class=\" eplus-wrapper\">Cabe destacar que el COFEMA es un \u00e1mbito de concertaci\u00f3n de pol\u00edticas ambientales en el que participan Naci\u00f3n, provincias y la Ciudad Aut\u00f3noma de Buenos Aires, con el objetivo principal de coadyuvar a la generaci\u00f3n de una pol\u00edtica ambiental de integraci\u00f3n entre las provincias y el gobierno federal.<\/p>\n<\/p><\/div>\n","protected":false},"excerpt":{"rendered":"<p>El encuentro tuvo como objetivo principal abordar los puntos centrales de la \u201cLey de Bosques\u201d. El Ministerio de Ambiente y Econom\u00eda Circular del Gobierno de C\u00f3rdoba, estuvo presente en la primera reuni\u00f3n de la Comisi\u00f3n de Bosques Nativos del Consejo Federal de Medio Ambiente (COFEMA) que se realiz\u00f3 el pasado 2 de julio en la [&hellip;]<\/p>\n","protected":false},"author":1,"featured_media":80325,"comment_status":"closed","ping_status":"closed","sticky":false,"template":"","format":"standard","meta":[],"categories":[2,19],"tags":[],"_links":{"self":[{"href":"http:\/\/hoycordobaweb.com\/index.php\/wp-json\/wp\/v2\/posts\/80324"}],"collection":[{"href":"http:\/\/hoycordobaweb.com\/index.php\/wp-json\/wp\/v2\/posts"}],"about":[{"href":"http:\/\/hoycordobaweb.com\/index.php\/wp-json\/wp\/v2\/types\/post"}],"author":[{"embeddable":true,"href":"http:\/\/hoycordobaweb.com\/index.php\/wp-json\/wp\/v2\/users\/1"}],"replies":[{"embeddable":true,"href":"http:\/\/hoycordobaweb.com\/index.php\/wp-json\/wp\/v2\/comments?post=80324"}],"version-history":[{"count":0,"href":"http:\/\/hoycordobaweb.com\/index.php\/wp-json\/wp\/v2\/posts\/80324\/revisions"}],"wp:featuredmedia":[{"embeddable":true,"href":"http:\/\/hoycordobaweb.com\/index.php\/wp-json\/wp\/v2\/media\/80325"}],"wp:attachment":[{"href":"http:\/\/hoycordobaweb.com\/index.php\/wp-json\/wp\/v2\/media?parent=80324"}],"wp:term":[{"taxonomy":"category","embeddable":true,"href":"http:\/\/hoycordobaweb.com\/index.php\/wp-json\/wp\/v2\/categories?post=80324"},{"taxonomy":"post_tag","embeddable":true,"href":"http:\/\/hoycordobaweb.com\/index.php\/wp-json\/wp\/v2\/tags?post=80324"}],"curies":[{"name":"wp","href":"https:\/\/api.w.org\/{rel}","templated":true}]}}