{"id":80310,"date":"2024-07-13T20:27:42","date_gmt":"2024-07-13T20:27:42","guid":{"rendered":"https:\/\/www.ole.com.ar\/futbol-internacional\/harry-kane-maldicion-cambiaria-ganar-titulo-inglaterra_0_44cvl46F50.html"},"modified":"2024-07-13T20:27:42","modified_gmt":"2024-07-13T20:27:42","slug":"harry-kane-hablo-de-su-maldicion-cambiaria-todo-en-mi-carrera-por-ganar-el-titulo","status":"publish","type":"post","link":"http:\/\/hoycordobaweb.com\/index.php\/2024\/07\/13\/harry-kane-hablo-de-su-maldicion-cambiaria-todo-en-mi-carrera-por-ganar-el-titulo\/","title":{"rendered":"Harry Kane habl\u00f3 de su maldici\u00f3n: \u00abCambiar\u00eda todo en mi carrera por ganar el t\u00edtulo\u00bb"},"content":{"rendered":"<p><img src=\"http:\/\/hoycordobaweb.com\/wp-content\/uploads\/2024\/07\/harry-kane-hablo-de-su-maldicion-cambiaria-todo-en-mi-carrera-por-ganar-el-titulo.jpg\"><\/p>\n<p><time class=\"createDate\" datetime=\"2024-07-13T17:27:42-03:00\">13\/07\/2024 20:27hs.<\/time><\/p>\n<div id=\"storyBody\">\n<div class=\"custom-text \" readability=\"33.690773067332\">\n<p><strong>Espa\u00f1a e Inglaterra este domingo definen al nuevo campe\u00f3n de la Eurocopa.<\/strong> En Berl\u00edn los ingleses van por algo hist\u00f3rico porque significar\u00eda conseguirla por primera vez y ponerle fin a una sequ\u00eda de 58 a\u00f1os desde su \u00fanica Copa del Mundo ganada en 1966. Pero tambi\u00e9n <strong>podr\u00eda significar que uno de los mejores delanteros de los \u00faltimos a\u00f1os consiga su primera vuelta ol\u00edmpica <a href=\"https:\/\/www.ole.com.ar\/futbol-internacional\/maldicon-buscara-romper-harry-kane-inglaterra-eurocopa_0_La9ho33ZtA.html\" target=\"_blank\" title=\"como Harry Kane\" alt=\"como Harry Kane\" rel=\"noopener noreferrer\">como Harry Kane<\/a>.<\/strong><\/p>\n<\/div>\n<div class=\"custom-text \" readability=\"37\">\n<p><strong>\u00abNo es ning\u00fan secreto que nunca gan\u00e9 un trofeo de equipo y cada a\u00f1o que pasa estoy m\u00e1s motivado para cambiarlo\u00bb<\/strong>, dijo el propio capit\u00e1n ingl\u00e9s este s\u00e1bado en conferencia. <strong>\u00abTengo la oportunidad de ganar uno de los t\u00edtulos m\u00e1s importantes que se puedan ganar<\/strong> y hacer historia con mi naci\u00f3n\u00bb, agreg\u00f3.<\/p>\n<\/div>\n<div class=\"custom-text \" readability=\"34\">\n<p>Y expres\u00f3 su deseo de poder levantar la Euro. <strong>\u00abSin duda cambiar\u00eda todo lo que he hecho en mi carrera por tener una noche especial y una victoria. Significar\u00eda todo.<\/strong> Ser\u00eda la sensaci\u00f3n m\u00e1s incre\u00edble como futbolista profesional y estoy seguro de que tambi\u00e9n para los aficionados\u00bb.<\/p>\n<\/div>\n<div class=\"custom-text \" readability=\"37\">\n<p><strong>A dos semanas de cumplir 31 a\u00f1os, Harry carga sobre sus hombros el no haber podido ser campe\u00f3n.<\/strong> Una maldici\u00f3n en la que tiene cinco finales perdidas: tres con el Tottenham (dos en Copa de la Liga y una de Champions), una con el Bayern (una Supercopa) y <strong>una con Inglaterra (la final de la Euro 2021). <\/strong><\/p>\n<\/div>\n<div class=\"sc-e7b891c4-0 jPbnQF\"><img alt=\"Harry viene de convertir de penal ante Pa\u00edses Bajos en la semi (AP).\" src=\"http:\/\/hoycordobaweb.com\/wp-content\/uploads\/2024\/07\/harry-kane-hablo-de-su-maldicion-cambiaria-todo-en-mi-carrera-por-ganar-el-titulo-2.jpg\" width=\"720\" height=\"100\" decoding=\"async\" data-nimg=\"future\" loading=\"lazy\"><span class=\"epigraphe\">Harry viene de convertir de penal ante Pa\u00edses Bajos en la semi (AP).<\/span><\/div>\n<p><h2><strong>El deseo de cambiar el recuerdo de la \u00faltima final de Euro<\/strong><\/h2>\n<\/p>\n<div class=\"custom-text \" readability=\"36\">\n<p><strong>Esa \u00faltima record\u00f3 Kane por lo que signific\u00f3 para \u00e9l<\/strong>. \u00abFue un final y un golpe duro lo de la \u00faltima Euro vs. Italia y por eso tenemos esa hambra y fuego extra para que esta vez salga como queremos sabiendo que ser\u00e1 un encuentro dif\u00edcil\u00bb, explic\u00f3 tambi\u00e9n respetando al dif\u00edcil rival que enfrentar\u00e1 Espa\u00f1a.<\/p>\n<\/div>\n<div class=\"sc-e7b891c4-0 jPbnQF\"><img alt=\"El lamento tras caer ante Italia en la final del 2021 (AFP).\" src=\"http:\/\/hoycordobaweb.com\/wp-content\/uploads\/2024\/07\/harry-kane-hablo-de-su-maldicion-cambiaria-todo-en-mi-carrera-por-ganar-el-titulo-3.jpg\" width=\"720\" height=\"100\" decoding=\"async\" data-nimg=\"future\" loading=\"lazy\"><span class=\"epigraphe\">El lamento tras caer ante Italia en la final del 2021 (AFP).<\/span><\/div>\n<div class=\"custom-text \" readability=\"39\">\n<p>Y m\u00e1s all\u00e1 de la presi\u00f3n que hay sobre el DT Gareth Southgate y toda Inglaterra, lo ve como algo positivo. \u00abS\u00e9 lo que significar\u00eda para m\u00ed y s\u00e9 lo que significar\u00eda para nuestro pa\u00eds si gan\u00e1ramos la final, lo usamos de motivaci\u00f3n\u00bb. Adem\u00e1s, <strong>un mensaje final: \u00abLo hemos hecho fant\u00e1sticamente en muchos torneos, pero ahora es el momento de dar el salto y tenemos esa oportunidad\u00bb.<\/strong><\/p>\n<\/div>\n<div class=\"custom-text \" readability=\"38\">\n<p><strong>Si bien no se mostr\u00f3 al mismo nivel que en el Bayern Munich, Kane es uno de los goleadores de esta Eurocopa con tres tantos<\/strong>, tambi\u00e9n junto con el espa\u00f1ol Dani Olmo con el que comparte un detalle: una final perdida. En su primer partido en el conjunto b\u00e1varo, Kane debut\u00f3 en la definici\u00f3n de la Supercopa de Alemania con un 0-3 vs. el RB Leipzig por un \u00a1hat-trick de Olmo!<\/p>\n<\/div>\n<div class=\"sc-e7b891c4-0 jPbnQF\"><img alt=\"En el Bayern tuvo una temporada tremenda, pero debut\u00f3 perdiendo una final (AFP).\" src=\"http:\/\/hoycordobaweb.com\/wp-content\/uploads\/2024\/07\/harry-kane-hablo-de-su-maldicion-cambiaria-todo-en-mi-carrera-por-ganar-el-titulo-4.jpg\" width=\"720\" height=\"100\" decoding=\"async\" data-nimg=\"future\" loading=\"lazy\"><span class=\"epigraphe\">En el Bayern tuvo una temporada tremenda, pero debut\u00f3 perdiendo una final (AFP).<\/span><\/div>\n<div class=\"custom-text \" readability=\"37\">\n<p><strong>Una historia curiosa para un futbolista que individualmente lleg\u00f3 a sumar muchos premios<\/strong>: ser goleador de la Premier, la Bundesliga, la Champions, del Mundial y flamante Bot\u00edn de Oro por sus 44 goles en 45 partidos en la \u00faltima temporada en el Bayern. <\/p>\n<\/div>\n<div class=\"custom-text \" readability=\"37\">\n<p><strong>Este domingo Berl\u00edn se terminar\u00e1 de definir todo. <\/strong>Si Espa\u00f1a vuelve a demostrar su nivel futbol\u00edstico de ser el mejor del torneo o si Inglaterra corta todas sus rachas y por fin se consagra para quedar en la historia. Nadie m\u00e1s que <strong>Harry Kane, capit\u00e1n y m\u00e1ximo goleador de ese seleccionado con 66<\/strong>, quieren conseguir.<strong> La gran oportunidad para dejar atr\u00e1s esa eterna maldici\u00f3n&#8230;<\/strong><\/p>\n<\/div>\n<div type=\"embed\" class=\"sc-3f46f5ae-0 djVTgz\">\n<div class=\"sc-3f46f5ae-1 fTjZec videoText\" id=\"contentTitleembedFr53gnzl\" type=\"embed\" readability=\"56\"><svg fill=\"#ffffff\"><symbol id=\"play\" viewBox=\"0 0 512 512\"><path d=\"M512 256C512 397.4 397.4 512 256 512C114.6 512 0 397.4 0 256C0 114.6 114.6 0 256 0C397.4 0 512 114.6 512 256zM176 168V344C176 352.7 180.7 360.7 188.3 364.9C195.8 369.2 205.1 369 212.5 364.5L356.5 276.5C363.6 272.1 368 264.4 368 256C368 247.6 363.6 239.9 356.5 235.5L212.5 147.5C205.1 142.1 195.8 142.8 188.3 147.1C180.7 151.3 176 159.3 176 168V168z\" \/><\/symbol><use xlink:href=\"#play\" \/><\/svg><\/p>\n<div class=\"right\" readability=\"7\">\n<p>Selecci\u00f3n de Inglaterra<!-- --> &#8211;<!-- --> <span>&nbsp;<\/span><\/p>\n<h2 class=\"title-vid\">Inglaterra le gan\u00f3 sobre la hora a Pa\u00edses Bajos y se meti\u00f3 en la final de la Eurocopa 2024<\/h2>\n<\/div>\n<\/div>\n<p><span class=\"back\" id=\"spanBackembedFr53gnzl\"><\/span><\/div>\n<div type=\"embed\" class=\"sc-3f46f5ae-0 djVTgz\">\n<div class=\"sc-3f46f5ae-1 fTjZec videoText\" id=\"contentTitleembed0csQRx0P\" type=\"embed\" readability=\"56\"><svg fill=\"#ffffff\"><symbol id=\"play\" viewBox=\"0 0 512 512\"><path d=\"M512 256C512 397.4 397.4 512 256 512C114.6 512 0 397.4 0 256C0 114.6 114.6 0 256 0C397.4 0 512 114.6 512 256zM176 168V344C176 352.7 180.7 360.7 188.3 364.9C195.8 369.2 205.1 369 212.5 364.5L356.5 276.5C363.6 272.1 368 264.4 368 256C368 247.6 363.6 239.9 356.5 235.5L212.5 147.5C205.1 142.1 195.8 142.8 188.3 147.1C180.7 151.3 176 159.3 176 168V168z\" \/><\/symbol><use xlink:href=\"#play\" \/><\/svg><\/p>\n<div class=\"right\" readability=\"7\">\n<p>Selecci\u00f3n de Inglaterra<!-- --> &#8211;<!-- --> <span>&nbsp;<\/span><\/p>\n<h2 class=\"title-vid\">Harry Kane igual\u00f3 el partido de penal<\/h2>\n<\/div>\n<\/div>\n<p><span class=\"back\" id=\"spanBackembed0csQRx0P\"><\/span><\/div>\n<div class=\"sc-a7166897-0 exHLBh\" readability=\"6\">\n<section readability=\"2\"><picture><img alt=\"El jugador amuleto de Espa\u00f1a y candidato a uno de los mejores de la Eurocopa \" src=\"http:\/\/hoycordobaweb.com\/wp-content\/uploads\/2024\/07\/harry-kane-hablo-de-su-maldicion-cambiaria-todo-en-mi-carrera-por-ganar-el-titulo-5.jpg\" width=\"290\" height=\"290\" decoding=\"async\" data-nimg=\"future\" loading=\"lazy\"><\/picture>\n<p><span>Mir\u00e1 tambi\u00e9n<\/span><\/p>\n<hr>\n<h3>El jugador amuleto de Espa\u00f1a y candidato a uno de los mejores de la Eurocopa<br \/>\n<\/h3>\n<\/p>\n<\/section>\n<\/div>\n<div class=\"sc-a7166897-0 exHLBh\" readability=\"6\">\n<section readability=\"2\"><picture><img alt=\"La maldici\u00f3n que buscar\u00e1 romper Harry Kane en la final de la Eurocopa\" src=\"http:\/\/hoycordobaweb.com\/wp-content\/uploads\/2024\/07\/harry-kane-hablo-de-su-maldicion-cambiaria-todo-en-mi-carrera-por-ganar-el-titulo-6.jpg\" width=\"290\" height=\"290\" decoding=\"async\" data-nimg=\"future\" loading=\"lazy\"><\/picture>\n<p><span>Mir\u00e1 tambi\u00e9n<\/span><\/p>\n<hr>\n<h3>La maldici\u00f3n que buscar\u00e1 romper Harry Kane en la final de la Eurocopa<\/h3>\n<\/p>\n<\/section>\n<\/div>\n<div class=\"sc-a7166897-0 exHLBh\" readability=\"6.5\">\n<section readability=\"3\"><picture><img alt=\"Di Mar\u00eda y su despedida: &quot;Me duele porque la Selecci\u00f3n es donde me siento m\u00e1s feliz&quot;\" src=\"http:\/\/hoycordobaweb.com\/wp-content\/uploads\/2024\/07\/harry-kane-hablo-de-su-maldicion-cambiaria-todo-en-mi-carrera-por-ganar-el-titulo-7.jpg\" width=\"290\" height=\"290\" decoding=\"async\" data-nimg=\"future\" loading=\"lazy\"><\/picture>\n<p><span>Mir\u00e1 tambi\u00e9n<\/span><\/p>\n<hr>\n<h3>Di Mar\u00eda y su despedida: \u00abMe duele porque la Selecci\u00f3n es donde me siento m\u00e1s feliz\u00bb<\/h3>\n<\/p>\n<\/section>\n<\/div>\n<div class=\"sc-a7166897-0 exHLBh\" readability=\"6\">\n<section readability=\"2\"><picture><img alt=\"Alvaro Morata y un peligro de &quot;mufa&quot; con Carlos Alcaraz\" src=\"http:\/\/hoycordobaweb.com\/wp-content\/uploads\/2024\/07\/harry-kane-hablo-de-su-maldicion-cambiaria-todo-en-mi-carrera-por-ganar-el-titulo-8.jpg\" width=\"290\" height=\"290\" decoding=\"async\" data-nimg=\"future\" loading=\"lazy\"><\/picture>\n<p><span>Mir\u00e1 tambi\u00e9n<\/span><\/p>\n<hr>\n<h3>Alvaro Morata y un peligro de \u00abmufa\u00bb con Carlos Alcaraz<\/h3>\n<\/p>\n<\/section>\n<\/div>\n<div class=\"sc-a7166897-0 exHLBh\" readability=\"6\">\n<section readability=\"2\"><picture><img alt=\"El pr\u00edncipe de Gales se meti\u00f3 de lleno en la final de la Eurocopa\" src=\"http:\/\/hoycordobaweb.com\/wp-content\/uploads\/2024\/07\/harry-kane-hablo-de-su-maldicion-cambiaria-todo-en-mi-carrera-por-ganar-el-titulo-9.jpg\" width=\"290\" height=\"290\" decoding=\"async\" data-nimg=\"future\" loading=\"lazy\"><\/picture>\n<p><span>Mir\u00e1 tambi\u00e9n<\/span><\/p>\n<hr>\n<h3>El pr\u00edncipe de Gales se meti\u00f3 de lleno en la final de la Eurocopa<\/h3>\n<\/p>\n<\/section>\n<\/div>\n<\/div>\n","protected":false},"excerpt":{"rendered":"<p>13\/07\/2024 20:27hs. Espa\u00f1a e Inglaterra este domingo definen al nuevo campe\u00f3n de la Eurocopa. En Berl\u00edn los ingleses van por algo hist\u00f3rico porque significar\u00eda conseguirla por primera vez y ponerle fin a una sequ\u00eda de 58 a\u00f1os desde su \u00fanica Copa del Mundo ganada en 1966. Pero tambi\u00e9n podr\u00eda significar que uno de los mejores [&hellip;]<\/p>\n","protected":false},"author":1,"featured_media":80311,"comment_status":"open","ping_status":"closed","sticky":false,"template":"","format":"standard","meta":[],"categories":[16],"tags":[],"_links":{"self":[{"href":"http:\/\/hoycordobaweb.com\/index.php\/wp-json\/wp\/v2\/posts\/80310"}],"collection":[{"href":"http:\/\/hoycordobaweb.com\/index.php\/wp-json\/wp\/v2\/posts"}],"about":[{"href":"http:\/\/hoycordobaweb.com\/index.php\/wp-json\/wp\/v2\/types\/post"}],"author":[{"embeddable":true,"href":"http:\/\/hoycordobaweb.com\/index.php\/wp-json\/wp\/v2\/users\/1"}],"replies":[{"embeddable":true,"href":"http:\/\/hoycordobaweb.com\/index.php\/wp-json\/wp\/v2\/comments?post=80310"}],"version-history":[{"count":0,"href":"http:\/\/hoycordobaweb.com\/index.php\/wp-json\/wp\/v2\/posts\/80310\/revisions"}],"wp:featuredmedia":[{"embeddable":true,"href":"http:\/\/hoycordobaweb.com\/index.php\/wp-json\/wp\/v2\/media\/80311"}],"wp:attachment":[{"href":"http:\/\/hoycordobaweb.com\/index.php\/wp-json\/wp\/v2\/media?parent=80310"}],"wp:term":[{"taxonomy":"category","embeddable":true,"href":"http:\/\/hoycordobaweb.com\/index.php\/wp-json\/wp\/v2\/categories?post=80310"},{"taxonomy":"post_tag","embeddable":true,"href":"http:\/\/hoycordobaweb.com\/index.php\/wp-json\/wp\/v2\/tags?post=80310"}],"curies":[{"name":"wp","href":"https:\/\/api.w.org\/{rel}","templated":true}]}}