{"id":80279,"date":"2024-07-13T14:00:44","date_gmt":"2024-07-13T14:00:44","guid":{"rendered":"https:\/\/www.trendencias.com\/zapatos-mujer\/sandalias-negras-tacon-sensato-rebajas-gioseppo-que-aman-invitadas-boda-verano"},"modified":"2024-07-13T14:00:44","modified_gmt":"2024-07-13T14:00:44","slug":"las-sandalias-negras-de-tacon-sensato-en-rebajas-de-gioseppo-que-aman-las-invitadas-de-boda-de-verano","status":"publish","type":"post","link":"http:\/\/hoycordobaweb.com\/index.php\/2024\/07\/13\/las-sandalias-negras-de-tacon-sensato-en-rebajas-de-gioseppo-que-aman-las-invitadas-de-boda-de-verano\/","title":{"rendered":"Las sandalias negras de tac\u00f3n sensato en rebajas de Gioseppo que aman las invitadas de boda de verano"},"content":{"rendered":"<p>La colecci\u00f3n de verano 2024 de <strong>Gioseppo<\/strong> nos fascina. Hay calzado para todos los gustos, dise\u00f1os de todos los estilos, colores y alturas. Modelos ideales para lucir durante todo el verano, y con la llegada del calor queremos lucir c\u00f3modas, con dise\u00f1os bonitos y a ser posible de tendencia.<\/p>\n<p><!-- BREAK 1 --> <\/p>\n<p>Y en las<strong> rebajas<\/strong> me quedo con este modelo de piel en color negro que combina con todo mi armario de verano.<\/p>\n<div class=\"article-asset article-asset-normal article-asset-center\">\n<div class=\"desvio-container\">\n<div class=\"desvio\">\n<div class=\"desvio-figure js-desvio-figure\"> <a href=\"https:\/\/www.trendencias.com\/zapatos-mujer\/estas-sandalias-planas-preferidas-elsa-pataky-gioseppo-asi-llamativas\"> <img loading=\"lazy\" alt=\"Estas son las sandalias planas preferidas de Elsa Pataky: son de Gioseppo, llamativas e ideales para combinar con vestido\" width=\"375\" height=\"142\" src=\"http:\/\/hoycordobaweb.com\/wp-content\/uploads\/2024\/07\/las-sandalias-negras-de-tacon-sensato-en-rebajas-de-gioseppo-que-aman-las-invitadas-de-boda-de-verano.jpg\"> <\/a> <\/div><\/div><\/div>\n<\/div>\n<div class=\"article-asset-image article-asset-normal article-asset-center\">\n<div class=\"asset-content\"> <img class=\"centro_sinmarco\" height=\"1200\" width=\"1200\" loading=\"lazy\" decoding=\"async\" sizes=\"100vw\" fetchpriority=\"high\" srcset=\"http:\/\/hoycordobaweb.com\/wp-content\/uploads\/2024\/07\/las-sandalias-negras-de-tacon-sensato-en-rebajas-de-gioseppo-que-aman-las-invitadas-de-boda-de-verano-1.jpg 450w, http:\/\/hoycordobaweb.com\/wp-content\/uploads\/2024\/07\/las-sandalias-negras-de-tacon-sensato-en-rebajas-de-gioseppo-que-aman-las-invitadas-de-boda-de-verano-4.jpg 681w, http:\/\/hoycordobaweb.com\/wp-content\/uploads\/2024\/07\/las-sandalias-negras-de-tacon-sensato-en-rebajas-de-gioseppo-que-aman-las-invitadas-de-boda-de-verano-5.jpg 1024w, http:\/\/hoycordobaweb.com\/wp-content\/uploads\/2024\/07\/las-sandalias-negras-de-tacon-sensato-en-rebajas-de-gioseppo-que-aman-las-invitadas-de-boda-de-verano-6.jpg 1366w\" src=\"http:\/\/hoycordobaweb.com\/wp-content\/uploads\/2024\/07\/las-sandalias-negras-de-tacon-sensato-en-rebajas-de-gioseppo-que-aman-las-invitadas-de-boda-de-verano-1.jpg\" alt=\"sandalia negra\"> <noscript><img alt=\"sandalia negra\" class=\"centro_sinmarco\" src=\"http:\/\/hoycordobaweb.com\/wp-content\/uploads\/2024\/07\/las-sandalias-negras-de-tacon-sensato-en-rebajas-de-gioseppo-que-aman-las-invitadas-de-boda-de-verano-1.jpg\"><\/noscript> <\/div>\n<\/div>\n<p>Unas sandalias trenzadas, una de las tendencias de la temporada, de tac\u00f3n sensato perfecto para lucir a diario, y tambi\u00e9n con estilismos de invitada si no eres de las de tac\u00f3n alto. F\u00e1cil de combinar, y lo mejor de todo, muy c\u00f3modo gracias a su horma amplia y al cierre ajustable en el tal\u00f3n con hebilla que permite una mayor sujeci\u00f3n.<\/p>\n<p><!-- BREAK 2 --><\/p>\n<div class=\"article-asset-image article-asset-normal article-asset-center\">\n<div class=\"asset-content\"> <img class=\"centro_sinmarco\" height=\"1200\" width=\"1200\" loading=\"lazy\" decoding=\"async\" sizes=\"100vw\" fetchpriority=\"high\" srcset=\"http:\/\/hoycordobaweb.com\/wp-content\/uploads\/2024\/07\/las-sandalias-negras-de-tacon-sensato-en-rebajas-de-gioseppo-que-aman-las-invitadas-de-boda-de-verano-2.jpg 450w, http:\/\/hoycordobaweb.com\/wp-content\/uploads\/2024\/07\/las-sandalias-negras-de-tacon-sensato-en-rebajas-de-gioseppo-que-aman-las-invitadas-de-boda-de-verano-7.jpg 681w, http:\/\/hoycordobaweb.com\/wp-content\/uploads\/2024\/07\/las-sandalias-negras-de-tacon-sensato-en-rebajas-de-gioseppo-que-aman-las-invitadas-de-boda-de-verano-8.jpg 1024w, http:\/\/hoycordobaweb.com\/wp-content\/uploads\/2024\/07\/las-sandalias-negras-de-tacon-sensato-en-rebajas-de-gioseppo-que-aman-las-invitadas-de-boda-de-verano-9.jpg 1366w\" src=\"http:\/\/hoycordobaweb.com\/wp-content\/uploads\/2024\/07\/las-sandalias-negras-de-tacon-sensato-en-rebajas-de-gioseppo-que-aman-las-invitadas-de-boda-de-verano-2.jpg\" alt=\"sandalia negra\"> <noscript><img alt=\"sandalia negra\" class=\"centro_sinmarco\" src=\"http:\/\/hoycordobaweb.com\/wp-content\/uploads\/2024\/07\/las-sandalias-negras-de-tacon-sensato-en-rebajas-de-gioseppo-que-aman-las-invitadas-de-boda-de-verano-2.jpg\"><\/noscript> <\/div>\n<\/div>\n<p>Lo mejor de todo es que estamos ante un modelo perfecto para todas las edades, aunque es uno de los preferidos de las mujeres a partir de 40 para combinar con sus estilismos de oficina y tambi\u00e9n de invitada (disponible tambi\u00e9n en dorado). Una sandalia negra combina con todo y es elegantee siempre, por muy sencilla que sea. Su precio era de 80 euros y ahora es de <a rel=\"noopener, noreferrer\" href=\"https:\/\/gioseppo.com\/es-es\/sandalias-de-tacon-negras-de-piel-con-trenzados-para-mujer-maliq?glCountry=es&amp;glCurrency=EUR&amp;utm_term=&amp;utm_campaign=&amp;utm_source=google&amp;utm_medium=ppc&amp;hsa_acc=8772748379&amp;hsa_cam=20900864549&amp;hsa_grp=&amp;hsa_ad=&amp;hsa_src=x&amp;hsa_tgt=&amp;hsa_kw=&amp;hsa_mt=&amp;hsa_net=adwords&amp;hsa_ver=3&amp;gad_source=1&amp;gclid=Cj0KCQjwhb60BhClARIsABGGtw8sdQUHpDIxSyQkFhTWLBbmsry4HSJ5ldcbAMWoR01i54MOTTRry10aApzgEALw_wcB\">59,95 euros.<\/a><\/p>\n<p><!-- BREAK 3 --> <\/p>\n<p>Fotos | <a rel=\"noopener, noreferrer\" href=\"https:\/\/gioseppo.com\/es-es\/sandalias-fucsia-de-piel-con-adorno-de-flor-para-mujer-velcan\" data-id=\"noopener, noreferrer\">Gioseppo<\/a>, <a rel=\"noopener, noreferrer\" href=\"https:\/\/www.instagram.com\/p\/C87k7XioB-p\/?hl=es&amp;img_index=1\">@vickymartinberrocal<\/a><\/p>\n<p>En Trendencias | <a href=\"https:\/\/www.trendencias.com\/eventos\/cuando-empiezan-rebajas-verano-inditex-mango-h-m-corte-ingles\">Cu\u00e1ndo empiezan las rebajas de verano 2024 en Inditex, Mango, H&amp;M, El Corte Ingl\u00e9s y m\u00e1s<\/a><\/p>\n<p>En Trendencias | <a href=\"https:\/\/www.trendencias.com\/marcas\/vestidos-pantalones-blusas-faldas-complementos-bonitos-novedades-zara-mujer\">Los vestidos, pantalones, blusas, faldas y complementos m\u00e1s bonitos de las novedades de Zara Mujer<\/a><\/p>\n<p>En Trendencias | <a href=\"https:\/\/www.trendencias.com\/propuestas-y-consejos\/21-vestidos-invitada-boda-colores-precio-zara-mango-asos-corte-ingles-h-m\">27 vestidos de invitada de boda por colores y precio de Zara, Mango, Asos, El Corte Ingl\u00e9s, H&amp;M y m\u00e1s<\/a><\/p>\n","protected":false},"excerpt":{"rendered":"<p>La colecci\u00f3n de verano 2024 de Gioseppo nos fascina. Hay calzado para todos los gustos, dise\u00f1os de todos los estilos, colores y alturas. Modelos ideales para lucir durante todo el verano, y con la llegada del calor queremos lucir c\u00f3modas, con dise\u00f1os bonitos y a ser posible de tendencia. Y en las rebajas me quedo [&hellip;]<\/p>\n","protected":false},"author":1,"featured_media":80280,"comment_status":"closed","ping_status":"closed","sticky":false,"template":"","format":"standard","meta":[],"categories":[],"tags":[],"_links":{"self":[{"href":"http:\/\/hoycordobaweb.com\/index.php\/wp-json\/wp\/v2\/posts\/80279"}],"collection":[{"href":"http:\/\/hoycordobaweb.com\/index.php\/wp-json\/wp\/v2\/posts"}],"about":[{"href":"http:\/\/hoycordobaweb.com\/index.php\/wp-json\/wp\/v2\/types\/post"}],"author":[{"embeddable":true,"href":"http:\/\/hoycordobaweb.com\/index.php\/wp-json\/wp\/v2\/users\/1"}],"replies":[{"embeddable":true,"href":"http:\/\/hoycordobaweb.com\/index.php\/wp-json\/wp\/v2\/comments?post=80279"}],"version-history":[{"count":0,"href":"http:\/\/hoycordobaweb.com\/index.php\/wp-json\/wp\/v2\/posts\/80279\/revisions"}],"wp:featuredmedia":[{"embeddable":true,"href":"http:\/\/hoycordobaweb.com\/index.php\/wp-json\/wp\/v2\/media\/80280"}],"wp:attachment":[{"href":"http:\/\/hoycordobaweb.com\/index.php\/wp-json\/wp\/v2\/media?parent=80279"}],"wp:term":[{"taxonomy":"category","embeddable":true,"href":"http:\/\/hoycordobaweb.com\/index.php\/wp-json\/wp\/v2\/categories?post=80279"},{"taxonomy":"post_tag","embeddable":true,"href":"http:\/\/hoycordobaweb.com\/index.php\/wp-json\/wp\/v2\/tags?post=80279"}],"curies":[{"name":"wp","href":"https:\/\/api.w.org\/{rel}","templated":true}]}}