{"id":80275,"date":"2024-07-13T12:10:50","date_gmt":"2024-07-13T12:10:50","guid":{"rendered":"https:\/\/www.mujerhoy.com\/vivir\/ocio\/el-encargado-mejor-serie-disney-por-que-tienes-que-verla-20240713135503-nt.html"},"modified":"2024-07-13T12:10:50","modified_gmt":"2024-07-13T12:10:50","slug":"la-serie-que-tienes-que-ver-este-fin-de-semana-esta-en-disney-y-tiene-uno-de-los-mejores-personajes-de-la-ficcion","status":"publish","type":"post","link":"http:\/\/hoycordobaweb.com\/index.php\/2024\/07\/13\/la-serie-que-tienes-que-ver-este-fin-de-semana-esta-en-disney-y-tiene-uno-de-los-mejores-personajes-de-la-ficcion\/","title":{"rendered":"La serie que tienes que ver este fin de semana est\u00e1 en Disney+ y tiene uno de los mejores personajes de la ficci\u00f3n"},"content":{"rendered":"<p><!-- AUTHOR --> <\/p>\n<div class=\"voc-author-timesocial \"> <!-- AUTHOR --> <\/p>\n<div class=\"voc-author-timesocial__signature \">\n<div class=\"voc-author-timesocial__img-c\"> <!-- IMAGE AUTHOR --> <picture class=\"voc-image-signature\"> <img class=\"voc-image-signature__img\" src=\"http:\/\/hoycordobaweb.com\/wp-content\/uploads\/2024\/07\/la-serie-que-tienes-que-ver-este-fin-de-semana-esta-en-disney-y-tiene-uno-de-los-mejores-personajes-de-la-ficcion.jpg\" alt=\"Alo\u00f1a Fdez. Larrechi\"> <\/picture> <\/div>\n<p> <!-- INFO AUTHOR --> <\/div><\/div>\n<p> <!-- COMPONENTS --> <\/p>\n<p class=\"voc-paragraph\">El calendario de <a data-voc-vtm-id=\"in-text-traffic\" href=\"https:\/\/www.mujerhoy.com\/vivir\/ocio\/estrenos-series-julio-cobra-kai-elite-betty-la-fea-20240630013618-nt.html\" title=\"www.mujerhoy.com\">series que se estrenan en julio<\/a> est\u00e1 lleno de ficciones interesantes. Si no encontramos la producci\u00f3n que necesitamos, pero queremos disfrutar del tiempo libre veraniego apostando por las mejores propuestas audiovisuales, siempre tenemos a mano <a data-voc-vtm-id=\"in-text-traffic\" href=\"https:\/\/www.mujerhoy.com\/vivir\/ocio\/miniseries-britanicas-cortas-para-ver-en-un-fin-de-semana-netflix-disney-20240626010833-nt.html\" title=\"www.mujerhoy.com\">miniseries brit\u00e1nicas<\/a> que son un acierto asegurado. O este <strong>fin de semana<\/strong> podemos aprovechar para ponernos al d\u00eda con una producci\u00f3n que regresar\u00e1 pronto con uno de los mejores personajes de la ficci\u00f3n. <\/p>\n<p class=\"voc-paragraph\">Porque el pr\u00f3ximo 19 de julio Disney+ estrena la tercera temporada de <strong>El Encargado<\/strong>, una de las <a data-voc-vtm-id=\"in-text-traffic\" href=\"https:\/\/www.mujerhoy.com\/actualidad\/series-argentinas-recomendadas-el-encargado-nada-disney-netflix-20231120210753-nt.html\" title=\"www.mujerhoy.com\">series argentinas<\/a> m\u00e1s comentadas y alabadas de los \u00faltimos a\u00f1os. Ambientada en un edificio de un barrio bien de Buenos Aires, el protagonista de esta producci\u00f3n, de la que ya podemos ver dieciocho episodios, es el conserje que le da nombre. Un peculiar hombre que, para bien o para mal, cambiar\u00e1 nuestra visi\u00f3n de las personas que ejercen esta profesi\u00f3n. <\/p>\n<p class=\"voc-paragraph\">Creada por Mariano Cohn y Gast\u00f3n Duprat, responsables de Nada, tambi\u00e9n en Disney+, El Encargado es una <strong>divertida comedia<\/strong> cargada de mala leche con la que, cuando te quieras dar cuenta, ser\u00e1s uno m\u00e1s de los que espera su regreso. Te contamos por qu\u00e9 tienes que verla. <\/p>\n<p><h3 class=\"voc-detail__title\"> Eliseo, el hombre que lo controla todo<br \/>\n<\/h3>\n<\/p>\n<p class=\"voc-paragraph\">Guillermo Francella, al que la mayor\u00eda de los espectadores espa\u00f1oles conocimos en la oscarizada pel\u00edcula El secreto de sus ojos como Pablo Sandoval, el peculiar compa\u00f1ero de trabajo del personaje de Ricardo Dar\u00edn, es Eliseo. El encargado de un edificio situado en <strong>un barrio de clase alta de Buenos Aires<\/strong> y en el que \u00e9l mismo vive en un espacio situado en la azotea. Sin embargo, Eliseo pasa el tiempo justo en su casa, y no porque est\u00e9 demasiado comprometido con su labor en la porter\u00eda. <\/p>\n<div class=\"voc-detail__cmp\">\n<div class=\"voc-article-container\">\n<article class=\"voc-article voc-article--cmp-photo-text\" readability=\"27\">\n<div class=\"voc-img-container\" readability=\"9\"> <picture>\n<div class=\"voc-horizontal voc-img-icon-link\"> <img loading=\"lazy\" src=\"http:\/\/hoycordobaweb.com\/wp-content\/uploads\/2024\/07\/la-serie-que-tienes-que-ver-este-fin-de-semana-esta-en-disney-y-tiene-uno-de-los-mejores-personajes-de-la-ficcion.webp\" alt=\"Guillermo Francella como Eliseo en la puerta de su casa, donde los inquilinos quieren construir una piscina.\" width=\"624\" height=\"624\"> <\/div>\n<\/picture>\n<p class=\"figure-caption \"> Guillermo Francella como Eliseo en la puerta de su casa, donde los inquilinos quieren construir una piscina. \/ <span class=\"voc-photo-author\"> disney+ <\/span> <\/p>\n<\/p><\/div>\n<\/article><\/div>\n<\/div>\n<p class=\"voc-paragraph\">Audaz e ingenioso, Eliseo es un hombre maduro que, ante todo, conoce el poder que le otorga su trabajo. Como por ejemplo, tener a su alcance <strong>las llaves de todos los inquilinos del edificio<\/strong> y saber cu\u00e1ndo van a estar fuera de su hogar durante algunos d\u00edas. Tiempo en el que se ocupar\u00e1 de aquello que le soliciten los vecinos, pero que tambi\u00e9n aprovechar\u00e1 en su propio beneficio de las m\u00e1s diversas maneras. <\/p>\n<p class=\"voc-paragraph\">La feliz existencia de Eliseo, que siente recelos hacia muchos de los habitantes del edificio en el que trabaja, se ve interrumpida cuando la asamblea de vecinos plantee una iniciativa tan apetecible para ellos como perjudicial para \u00e9l. <strong>Construir en la azotea una piscina<\/strong> en la que todos puedan disfrutar del buen tiempo. Una idea que, de salir adelante, obligar\u00eda a Eliseo a abandonar su hogar y, tal vez, el trabajo al que saca tanto provecho. <\/p>\n<div class=\"voc-detail__cmp\">\n<div class=\"voc-article-container\">\n<article class=\"voc-article voc-article--cmp-photo-text\" readability=\"26\">\n<div class=\"voc-img-container\" readability=\"7\"> <picture>\n<div class=\"voc-horizontal voc-img-icon-link\"> <img loading=\"lazy\" src=\"http:\/\/hoycordobaweb.com\/wp-content\/uploads\/2024\/07\/la-serie-que-tienes-que-ver-este-fin-de-semana-esta-en-disney-y-tiene-uno-de-los-mejores-personajes-de-la-ficcion-1.webp\" alt=\"Eliseo en plena jornada laboral. \" width=\"624\" height=\"624\"> <\/div>\n<\/picture>\n<p class=\"figure-caption \"> Eliseo en plena jornada laboral. \/ <span class=\"voc-photo-author\"> disney+ <\/span> <\/p>\n<\/p><\/div>\n<\/article><\/div>\n<\/div>\n<p class=\"voc-paragraph\">La lucha de este hombre, en apariencia sencillo, contra los elementos y las ansias acu\u00e1ticas de vecinos que est\u00e1n poco acostumbrados a que no se cumplan sus deseos ser\u00e1 <strong>la trama principal de la primera entrega<\/strong> de El Encargado. Once episodios en los que conoceremos a muchos de los inquilinos del edificio, y la relaci\u00f3n que Eliseo mantiene con ellos, construyendo un rico universo en el que las sorpresas, y la risa, est\u00e1n aseguradas. <\/p>\n<p><h3 class=\"voc-detail__title\"> El encanto del mal<br \/>\n<\/h3>\n<\/p>\n<p class=\"voc-paragraph\">Reconocido con el Premio Platino al Mejor actor, Guillermo Francella construye en El Encargado <strong>un personaje tan escaso de virtudes como lleno de encanto<\/strong>. Porque el atractivo de la maldad no es nuevo en la ficci\u00f3n, y aunque Eliseo exprese sus sentimientos sin la violencia de sus predecesores audiovisuales, es un hombre que, literalmente, no conoce l\u00edmites a la hora de llevar a cabo sus deseos. Gracias a su astucia, guarda bajo la manga una gran variedad de recursos para que sus planes salgan adelante, aunque a veces tenga que improvisar o se encuentre con la horma de su zapato. <\/p>\n<p class=\"voc-paragraph\">El retrato que Francella, y los creadores de la serie, hacen del protagonista de la serie de Disney+ es, inevitablemente, extrapolable a la realidad, especialmente si vivimos en un edificio con conserje. Y aunque se trata de una ficci\u00f3n, si algo consigue El Encargado, adem\u00e1s de proporcionarnos un buen rato frente a la pantalla, es <strong>cambiar la visi\u00f3n que el espectador tiene de esta profesi\u00f3n<\/strong>. Para bien, porque Eliseo tambi\u00e9n tiene su corazoncito, y para mal. Pero este es un riesgo que merece la pena correr con una serie tan estupenda como esta. <\/p>\n<p> <!-- TOPICS --> <\/p>\n","protected":false},"excerpt":{"rendered":"<p>El calendario de series que se estrenan en julio est\u00e1 lleno de ficciones interesantes. Si no encontramos la producci\u00f3n que necesitamos, pero queremos disfrutar del tiempo libre veraniego apostando por las mejores propuestas audiovisuales, siempre tenemos a mano miniseries brit\u00e1nicas que son un acierto asegurado. O este fin de semana podemos aprovechar para ponernos al [&hellip;]<\/p>\n","protected":false},"author":1,"featured_media":80276,"comment_status":"closed","ping_status":"closed","sticky":false,"template":"","format":"standard","meta":[],"categories":[],"tags":[],"_links":{"self":[{"href":"http:\/\/hoycordobaweb.com\/index.php\/wp-json\/wp\/v2\/posts\/80275"}],"collection":[{"href":"http:\/\/hoycordobaweb.com\/index.php\/wp-json\/wp\/v2\/posts"}],"about":[{"href":"http:\/\/hoycordobaweb.com\/index.php\/wp-json\/wp\/v2\/types\/post"}],"author":[{"embeddable":true,"href":"http:\/\/hoycordobaweb.com\/index.php\/wp-json\/wp\/v2\/users\/1"}],"replies":[{"embeddable":true,"href":"http:\/\/hoycordobaweb.com\/index.php\/wp-json\/wp\/v2\/comments?post=80275"}],"version-history":[{"count":0,"href":"http:\/\/hoycordobaweb.com\/index.php\/wp-json\/wp\/v2\/posts\/80275\/revisions"}],"wp:featuredmedia":[{"embeddable":true,"href":"http:\/\/hoycordobaweb.com\/index.php\/wp-json\/wp\/v2\/media\/80276"}],"wp:attachment":[{"href":"http:\/\/hoycordobaweb.com\/index.php\/wp-json\/wp\/v2\/media?parent=80275"}],"wp:term":[{"taxonomy":"category","embeddable":true,"href":"http:\/\/hoycordobaweb.com\/index.php\/wp-json\/wp\/v2\/categories?post=80275"},{"taxonomy":"post_tag","embeddable":true,"href":"http:\/\/hoycordobaweb.com\/index.php\/wp-json\/wp\/v2\/tags?post=80275"}],"curies":[{"name":"wp","href":"https:\/\/api.w.org\/{rel}","templated":true}]}}