{"id":80253,"date":"2024-07-12T11:07:20","date_gmt":"2024-07-12T11:07:20","guid":{"rendered":"https:\/\/manoamanocba.com.ar\/?p=6712"},"modified":"2024-07-12T11:07:20","modified_gmt":"2024-07-12T11:07:20","slug":"comienza-el-festival-musica-de-dos-mundos-en-cordoba","status":"publish","type":"post","link":"http:\/\/hoycordobaweb.com\/index.php\/2024\/07\/12\/comienza-el-festival-musica-de-dos-mundos-en-cordoba\/","title":{"rendered":"Comienza el Festival M\u00fasica de Dos Mundos en C\u00f3rdoba"},"content":{"rendered":"<div><img src=\"http:\/\/hoycordobaweb.com\/wp-content\/uploads\/2024\/07\/comienza-el-festival-musica-de-dos-mundos-en-cordoba.jpg\" class=\"ff-og-image-inserted\"><\/div>\n<div readability=\"47\">Este s\u00e1bado 13, a las 21.30, en la Iglesia de la Compa\u00f1\u00eda de Jes\u00fas, el Coro de C\u00e1mara de la Provincia y el conjunto instrumental Confluencia Barroca condensan el esp\u00edritu del&nbsp;<b>Festival M\u00fasica de Dos Mundos<\/b>, que se lleva a cabo en diferentes espacios de la Provincia.<\/p>\n<p>La direcci\u00f3n art\u00edstica est\u00e1 a cargo del maestro Juan Manuel Brarda, director titular del coro creado en 1965 por el maestro C\u00e9sar Ferreyra, convertido con excelencia en un instrumento de difusi\u00f3n cultural de amplio repertorio a lo largo del tiempo.<\/p>\n<p>Confluencia Barroca es una agrupaci\u00f3n integrada por m\u00fasicos de larga experiencia en el repertorio de los siglos XVII y XVIII.<\/p>\n<p>El programa integra una gloria de la m\u00fasica inglesa,&nbsp;<b>Henry Purcell<\/b>, y un notable exponente del barroco americano,&nbsp;<b>Manuel de Sumaya<\/b>, nacido en M\u00e9xico.<\/p>\n<p>La cr\u00edtica musical atribuye a Purcell (1659-1695) haber consolidado un aut\u00e9ntico estilo ingl\u00e9s en la m\u00fasica barroca, de lo que se escuchar\u00e1:&nbsp;<b>Jubilate Deo<\/b>&nbsp;y&nbsp;<b>Welcome to all the pleasure<\/b>.<\/p>\n<p>Manuel de Sumaya (1680-1755) fue maestro de capilla, compositor de polifon\u00eda sacra y villancicos para ser cantados en espa\u00f1ol, tambi\u00e9n escribi\u00f3 \u00f3pera y m\u00fasica incidental.<\/p>\n<p>De Manuel de Sumaya, el programa cuenta con&nbsp;<b>Ang\u00e9licas milicias<\/b>,&nbsp;<b>Celebren, publiquen<\/b>,&nbsp;<b>Del m\u00e1s soberano Olimpo<\/b>, y&nbsp;<b>Misa a 8<\/b>.<\/p>\n<\/div>\n<div readability=\"18\">El Barroco es uno de los per\u00edodos m\u00e1s importantes de la historia europea y americana, se ubica entre el Renacimiento y el Clasicismo. Est\u00e1 caracterizado por el auge de la polifon\u00eda, el uso de variedad de voces y de instrumentos, el surgimiento de la \u00f3pera, y muchas otras v\u00edas de desarrollo musical.<\/p>\n<p>La entrada es libre y gratuita, hasta completar el aforo de la Iglesia de la Compa\u00f1\u00eda de Jes\u00fas (Trejo esquina Caseros).<\/p>\n<\/div>\n","protected":false},"excerpt":{"rendered":"<p>Este s\u00e1bado 13, a las 21.30, en la Iglesia de la Compa\u00f1\u00eda de Jes\u00fas, el Coro de C\u00e1mara de la Provincia y el conjunto instrumental Confluencia Barroca condensan el esp\u00edritu del&nbsp;Festival M\u00fasica de Dos Mundos, que se lleva a cabo en diferentes espacios de la Provincia. La direcci\u00f3n art\u00edstica est\u00e1 a cargo del maestro Juan [&hellip;]<\/p>\n","protected":false},"author":1,"featured_media":80254,"comment_status":"closed","ping_status":"closed","sticky":false,"template":"","format":"standard","meta":[],"categories":[19],"tags":[],"_links":{"self":[{"href":"http:\/\/hoycordobaweb.com\/index.php\/wp-json\/wp\/v2\/posts\/80253"}],"collection":[{"href":"http:\/\/hoycordobaweb.com\/index.php\/wp-json\/wp\/v2\/posts"}],"about":[{"href":"http:\/\/hoycordobaweb.com\/index.php\/wp-json\/wp\/v2\/types\/post"}],"author":[{"embeddable":true,"href":"http:\/\/hoycordobaweb.com\/index.php\/wp-json\/wp\/v2\/users\/1"}],"replies":[{"embeddable":true,"href":"http:\/\/hoycordobaweb.com\/index.php\/wp-json\/wp\/v2\/comments?post=80253"}],"version-history":[{"count":0,"href":"http:\/\/hoycordobaweb.com\/index.php\/wp-json\/wp\/v2\/posts\/80253\/revisions"}],"wp:featuredmedia":[{"embeddable":true,"href":"http:\/\/hoycordobaweb.com\/index.php\/wp-json\/wp\/v2\/media\/80254"}],"wp:attachment":[{"href":"http:\/\/hoycordobaweb.com\/index.php\/wp-json\/wp\/v2\/media?parent=80253"}],"wp:term":[{"taxonomy":"category","embeddable":true,"href":"http:\/\/hoycordobaweb.com\/index.php\/wp-json\/wp\/v2\/categories?post=80253"},{"taxonomy":"post_tag","embeddable":true,"href":"http:\/\/hoycordobaweb.com\/index.php\/wp-json\/wp\/v2\/tags?post=80253"}],"curies":[{"name":"wp","href":"https:\/\/api.w.org\/{rel}","templated":true}]}}