{"id":80235,"date":"2024-07-12T19:03:38","date_gmt":"2024-07-12T19:03:38","guid":{"rendered":"https:\/\/ambiente.cba.gov.ar\/?p=23654"},"modified":"2024-07-12T19:03:38","modified_gmt":"2024-07-12T19:03:38","slug":"el-museo-de-ciencias-naturales-inaugura-la-muestra-biodiversidad-en-apuros","status":"publish","type":"post","link":"http:\/\/hoycordobaweb.com\/index.php\/2024\/07\/12\/el-museo-de-ciencias-naturales-inaugura-la-muestra-biodiversidad-en-apuros\/","title":{"rendered":"El Museo de Ciencias Naturales inaugura la muestra \u201cBiodiversidad en apuros\u201d"},"content":{"rendered":"<ul class=\" eplus-wrapper eplus-styles-uid-f7e96b\">\n<li class=\" eplus-wrapper\"><strong>Se trata de una exhibici\u00f3n que pone de relieve la importancia del cuidado de la biodiversidad a trav\u00e9s de diversas intervenciones, con especial \u00e9nfasis en la fauna y las problem\u00e1ticas actuales que impactan sobre ella.<\/strong><\/li>\n<\/ul>\n<ul class=\" eplus-wrapper eplus-styles-uid-8d6559\">\n<li class=\" eplus-wrapper\"><strong>La apertura ser\u00e1 este viernes, a las 20.<\/strong><\/li>\n<\/ul>\n<p class=\" eplus-wrapper\">Este viernes, a las 20 horas, se inaugura en el Museo Provincial de Ciencias Naturales la exposici\u00f3n&nbsp;<strong>\u201cBiodiversidad en apuros\u201d<\/strong>, que se podr\u00e1 recorrer de manera gratuita hasta la medianoche.<\/p>\n<p class=\" eplus-wrapper\">Se trata de una exhibici\u00f3n organizada entre el Museo Provincial de Ciencias Naturales, de la Agencia C\u00f3rdoba Cultura; la Divisi\u00f3n Patrulla Ambiental de la Polic\u00eda de la Provincia, perteneciente al Ministerio de Seguridad y la Polic\u00eda Ambiental, del Ministerio de Ambiente y Econom\u00eda Circular.<\/p>\n<p class=\" eplus-wrapper\">En el recorrido por la muestra los visitantes podr\u00e1n conocer de una manera din\u00e1mica y atractiva la metodolog\u00eda de trabajo de cada uno de los organismos, sus funciones y roles para cuidar el ambiente. Tambi\u00e9n se podr\u00e1n informar sobre las tareas de educaci\u00f3n y concientizaci\u00f3n que se llevan a cabo sobre la tem\u00e1tica.<\/p>\n<div id=\"gallery-1\" class=\"gallery galleryid-23654 gallery-columns-2 gallery-size-full\">\n<figure class=\"gallery-item\">\n<div class=\"gallery-icon landscape\"> <a href=\"https:\/\/ambiente.cba.gov.ar\/el-museo-de-ciencias-naturales-inaugura-la-muestra-biodiversidad-en-apuros\/prensa2\/\"><img width=\"990\" height=\"660\" src=\"http:\/\/hoycordobaweb.com\/wp-content\/uploads\/2024\/07\/el-museo-de-ciencias-naturales-inaugura-la-muestra-biodiversidad-en-apuros.png\" class=\"attachment-full size-full\" alt loading=\"lazy\"><\/a> <\/div>\n<\/figure>\n<figure class=\"gallery-item\">\n<div class=\"gallery-icon landscape\"> <a href=\"https:\/\/ambiente.cba.gov.ar\/el-museo-de-ciencias-naturales-inaugura-la-muestra-biodiversidad-en-apuros\/prensa4\/\"><img width=\"990\" height=\"660\" src=\"http:\/\/hoycordobaweb.com\/wp-content\/uploads\/2024\/07\/el-museo-de-ciencias-naturales-inaugura-la-muestra-biodiversidad-en-apuros-1.png\" class=\"attachment-full size-full\" alt loading=\"lazy\"><\/a> <\/div>\n<\/figure><\/div>\n<p class=\" eplus-wrapper\">La propuesta pone en relieve la importancia del cuidado de la biodiversidad a trav\u00e9s de diversas intervenciones, con especial \u00e9nfasis en la fauna y las problem\u00e1ticas actuales que impactan sobre ella.<\/p>\n<p class=\" eplus-wrapper\"><em>\u00abEsta muestra es muy importante para nosotros, no solo por el contenido sino tambi\u00e9n porque refleja el trabajo conjunto. Es un emergente, detr\u00e1s hay un mont\u00f3n de trabajo que no se ve de las tres instituciones involucradas, as\u00ed como interacciones entre nosotros y con otros actores. Me pone muy orgullosa ver reflejado un poco de todo eso en esta muestra. Es la manera de honrar a quienes trabajan en nuestras instituciones cada d\u00eda\u00bb,&nbsp;<\/em>enfatiz\u00f3 Natalia Imbarratta, jefa de Investigaci\u00f3n del Museo Provincial de Ciencias Naturales.<\/p>\n<p class=\" eplus-wrapper\">Y luego ponder\u00f3 el valor de lograr esta articulaci\u00f3n entre las distintas reparticiones gubernamentales para incentivar la protecci\u00f3n de la biodiversidad y dar a conocer la problem\u00e1tica que existe en torno a ello:<em>&nbsp;\u201cHay alguien que cotidianamente realiza procedimientos con fauna, hay alguien que toma decisiones para una mejor disposici\u00f3n de los ejemplares, hay alguien que hace seguimiento de los mismos, liberaciones, traslados, alguien que colabora en la disposici\u00f3n final de subproductos de caza, en concientizaci\u00f3n, alguien que se re\u00fane para pensar y dise\u00f1ar protocolos apostando al cuidado de nuestra fauna y ese alguien son nuestras instituciones, somos nosotros\u201d<\/em>, cerr\u00f3 Imbarratta.<\/p>\n<p class=\" eplus-wrapper\">Por su parte, el comisario Jorge Su\u00e1rez, jefe de la Divisi\u00f3n Patrulla Ambiental expres\u00f3:&nbsp;<em>\u201cDesde la Divisi\u00f3n Patrulla Ambiental de la Polic\u00eda de la Provincia de C\u00f3rdoba acompa\u00f1amos y somos parte de la muestra&nbsp;<strong>Biodiversidad en apuros<\/strong>&nbsp;abriendo las puertas de nuestra especialidad con 32 a\u00f1os de trayectoria. Trabajamos en conjunto con instituciones estatales, privadas y educativas en todo lo relacionado al cuidado del ambiente y a la protecci\u00f3n del patrimonio cultural de nuestra querida provincia\u201d<\/em>.<\/p>\n<p class=\" eplus-wrapper\">Mediante im\u00e1genes impactantes de los animales \u2013 en su mayor\u00eda, de la fot\u00f3grafa Mar\u00eda Eugenia Guill\u00e9n y el bi\u00f3logo Mart\u00edn L\u00e9pez -esta exhibici\u00f3n realiza una propuesta visual muy interesante para aprender sobre las especies de fauna silvestre que suelen verse afectadas por la tenencia ilegal, el mascotismo o que llegan a C\u00f3rdoba producto del tr\u00e1fico de fauna silvestre.<\/p>\n<div id=\"gallery-2\" class=\"gallery galleryid-23654 gallery-columns-1 gallery-size-full\">\n<figure class=\"gallery-item\">\n<div class=\"gallery-icon landscape\"> <a href=\"https:\/\/ambiente.cba.gov.ar\/el-museo-de-ciencias-naturales-inaugura-la-muestra-biodiversidad-en-apuros\/prensa1\/\"><img width=\"990\" height=\"660\" src=\"http:\/\/hoycordobaweb.com\/wp-content\/uploads\/2024\/07\/el-museo-de-ciencias-naturales-inaugura-la-muestra-biodiversidad-en-apuros-2.png\" class=\"attachment-full size-full\" alt loading=\"lazy\"><\/a> <\/div>\n<\/figure><\/div>\n<p class=\" eplus-wrapper\">Asimismo, con otras intervenciones realizadas con elementos secuestrados en los procedimientos de control en todo el territorio provincial, la exhibici\u00f3n invita a grandes y chicos a ponerse en el lugar de la fauna y reflexionar sobre la relaci\u00f3n con el ambiente.<\/p>\n<p class=\" eplus-wrapper\"><em>\u201cCon esta muestra, las tres instituciones pretendemos poner \u00e9nfasis en la concientizaci\u00f3n de actitudes que la comunidad debe tener presente en su v\u00ednculo con la naturaleza. Por ello, enfocamos la problem\u00e1tica principalmente de fauna local y el mascotismo\u201d,&nbsp;<\/em>explic\u00f3 Adri\u00e1n Rinaudo, secretario de Polic\u00eda Ambiental.<\/p>\n<p class=\" eplus-wrapper\">Finalmente, el funcionario invit\u00f3 a la comunidad a disfrutar de la exposici\u00f3n:&nbsp;<em>\u201cLos esperamos a visitar esta muestra y seguro vamos a contribuir entre todos a proteger nuestra biodiversidad\u201d.<\/em><\/p>\n<p class=\" eplus-wrapper\"><strong>Cu\u00e1ndo y d\u00f3nde<\/strong><\/p>\n<p class=\" eplus-wrapper\"><strong>Biodiversidad en apuros<\/strong>&nbsp;estar\u00e1 exhibida en el tercer piso del Museo Provincial de Ciencias Naturales Arturo Umberto Illia hasta el 15 de diciembre. El d\u00eda de la inauguraci\u00f3n la entrada es libre y gratuita, luego se podr\u00e1 visitar de martes a domingo, de 10 a 19 h y las entradas se obtienen en autoentrada.com.<\/p>\n","protected":false},"excerpt":{"rendered":"<p>Se trata de una exhibici\u00f3n que pone de relieve la importancia del cuidado de la biodiversidad a trav\u00e9s de diversas intervenciones, con especial \u00e9nfasis en la fauna y las problem\u00e1ticas actuales que impactan sobre ella. La apertura ser\u00e1 este viernes, a las 20. Este viernes, a las 20 horas, se inaugura en el Museo Provincial [&hellip;]<\/p>\n","protected":false},"author":1,"featured_media":80236,"comment_status":"closed","ping_status":"closed","sticky":false,"template":"","format":"standard","meta":[],"categories":[2,19],"tags":[],"_links":{"self":[{"href":"http:\/\/hoycordobaweb.com\/index.php\/wp-json\/wp\/v2\/posts\/80235"}],"collection":[{"href":"http:\/\/hoycordobaweb.com\/index.php\/wp-json\/wp\/v2\/posts"}],"about":[{"href":"http:\/\/hoycordobaweb.com\/index.php\/wp-json\/wp\/v2\/types\/post"}],"author":[{"embeddable":true,"href":"http:\/\/hoycordobaweb.com\/index.php\/wp-json\/wp\/v2\/users\/1"}],"replies":[{"embeddable":true,"href":"http:\/\/hoycordobaweb.com\/index.php\/wp-json\/wp\/v2\/comments?post=80235"}],"version-history":[{"count":0,"href":"http:\/\/hoycordobaweb.com\/index.php\/wp-json\/wp\/v2\/posts\/80235\/revisions"}],"wp:featuredmedia":[{"embeddable":true,"href":"http:\/\/hoycordobaweb.com\/index.php\/wp-json\/wp\/v2\/media\/80236"}],"wp:attachment":[{"href":"http:\/\/hoycordobaweb.com\/index.php\/wp-json\/wp\/v2\/media?parent=80235"}],"wp:term":[{"taxonomy":"category","embeddable":true,"href":"http:\/\/hoycordobaweb.com\/index.php\/wp-json\/wp\/v2\/categories?post=80235"},{"taxonomy":"post_tag","embeddable":true,"href":"http:\/\/hoycordobaweb.com\/index.php\/wp-json\/wp\/v2\/tags?post=80235"}],"curies":[{"name":"wp","href":"https:\/\/api.w.org\/{rel}","templated":true}]}}