{"id":80221,"date":"2024-07-11T23:51:40","date_gmt":"2024-07-11T23:51:40","guid":{"rendered":"https:\/\/www.ole.com.ar\/copa-america\/abel-pintos-cantara-himno-nacional-final-copa-america-argentina-colombia_0_HdqA3Rrh2X.html"},"modified":"2024-07-11T23:51:40","modified_gmt":"2024-07-11T23:51:40","slug":"abel-pintos-cantara-el-himno-nacional-en-la-final-de-la-copa-america","status":"publish","type":"post","link":"http:\/\/hoycordobaweb.com\/index.php\/2024\/07\/11\/abel-pintos-cantara-el-himno-nacional-en-la-final-de-la-copa-america\/","title":{"rendered":"Abel Pintos cantar\u00e1 el Himno Nacional en la final de la Copa Am\u00e9rica"},"content":{"rendered":"<p><img src=\"http:\/\/hoycordobaweb.com\/wp-content\/uploads\/2024\/07\/abel-pintos-cantara-el-himno-nacional-en-la-final-de-la-copa-america.jpg\"><\/p>\n<p><time class=\"createDate\" datetime=\"2024-07-11T20:51:40-03:00\">11\/07\/2024 23:51hs.<\/time><\/p>\n<div id=\"storyBody\">\n<div class=\"custom-text \" readability=\"34.179775280899\">\n<p><strong><a href=\"https:\/\/www.ole.com.ar\/tema\/abel-pintos.html\" title=\"Abel Pintos\" alt=\"Abel Pintos\" class=\"slug\">Abel Pintos<\/a> volver\u00e1 a representar a la <a href=\"https:\/\/www.ole.com.ar\/tema\/seleccion-argentina.html\" title=\"Selecci\u00f3n Argentina\" alt=\"Selecci\u00f3n Argentina\" class=\"slug\">Selecci\u00f3n Argentina<\/a>.<\/strong> El artista oriundo de Bah\u00eda Blanca <strong>fue designado para cantar el Himno Hacional en la final de la <a href=\"https:\/\/www.ole.com.ar\/tema\/copa-america-2024.html\" title=\"Copa Am\u00e9rica 2024\" alt=\"Copa Am\u00e9rica 2024\" class=\"slug\">Copa Am\u00e9rica<\/a><\/strong> ante Colombia, el pr\u00f3ximo domingo 14 de junio, en el Hard Rock Stadium de Miami. Por su parte, aunque a\u00fan no est\u00e1 confirmado, Karol G ser\u00e1 la que represente el himno de Colombia.<\/p>\n<\/div>\n<div class=\"custom-text \" readability=\"41\">\n<p><strong>Esta ser\u00e1 la primera vez que Abel est\u00e9 en una final de un certamen con la Albiceleste<\/strong>. Sin embargo, el compositor de Motivos y \u00abQue me falte todo\u00bb, ya enton\u00f3 la canci\u00f3n patria en dos encuentros de la Selecci\u00f3n. El primero fue el 7 de septiembre de 2023, ante Ecuador, por las Eliminatorias Rumbo al Mundial de 2026 en lo que termin\u00f3 en victoria argentina por 1 a 0. Luego, en el encuentro ante Paraguay por el mismo certamen, con victoria 1-0 contra la Albirroja.<\/p>\n<\/div>\n<div class=\"custom-text \" readability=\"36\">\n<p><strong>Pintos ser\u00e1 el segundo cantante argentino que est\u00e9 en una final de la Selecci\u00f3n<\/strong> <strong>Argentina <\/strong>de Lionel Scaloni. debido a que en la Copa Am\u00e9rica 2021 no hubo ning\u00fan artista designado por la pandemia de Covid-19 y en la Finalissima 2022 nadie fue elegido. En la final del Mundial Qatar 2022 contra Francia, Lali Esp\u00f3sito fue la delegada de representar a nuestro pa\u00eds.<\/p>\n<\/div>\n<div class=\"sc-e7b891c4-0 jPbnQF\"><img alt=\"Abel Pintos cant\u00f3 el himno nacional argentino en el Monumental. (@AbelPintos)\" src=\"http:\/\/hoycordobaweb.com\/wp-content\/uploads\/2024\/07\/abel-pintos-cantara-el-himno-nacional-en-la-final-de-la-copa-america-2.jpg\" width=\"720\" height=\"100\" decoding=\"async\" data-nimg=\"future\" loading=\"lazy\"><span class=\"epigraphe\">Abel Pintos cant\u00f3 el himno nacional argentino en el Monumental. (@AbelPintos)<\/span><\/div>\n<div class=\"custom-text \" readability=\"34\">\n<p>Adem\u00e1s de Abel Pintos y Karol G, <strong>Shakira <\/strong>tambi\u00e9n estar\u00e1 presente: la artista colombiana <strong>ser\u00e1 la encargada de llevar a cabo el show de medio tiempo<\/strong>.<\/p>\n<\/div>\n<div class=\"sc-a7166897-0 exHLBh\" readability=\"6.5\">\n<section readability=\"3\"><picture><img alt=\"Una por una, todas las finales que disput\u00f3 la selecci\u00f3n de Colombia en su historia\" src=\"http:\/\/hoycordobaweb.com\/wp-content\/uploads\/2024\/07\/abel-pintos-cantara-el-himno-nacional-en-la-final-de-la-copa-america-3.jpg\" width=\"290\" height=\"290\" decoding=\"async\" data-nimg=\"future\" loading=\"lazy\"><\/picture>\n<p><span>Mir\u00e1 tambi\u00e9n<\/span><\/p>\n<hr>\n<h3>Una por una, todas las finales que disput\u00f3 la selecci\u00f3n de Colombia en su historia<\/h3>\n<\/p>\n<\/section>\n<\/div>\n<div class=\"sc-a7166897-0 exHLBh\" readability=\"6\">\n<section readability=\"2\"><picture><img alt=\"Messi: &quot;Estoy mucho m\u00e1s tranquilo que antes&quot; y qu\u00e9 dijo de Colombia\" src=\"http:\/\/hoycordobaweb.com\/wp-content\/uploads\/2024\/07\/abel-pintos-cantara-el-himno-nacional-en-la-final-de-la-copa-america-4.jpg\" width=\"290\" height=\"290\" decoding=\"async\" data-nimg=\"future\" loading=\"lazy\"><\/picture>\n<p><span>Mir\u00e1 tambi\u00e9n<\/span><\/p>\n<hr>\n<h3>Messi: \u00abEstoy mucho m\u00e1s tranquilo que antes\u00bb y qu\u00e9 dijo de Colombia<\/h3>\n<\/p>\n<\/section>\n<\/div>\n<div class=\"sc-a7166897-0 exHLBh\" readability=\"6.5\">\n<section readability=\"3\"><picture><img alt=\"Deportes: qu\u00e9 pasar\u00e1 con las becas, subsidios y Juegos Evita\" src=\"http:\/\/hoycordobaweb.com\/wp-content\/uploads\/2024\/07\/abel-pintos-cantara-el-himno-nacional-en-la-final-de-la-copa-america-5.jpg\" width=\"290\" height=\"290\" decoding=\"async\" data-nimg=\"future\" loading=\"lazy\"><\/picture>\n<p><span>Mir\u00e1 tambi\u00e9n<\/span><\/p>\n<hr>\n<h3>Deportes: qu\u00e9 pasar\u00e1 con las becas, subsidios y Juegos Evita<\/h3>\n<\/p>\n<\/section>\n<\/div>\n<\/div>\n","protected":false},"excerpt":{"rendered":"<p>11\/07\/2024 23:51hs. Abel Pintos volver\u00e1 a representar a la Selecci\u00f3n Argentina. El artista oriundo de Bah\u00eda Blanca fue designado para cantar el Himno Hacional en la final de la Copa Am\u00e9rica ante Colombia, el pr\u00f3ximo domingo 14 de junio, en el Hard Rock Stadium de Miami. Por su parte, aunque a\u00fan no est\u00e1 confirmado, Karol [&hellip;]<\/p>\n","protected":false},"author":1,"featured_media":80222,"comment_status":"open","ping_status":"closed","sticky":false,"template":"","format":"standard","meta":[],"categories":[16],"tags":[],"_links":{"self":[{"href":"http:\/\/hoycordobaweb.com\/index.php\/wp-json\/wp\/v2\/posts\/80221"}],"collection":[{"href":"http:\/\/hoycordobaweb.com\/index.php\/wp-json\/wp\/v2\/posts"}],"about":[{"href":"http:\/\/hoycordobaweb.com\/index.php\/wp-json\/wp\/v2\/types\/post"}],"author":[{"embeddable":true,"href":"http:\/\/hoycordobaweb.com\/index.php\/wp-json\/wp\/v2\/users\/1"}],"replies":[{"embeddable":true,"href":"http:\/\/hoycordobaweb.com\/index.php\/wp-json\/wp\/v2\/comments?post=80221"}],"version-history":[{"count":0,"href":"http:\/\/hoycordobaweb.com\/index.php\/wp-json\/wp\/v2\/posts\/80221\/revisions"}],"wp:featuredmedia":[{"embeddable":true,"href":"http:\/\/hoycordobaweb.com\/index.php\/wp-json\/wp\/v2\/media\/80222"}],"wp:attachment":[{"href":"http:\/\/hoycordobaweb.com\/index.php\/wp-json\/wp\/v2\/media?parent=80221"}],"wp:term":[{"taxonomy":"category","embeddable":true,"href":"http:\/\/hoycordobaweb.com\/index.php\/wp-json\/wp\/v2\/categories?post=80221"},{"taxonomy":"post_tag","embeddable":true,"href":"http:\/\/hoycordobaweb.com\/index.php\/wp-json\/wp\/v2\/tags?post=80221"}],"curies":[{"name":"wp","href":"https:\/\/api.w.org\/{rel}","templated":true}]}}