{"id":80219,"date":"2024-07-11T23:57:46","date_gmt":"2024-07-11T23:57:46","guid":{"rendered":"https:\/\/www.ole.com.ar\/futbol-internacional\/corinthians-brasil-primera-practica-ramon-diaz_0_WWTa9slMsW.html"},"modified":"2024-07-11T23:57:46","modified_gmt":"2024-07-11T23:57:46","slug":"ramon-diaz-dirigio-su-primera-practica-en-corinthians","status":"publish","type":"post","link":"http:\/\/hoycordobaweb.com\/index.php\/2024\/07\/11\/ramon-diaz-dirigio-su-primera-practica-en-corinthians\/","title":{"rendered":"Ram\u00f3n D\u00edaz dirigi\u00f3 su primera pr\u00e1ctica en Corinthians"},"content":{"rendered":"<p><img src=\"http:\/\/hoycordobaweb.com\/wp-content\/uploads\/2024\/07\/ramon-diaz-dirigio-su-primera-practica-en-corinthians.jpg\"><\/p>\n<p><time class=\"createDate\" datetime=\"2024-07-11T20:57:46-03:00\">11\/07\/2024 23:57hs.<\/time><\/p>\n<div id=\"storyBody\">\n<div class=\"custom-text \" readability=\"37\">\n<p>Manos a la obra. Ram\u00f3n D\u00edaz ya entr\u00f3 en acci\u00f3n en su nuevo club. El tercero en Brasil tras pasar por Botafogo (no lleg\u00f3 a debutar) y Vasco da Gama (al que salv\u00f3 del descenso en 2023). Este jueves dirigi\u00f3 su primera pr\u00e1ctica en terreno paulista. \u00bfLa misi\u00f3n?<strong> Salvar a Corinthians, dejarlo en Primera. Una dura lucha que afrontar\u00e1, nuevamente.<\/strong><\/p>\n<\/div>\n<div class=\"custom-text \" readability=\"42\">\n<p>\u00abEs un club donde por ah\u00ed con los resultados no est\u00e1 obteniendo lo que quiere. Como equipo grande, tendr\u00eda que estar en otra posici\u00f3n. Hay que tener atenci\u00f3n y algunos recambios que se tienen que adaptar a las caracter\u00edsticas del club. Estamos felices por esta oportunidad para seguir trabajando en Brasil. Agradecidos, todos unidos vamos a poder salir adelante. Tiene una torcida impresionante, en su estadio se hace sentir por la cantidad de gente. Tiene un estadio maravilloso, instalaciones de primer nivel. Tiene todo para pelear arriba. Primero quiero que el equipo juegue bien, con entrega y actitud. Se juega diferente en una zona m\u00e1s abajo que arriba. Los jugadores van a entender y van a saber adaptarse al momento. Tenemos que conseguir resultados, esperamos que se pueda conseguir en muy poco tiempo\u00bb, manifest\u00f3 luego de firmar el contrato (hasta diciembre de 2025). <\/p>\n<\/div>\n<div class=\"sc-e7b891c4-0 jPbnQF\"><img alt=\"Ram\u00f3n D\u00edaz dirigi\u00f3 su primera pr\u00e1ctica en Corinthians.\" src=\"http:\/\/hoycordobaweb.com\/wp-content\/uploads\/2024\/07\/ramon-diaz-dirigio-su-primera-practica-en-corinthians-2.jpg\" width=\"720\" height=\"100\" decoding=\"async\" data-nimg=\"future\" loading=\"lazy\"><span class=\"epigraphe\">Ram\u00f3n D\u00edaz dirigi\u00f3 su primera pr\u00e1ctica en Corinthians.<\/span><\/div>\n<div class=\"custom-text \" readability=\"40\">\n<p>Acompa\u00f1ado por su cuerpo t\u00e9cnico (<strong>junto a su hijo Emiliano, Juan Romanazzi y el Malevo Ferreyra como asistentes principales, Diego Pereira como PF y el videonalista Dami\u00e1n Paz)<\/strong>, el riojano dio las primeras indicaciones. Dentro del plantel, por ahora, est\u00e1n dos argentinos: <strong>Rodrigo Garro y Fausto Vera. <\/strong><\/p>\n<\/div>\n<div class=\"custom-text \" readability=\"37\">\n<p>El pasado mi\u00e9rcoles por la noche, <strong>el conjunto paulista perdi\u00f3 2-0 contra Vasco da Gama de visitante, justo el ex conjunto de RD.<\/strong> El pr\u00f3ximo partido de <strong>Corinthians ser\u00e1 el martes contra Crici\u00fama <\/strong>de local, obligado a ganar para empezar a sumar.<\/p>\n<\/div>\n<div class=\"sc-e7b891c4-0 jPbnQF\"><img alt=\"Ram\u00f3n D\u00edaz dirigi\u00f3 su primera pr\u00e1ctica en Corinthians.\" src=\"http:\/\/hoycordobaweb.com\/wp-content\/uploads\/2024\/07\/ramon-diaz-dirigio-su-primera-practica-en-corinthians-3.jpg\" width=\"720\" height=\"100\" decoding=\"async\" data-nimg=\"future\" loading=\"lazy\"><span class=\"epigraphe\">Ram\u00f3n D\u00edaz dirigi\u00f3 su primera pr\u00e1ctica en Corinthians.<\/span><\/div>\n<div class=\"custom-text \" readability=\"37\">\n<p><strong>Hoy el Timao est\u00e1 decimosexto (descenso) con 12 puntos en 16 fechas.<\/strong> Hoy bajar\u00eda a la B junto a Gremio (11), Goianiense (11) y Fluminense (8). S\u00ed, el Tricolor de Porto Alegre y el Flu, \u00faltimo campe\u00f3n de Am\u00e9rica. Heavy.<\/p>\n<\/div>\n<div class=\"sc-e7b891c4-0 jPbnQF\"><img alt=\"Ram\u00f3n D\u00edaz dirigi\u00f3 su primera pr\u00e1ctica en Corinthians.\" src=\"http:\/\/hoycordobaweb.com\/wp-content\/uploads\/2024\/07\/ramon-diaz-dirigio-su-primera-practica-en-corinthians-4.jpg\" width=\"720\" height=\"100\" decoding=\"async\" data-nimg=\"future\" loading=\"lazy\"><span class=\"epigraphe\">Ram\u00f3n D\u00edaz dirigi\u00f3 su primera pr\u00e1ctica en Corinthians.<\/span><\/div>\n<div class=\"custom-text \" readability=\"32\">\n<p>\u00bfPodr\u00e1 Ram\u00f3n salvarlo?<\/p>\n<\/div>\n<div class=\"sc-a7166897-0 exHLBh\" readability=\"6.5\">\n<section readability=\"3\"><picture><img alt=\"Video: la canci\u00f3n de la selecci\u00f3n colombiana para la Copa Am\u00e9rica que se volvi\u00f3 furor en Argentina\" src=\"http:\/\/hoycordobaweb.com\/wp-content\/uploads\/2024\/07\/ramon-diaz-dirigio-su-primera-practica-en-corinthians-5.jpg\" width=\"290\" height=\"290\" decoding=\"async\" data-nimg=\"future\" loading=\"lazy\"><\/picture>\n<p><span>Mir\u00e1 tambi\u00e9n<\/span><\/p>\n<hr>\n<h3>Video: la canci\u00f3n de la selecci\u00f3n colombiana para la Copa Am\u00e9rica que se volvi\u00f3 furor en Argentina<\/h3>\n<\/p>\n<\/section>\n<\/div>\n<div class=\"sc-a7166897-0 exHLBh\" readability=\"6\">\n<section readability=\"2\"><picture><img alt=\"Cinco puntos comparativos entre Espa\u00f1a e Inglaterra antes de la final de la Eurocopa\" src=\"http:\/\/hoycordobaweb.com\/wp-content\/uploads\/2024\/07\/ramon-diaz-dirigio-su-primera-practica-en-corinthians-6.jpg\" width=\"290\" height=\"290\" decoding=\"async\" data-nimg=\"future\" loading=\"lazy\"><\/picture>\n<p><span>Mir\u00e1 tambi\u00e9n<\/span><\/p>\n<hr>\n<h3>Cinco puntos comparativos entre Espa\u00f1a e Inglaterra antes de la final de la Eurocopa<\/h3>\n<\/p>\n<\/section>\n<\/div>\n<div class=\"sc-a7166897-0 exHLBh\" readability=\"6\">\n<section readability=\"2\"><picture><img alt=\"El cambio f\u00edsico de Ibai Llanos\" src=\"http:\/\/hoycordobaweb.com\/wp-content\/uploads\/2024\/07\/ramon-diaz-dirigio-su-primera-practica-en-corinthians-7.jpg\" width=\"290\" height=\"290\" decoding=\"async\" data-nimg=\"future\" loading=\"lazy\"><\/picture>\n<p><span>Mir\u00e1 tambi\u00e9n<\/span><\/p>\n<hr>\n<h3>El cambio f\u00edsico de Ibai Llanos<\/h3>\n<\/p>\n<\/section>\n<\/div>\n<\/div>\n","protected":false},"excerpt":{"rendered":"<p>11\/07\/2024 23:57hs. Manos a la obra. Ram\u00f3n D\u00edaz ya entr\u00f3 en acci\u00f3n en su nuevo club. El tercero en Brasil tras pasar por Botafogo (no lleg\u00f3 a debutar) y Vasco da Gama (al que salv\u00f3 del descenso en 2023). Este jueves dirigi\u00f3 su primera pr\u00e1ctica en terreno paulista. \u00bfLa misi\u00f3n? Salvar a Corinthians, dejarlo en [&hellip;]<\/p>\n","protected":false},"author":1,"featured_media":80220,"comment_status":"open","ping_status":"closed","sticky":false,"template":"","format":"standard","meta":[],"categories":[16],"tags":[],"_links":{"self":[{"href":"http:\/\/hoycordobaweb.com\/index.php\/wp-json\/wp\/v2\/posts\/80219"}],"collection":[{"href":"http:\/\/hoycordobaweb.com\/index.php\/wp-json\/wp\/v2\/posts"}],"about":[{"href":"http:\/\/hoycordobaweb.com\/index.php\/wp-json\/wp\/v2\/types\/post"}],"author":[{"embeddable":true,"href":"http:\/\/hoycordobaweb.com\/index.php\/wp-json\/wp\/v2\/users\/1"}],"replies":[{"embeddable":true,"href":"http:\/\/hoycordobaweb.com\/index.php\/wp-json\/wp\/v2\/comments?post=80219"}],"version-history":[{"count":0,"href":"http:\/\/hoycordobaweb.com\/index.php\/wp-json\/wp\/v2\/posts\/80219\/revisions"}],"wp:featuredmedia":[{"embeddable":true,"href":"http:\/\/hoycordobaweb.com\/index.php\/wp-json\/wp\/v2\/media\/80220"}],"wp:attachment":[{"href":"http:\/\/hoycordobaweb.com\/index.php\/wp-json\/wp\/v2\/media?parent=80219"}],"wp:term":[{"taxonomy":"category","embeddable":true,"href":"http:\/\/hoycordobaweb.com\/index.php\/wp-json\/wp\/v2\/categories?post=80219"},{"taxonomy":"post_tag","embeddable":true,"href":"http:\/\/hoycordobaweb.com\/index.php\/wp-json\/wp\/v2\/tags?post=80219"}],"curies":[{"name":"wp","href":"https:\/\/api.w.org\/{rel}","templated":true}]}}