{"id":80217,"date":"2024-07-12T00:37:36","date_gmt":"2024-07-12T00:37:36","guid":{"rendered":"https:\/\/www.ole.com.ar\/copa-america\/seleccion-uruguay-incidentes-colombia-sanciones-conmebol-copa-america_0_dIQ7mwe4ZL.html"},"modified":"2024-07-12T00:37:36","modified_gmt":"2024-07-12T00:37:36","slug":"que-sanciones-podria-recibir-uruguay-tras-la-pelea-con-hinchas-colombianos","status":"publish","type":"post","link":"http:\/\/hoycordobaweb.com\/index.php\/2024\/07\/12\/que-sanciones-podria-recibir-uruguay-tras-la-pelea-con-hinchas-colombianos\/","title":{"rendered":"Qu\u00e9 sanciones podr\u00eda recibir Uruguay tras la pelea con hinchas colombianos"},"content":{"rendered":"<p><img src=\"http:\/\/hoycordobaweb.com\/wp-content\/uploads\/2024\/07\/que-sanciones-podria-recibir-uruguay-tras-la-pelea-con-hinchas-colombianos.jpg\"><\/p>\n<p><time class=\"createDate\" datetime=\"2024-07-11T21:37:36-03:00\">12\/07\/2024 00:37hs.<\/time><\/p>\n<div id=\"storyBody\">\n<div class=\"custom-text \" readability=\"34.160583941606\">\n<p>Las im\u00e1genes del esc\u00e1ndalo que protagonizaron los futbolistas de <a href=\"https:\/\/www.ole.com.ar\/tema\/seleccion-de-uruguay.html\" title=\"Selecci\u00f3n de Uruguay\" alt=\"Selecci\u00f3n de Uruguay\" class=\"slug\">Uruguay<\/a> luego de la ca\u00edda ante <a href=\"https:\/\/www.ole.com.ar\/tema\/seleccion-de-colombia.html\" title=\"Selecci\u00f3n de Colombia\" alt=\"Selecci\u00f3n de Colombia\" class=\"slug\">Colombia<\/a> por 1-0 en la semifinal de la <a href=\"https:\/\/www.ole.com.ar\/tema\/copa-america.html\" title=\"Copa America\" alt=\"Copa America\" class=\"slug\">Copa Am\u00e9rica<\/a> contin\u00faan viraliz\u00e1ndose. <strong>Al menos cinco futbolistas<\/strong> de la selecci\u00f3n dirigida por <a href=\"https:\/\/www.ole.com.ar\/tema\/marcelo-bielsa.html\" title=\"Marcelo Bielsa\" alt=\"Marcelo Bielsa\" class=\"slug\">Marcelo Bielsa<\/a> <strong>estuvieron implicados en los graves incidentes<\/strong> que se registraron:una vez consumada la eliminaci\u00f3n se dirigieron hacia la parte baja de una de las plateas del estadio Bank Of Am\u00e9rica de Charlotte y se pelearon cuerpo a cuerpo con hinchas colombianos. Los charr\u00faas <strong>se medir\u00e1n ese s\u00e1bado contra Canad\u00e1, en el mismo escenario del encuentro ante los cafeteros.<\/strong> Y hay muchas posibilidades de que existan sanciones para los jugadores que participaron de la trifulca.<strong> La Conmebol investigar\u00e1 y estudiar\u00e1 minuciosamente las im\u00e1genes para luego tomar una determinaci\u00f3n.<\/strong><\/p>\n<\/div>\n<div class=\"custom-text \" readability=\"35.957746478873\">\n<p>Los futbolistas de la Celeste argumentaron que fueron a defender a un grupo de familiares que hab\u00eda sido v\u00edctima de actos de violencia por parte de los colombianos. En las im\u00e1genes se pudo ver a <a href=\"https:\/\/www.ole.com.ar\/tema\/darwin-nunez.html\" title=\"Darwin N\u00fa\u00f1ez\" alt=\"Darwin N\u00fa\u00f1ez\" class=\"slug\">Darwin N\u00fa\u00f1ez<\/a> tom\u00e1ndose a golpes de pu\u00f1o. <strong>Tambi\u00e9n aparecieron Jos\u00e9 Mar\u00eda Gim\u00e9nez, Ronald Ara\u00fajo y Mathias Olivera. Rodrigo Bentancur adem\u00e1s revole\u00f3 una botella de agua<\/strong> que impact\u00f3 de lleno<strong> en la cabeza de Santiago Ferro, preparador f\u00edsico de Uruguay<\/strong> que termin\u00f3 con una herida cortante.<\/p>\n<\/div>\n<div class=\"sc-e7b891c4-0 jPbnQF\"><img alt=\"En la platea hab\u00eda familiares de los futbolistas de Uruguay. (Foto: AFP)\" src=\"http:\/\/hoycordobaweb.com\/wp-content\/uploads\/2024\/07\/que-sanciones-podria-recibir-uruguay-tras-la-pelea-con-hinchas-colombianos-2.jpg\" width=\"720\" height=\"100\" decoding=\"async\" data-nimg=\"future\" loading=\"lazy\"><span class=\"epigraphe\">En la platea hab\u00eda familiares de los futbolistas de Uruguay. (Foto: AFP)<\/span><\/div>\n<div class=\"custom-text \" readability=\"37\">\n<p>La casa madre del f\u00fatbol sudamericano estudia posibles sanciones y a\u00fan no brind\u00f3 precisiones, pero public\u00f3 un comunicado:<strong> \u201cLa Conmebol condena en\u00e9rgicamente cualquier acto de violencia que afecte al f\u00fatbol. <\/strong>Nuestra labor parte de la convicci\u00f3n de que el f\u00fatbol nos conecta y nos une, a trav\u00e9s de sus valores positivos. <strong>No hay lugar para la intolerancia y la violencia dentro y fuera de la cancha.<\/strong> Invitamos a todos en los d\u00edas que quedan a volcar toda la pasi\u00f3n en alentar a sus selecciones y tener una fiesta inolvidable\u201c.<\/p>\n<\/div>\n<div class=\"custom-text \" readability=\"42.469135802469\">\n<p><strong>N\u00fa\u00f1ez, el m\u00e1s involucrado en la rencilla seg\u00fan lo que se pudo apreciar en los videos, se perder\u00eda, como m\u00ednimo, el partido ante Canad\u00e1.<\/strong> El reglamento de la Conmebol castiga \u201cviolar las pautas m\u00ednimas de lo que se ha de considerar como un comportamiento aceptable en el \u00e1mbito del deporte\u201d. <a href=\"https:\/\/www.ole.com.ar\/tema\/jose-maria-gimenez.html\" title=\"Jos\u00e9 Mar\u00eda Gim\u00e9nez\" alt=\"Jos\u00e9 Mar\u00eda Gim\u00e9nez\" class=\"slug\">Gim\u00e9nez<\/a>, en cambio, est\u00e1 complicado por sus declaraciones:<strong> \u201cDejame decirte una cosa porque s\u00e9 que te quieren cortar. Esto es un desastre, tuvimos que ir a la tribuna a sacar a nuestros seres queridos, con un bebito reci\u00e9n nacido. No hab\u00eda un solo polic\u00eda\u201d<\/strong>. El defensor <strong>se expone a una posible suspensi\u00f3n de entre uno y cinco partidos.<\/strong><\/p>\n<\/div>\n<div class=\"custom-text \" readability=\"33\">\n<p>Pi\u00f1as van, penas vienen.<\/p>\n<\/div>\n<div class=\"sc-e7b891c4-0 jPbnQF\"><img alt=\"El segundo comunicado de la Conmebol tras los incidentes en el partido entre Uruguay - Colombia. (Foto: Prensa Conmebol)\" src=\"http:\/\/hoycordobaweb.com\/wp-content\/uploads\/2024\/07\/que-sanciones-podria-recibir-uruguay-tras-la-pelea-con-hinchas-colombianos-3.jpg\" width=\"720\" height=\"100\" decoding=\"async\" data-nimg=\"future\" loading=\"lazy\"><span class=\"epigraphe\">El segundo comunicado de la Conmebol tras los incidentes en el partido entre Uruguay &#8211; Colombia. (Foto: Prensa Conmebol)<\/span><\/div>\n<h2><strong>El presidente de la AUF defendi\u00f3 a los jugadores<\/strong><\/h2>\n<div class=\"custom-text \" readability=\"41\">\n<p>El esc\u00e1ndalo que protagonizaron los futbolistas de Uruguay con los hinchas colombianos escal\u00f3 a punto tal que el presidente de la Asociaci\u00f3n Uruguaya de F\u00fatbol, Ignacio Alonso, tuvo que expresarse sobre el tema. <strong>\u201cLos jugadores simplemente protegieron a sus familias\u201d<\/strong>, asegur\u00f3 el dirigente. Y defendi\u00f3 a los jugadores de la Celeste: \u201cHasta ahora lo que hemos tenido es di\u00e1logo interno. <strong>Sabemos que hubo una reacci\u00f3n natural e instintiva de padre, de esposo, de hermano, de hijo que ve a su familia en un momento muy complicado. Ellos advirtieron que no permit\u00edan la evacuaci\u00f3n de sus seres queridos hacia la cancha. <\/strong>Eso es lo que el protocolo indica y no ocurri\u00f3\u201d.<\/p>\n<\/div>\n<div type=\"embed\" class=\"sc-3f46f5ae-0 djVTgz\">\n<div class=\"sc-3f46f5ae-1 fTjZec videoText\" id=\"contentTitleembedtjb0CgMD\" type=\"embed\"><svg fill=\"#ffffff\"><symbol id=\"play\" viewBox=\"0 0 512 512\"><path d=\"M512 256C512 397.4 397.4 512 256 512C114.6 512 0 397.4 0 256C0 114.6 114.6 0 256 0C397.4 0 512 114.6 512 256zM176 168V344C176 352.7 180.7 360.7 188.3 364.9C195.8 369.2 205.1 369 212.5 364.5L356.5 276.5C363.6 272.1 368 264.4 368 256C368 247.6 363.6 239.9 356.5 235.5L212.5 147.5C205.1 142.1 195.8 142.8 188.3 147.1C180.7 151.3 176 159.3 176 168V168z\" \/><\/symbol><use xlink:href=\"#play\" \/><\/svg><\/p>\n<div class=\"right\">\n<p>Copa Am\u00e9rica 2024<!-- --> &#8211;<!-- --> <span>&nbsp;<\/span><\/p>\n<h2 class=\"title-vid\">El caos post Uruguay-Colombia<\/h2>\n<\/div>\n<\/div>\n<p><span class=\"back\" id=\"spanBackembedtjb0CgMD\"><\/span><\/div>\n<div class=\"sc-a7166897-0 exHLBh\" readability=\"6.5\">\n<section readability=\"3\"><picture><img alt=\"Video: la canci\u00f3n de la selecci\u00f3n colombiana para la Copa Am\u00e9rica que se volvi\u00f3 furor en Argentina\" src=\"http:\/\/hoycordobaweb.com\/wp-content\/uploads\/2024\/07\/que-sanciones-podria-recibir-uruguay-tras-la-pelea-con-hinchas-colombianos-4.jpg\" width=\"290\" height=\"290\" decoding=\"async\" data-nimg=\"future\" loading=\"lazy\"><\/picture>\n<p><span>Mir\u00e1 tambi\u00e9n<\/span><\/p>\n<hr>\n<h3>Video: la canci\u00f3n de la selecci\u00f3n colombiana para la Copa Am\u00e9rica que se volvi\u00f3 furor en Argentina<\/h3>\n<\/section>\n<\/div>\n<div class=\"sc-a7166897-0 exHLBh\" readability=\"6\">\n<section readability=\"2\"><picture><img alt=\"Messi: &quot;Estoy mucho m\u00e1s tranquilo que antes&quot; y qu\u00e9 dijo de Colombia\" src=\"http:\/\/hoycordobaweb.com\/wp-content\/uploads\/2024\/07\/que-sanciones-podria-recibir-uruguay-tras-la-pelea-con-hinchas-colombianos-5.jpg\" width=\"290\" height=\"290\" decoding=\"async\" data-nimg=\"future\" loading=\"lazy\"><\/picture>\n<p><span>Mir\u00e1 tambi\u00e9n<\/span><\/p>\n<hr>\n<h3>Messi: \u00abEstoy mucho m\u00e1s tranquilo que antes\u00bb y qu\u00e9 dijo de Colombia<\/h3>\n<\/section>\n<\/div>\n<div class=\"sc-a7166897-0 exHLBh\" readability=\"6\">\n<section readability=\"2\"><picture><img alt=\"Mercado de pases: cerca de los 100 refuerzos en medio de la Copa Am\u00e9rica\" src=\"http:\/\/hoycordobaweb.com\/wp-content\/uploads\/2024\/07\/que-sanciones-podria-recibir-uruguay-tras-la-pelea-con-hinchas-colombianos-6.jpg\" width=\"290\" height=\"290\" decoding=\"async\" data-nimg=\"future\" loading=\"lazy\"><\/picture>\n<p><span>Mir\u00e1 tambi\u00e9n<\/span><\/p>\n<hr>\n<h3>Mercado de pases: cerca de los 100 refuerzos en medio de la Copa Am\u00e9rica<\/h3>\n<\/section>\n<\/div>\n<div class=\"sc-a7166897-0 exHLBh\" readability=\"6.5\">\n<section readability=\"3\"><picture><img alt=\"Todos los campeones de la Copa Am\u00e9rica y la lucha por ser el m\u00e1ximo ganador de la historia\" src=\"http:\/\/hoycordobaweb.com\/wp-content\/uploads\/2024\/07\/que-sanciones-podria-recibir-uruguay-tras-la-pelea-con-hinchas-colombianos-7.jpg\" width=\"290\" height=\"290\" decoding=\"async\" data-nimg=\"future\" loading=\"lazy\"><\/picture>\n<p><span>Mir\u00e1 tambi\u00e9n<\/span><\/p>\n<hr>\n<h3>Todos los campeones de la Copa Am\u00e9rica y la lucha por ser el m\u00e1ximo ganador de la historia<\/h3>\n<\/section>\n<\/div>\n<div class=\"sc-a7166897-0 exHLBh\" readability=\"6.5\">\n<section readability=\"3\"><picture><img alt=\"El nuevo comunicado de Conmebol tras los graves incidentes en la tribuna entre jugadores uruguayos e hinchas colombianos\" src=\"http:\/\/hoycordobaweb.com\/wp-content\/uploads\/2024\/07\/que-sanciones-podria-recibir-uruguay-tras-la-pelea-con-hinchas-colombianos-8.jpg\" width=\"290\" height=\"290\" decoding=\"async\" data-nimg=\"future\" loading=\"lazy\"><\/picture>\n<p><span>Mir\u00e1 tambi\u00e9n<\/span><\/p>\n<hr>\n<h3>El nuevo comunicado de Conmebol tras los graves incidentes en la tribuna entre jugadores uruguayos e hinchas colombianos<\/h3>\n<\/section>\n<\/div>\n<\/div>\n","protected":false},"excerpt":{"rendered":"<p>12\/07\/2024 00:37hs. Las im\u00e1genes del esc\u00e1ndalo que protagonizaron los futbolistas de Uruguay luego de la ca\u00edda ante Colombia por 1-0 en la semifinal de la Copa Am\u00e9rica contin\u00faan viraliz\u00e1ndose. Al menos cinco futbolistas de la selecci\u00f3n dirigida por Marcelo Bielsa estuvieron implicados en los graves incidentes que se registraron:una vez consumada la eliminaci\u00f3n se dirigieron [&hellip;]<\/p>\n","protected":false},"author":1,"featured_media":80218,"comment_status":"open","ping_status":"closed","sticky":false,"template":"","format":"standard","meta":[],"categories":[16],"tags":[],"_links":{"self":[{"href":"http:\/\/hoycordobaweb.com\/index.php\/wp-json\/wp\/v2\/posts\/80217"}],"collection":[{"href":"http:\/\/hoycordobaweb.com\/index.php\/wp-json\/wp\/v2\/posts"}],"about":[{"href":"http:\/\/hoycordobaweb.com\/index.php\/wp-json\/wp\/v2\/types\/post"}],"author":[{"embeddable":true,"href":"http:\/\/hoycordobaweb.com\/index.php\/wp-json\/wp\/v2\/users\/1"}],"replies":[{"embeddable":true,"href":"http:\/\/hoycordobaweb.com\/index.php\/wp-json\/wp\/v2\/comments?post=80217"}],"version-history":[{"count":0,"href":"http:\/\/hoycordobaweb.com\/index.php\/wp-json\/wp\/v2\/posts\/80217\/revisions"}],"wp:featuredmedia":[{"embeddable":true,"href":"http:\/\/hoycordobaweb.com\/index.php\/wp-json\/wp\/v2\/media\/80218"}],"wp:attachment":[{"href":"http:\/\/hoycordobaweb.com\/index.php\/wp-json\/wp\/v2\/media?parent=80217"}],"wp:term":[{"taxonomy":"category","embeddable":true,"href":"http:\/\/hoycordobaweb.com\/index.php\/wp-json\/wp\/v2\/categories?post=80217"},{"taxonomy":"post_tag","embeddable":true,"href":"http:\/\/hoycordobaweb.com\/index.php\/wp-json\/wp\/v2\/tags?post=80217"}],"curies":[{"name":"wp","href":"https:\/\/api.w.org\/{rel}","templated":true}]}}