{"id":80215,"date":"2024-07-12T01:10:35","date_gmt":"2024-07-12T01:10:35","guid":{"rendered":"https:\/\/www.ole.com.ar\/futbol-internacional\/lucero-durmio-flamengo-maracana-fortaleza-brasileirao_0_DXry8s2Clr.html"},"modified":"2024-07-12T01:10:35","modified_gmt":"2024-07-12T01:10:35","slug":"lucero-durmio-a-flamengo-en-el-maracana","status":"publish","type":"post","link":"http:\/\/hoycordobaweb.com\/index.php\/2024\/07\/12\/lucero-durmio-a-flamengo-en-el-maracana\/","title":{"rendered":"Lucero durmi\u00f3 a Flamengo en el Maracan\u00e1"},"content":{"rendered":"<p><img src=\"http:\/\/hoycordobaweb.com\/wp-content\/uploads\/2024\/07\/lucero-durmio-a-flamengo-en-el-maracana.jpg\"><\/p>\n<p><time class=\"createDate\" datetime=\"2024-07-11T22:10:35-03:00\">12\/07\/2024 01:10hs.<\/time><time class=\"modificatedDate\" datetime=\"2024-07-11T22:19:15-03:00\"> Actualizado al 12\/07\/2024 01:19hs.<\/time><\/p>\n<div id=\"storyBody\">\n<div class=\"custom-text \" readability=\"35.409090909091\">\n<p><strong><a href=\"https:\/\/www.ole.com.ar\/tema\/juan-martin-lucero.html\" title=\"Juan Martin Lucero\" alt=\"Juan Martin Lucero\" class=\"slug\">Juan Mart\u00edn Lucero <\/a><\/strong>ratific\u00f3 su gran momento para Fortaleza: el delantero argentino convirti\u00f3 un muy buen gol con un remate de afuera del \u00e1rea en<strong> el 2 a 1 de Fortaleza ante Flamengo en el Maracan\u00e1. <\/strong>Fue el tanto de la victoria del equipo que dirige Juan Pablo Vojvoda y que dej\u00f3 a los cariocas sin la punta del <a href=\"https:\/\/www.ole.com.ar\/tema\/brasileirao.html\" title=\"brasileirao\" alt=\"brasileirao\" class=\"slug\">Brasileirao<\/a>, ya que Palmeiras, con un gol del Flaco Jos\u00e9 L\u00f3pez, super\u00f3 3 a 1 a Atl\u00e9tico Goiniense y es l\u00edder del torneo.<\/p>\n<\/div>\n<div class=\"custom-text \" readability=\"37.335365853659\">\n<p>El ex Independiente y Defensa y Justicia hab\u00eda tenido una chance clara ante <strong><a href=\"https:\/\/www.ole.com.ar\/tema\/agustin-rossi.html\" title=\"Agust\u00edn Rossi\" alt=\"Agust\u00edn Rossi\" class=\"slug\">Agust\u00edn Rossi<\/a><\/strong>, ex arquero de Boca, pocos minutos antes, pero en la siguiente no perdon\u00f3, con un remate bajo y cruzado. Para el Gato fue su s\u00e9ptimo tanto en el certamen y el 21 en la temporada. A los 32 a\u00f1os muestra la mejor versi\u00f3n de su carrera.<\/p>\n<\/div>\n<p><h2><strong>Mir\u00e1 el gol<\/strong><\/h2>\n<\/p>\n<div type=\"embed\" class=\"sc-3f46f5ae-0 djVTgz\">\n<div class=\"sc-3f46f5ae-1 fTjZec videoText\" id=\"contentTitleembedgma5F4VO\" type=\"embed\"><svg fill=\"#ffffff\"><symbol id=\"play\" viewBox=\"0 0 512 512\"><path d=\"M512 256C512 397.4 397.4 512 256 512C114.6 512 0 397.4 0 256C0 114.6 114.6 0 256 0C397.4 0 512 114.6 512 256zM176 168V344C176 352.7 180.7 360.7 188.3 364.9C195.8 369.2 205.1 369 212.5 364.5L356.5 276.5C363.6 272.1 368 264.4 368 256C368 247.6 363.6 239.9 356.5 235.5L212.5 147.5C205.1 142.1 195.8 142.8 188.3 147.1C180.7 151.3 176 159.3 176 168V168z\" \/><\/symbol><use xlink:href=\"#play\" \/><\/svg><\/p>\n<div class=\"right\">\n<p>Fortaleza<!-- --> &#8211;<!-- --> <span>&nbsp;<\/span><\/p>\n<h2 class=\"title-vid\">Gol de Lucero a Flamengo<\/h2>\n<\/div>\n<\/div>\n<p><span class=\"back\" id=\"spanBackembedgma5F4VO\"><\/span><\/div>\n<div class=\"sc-e7b891c4-0 jPbnQF\"><img alt=\"Lucero festeja para Fortaleza (Reuters). \" src=\"http:\/\/hoycordobaweb.com\/wp-content\/uploads\/2024\/07\/lucero-durmio-a-flamengo-en-el-maracana-2.jpg\" width=\"720\" height=\"100\" decoding=\"async\" data-nimg=\"future\" loading=\"lazy\"><span class=\"epigraphe\">Lucero festeja para Fortaleza (Reuters). <\/span><\/div>\n<div class=\"custom-text \" readability=\"39\">\n<p>Para Fortaleza tambi\u00e9n jugaron el defensor Emanuel Br\u00edtez y el volante Tom\u00e1s Pochettino. Tuvieron que trabajar mucho porque Flamengo fue claro dominador, con 70% de chances. Hubo suerte en el arranque: el 1 a 0 fue un gol en contra de Wesley. Luego, Fla igual\u00f3 por un penal de Pedro, sancionado por la refer\u00ed Edina Alves, quien hab\u00eda dirigido en la Copa Am\u00e9rica.<\/p>\n<\/div>\n<div class=\"custom-text \" readability=\"36\">\n<p>Sobre el final, ingres\u00f3 Gabigol en Flamengo: su gol sobre la hora fue anulado por offside validado por el VAR. Si bien la prensa daba como muy posible su salida a Palmeiras, todav\u00eda no se concret\u00f3 el pase y su ingreso ante Fortaleza es una se\u00f1al de probable continuidad.<\/p>\n<\/div>\n<div class=\"custom-text \" readability=\"34\">\n<p>Los de Vojvoda quedaron en el s\u00e9ptimo puesto del torneo, de clasificaci\u00f3n a Copa Sudamericana y lejos de la zona del descenso.<\/p>\n<\/div>\n<div class=\"sc-e7b891c4-0 jPbnQF\"><img alt=\"Lucero festeja para Fortaleza (Reuters). \" src=\"http:\/\/hoycordobaweb.com\/wp-content\/uploads\/2024\/07\/lucero-durmio-a-flamengo-en-el-maracana-3.jpg\" width=\"720\" height=\"100\" decoding=\"async\" data-nimg=\"future\" loading=\"lazy\"><span class=\"epigraphe\">Lucero festeja para Fortaleza (Reuters). <\/span><\/div>\n<div class=\"sc-e7b891c4-0 jPbnQF\"><img alt=\"Lucero festeja para Fortaleza (Reuters). \" src=\"http:\/\/hoycordobaweb.com\/wp-content\/uploads\/2024\/07\/lucero-durmio-a-flamengo-en-el-maracana-4.jpg\" width=\"720\" height=\"100\" decoding=\"async\" data-nimg=\"future\" loading=\"lazy\"><span class=\"epigraphe\">Lucero festeja para Fortaleza (Reuters). <\/span><\/div>\n<p><h2><strong>Fluminense sigue \u00faltimo<\/strong><\/h2>\n<\/p>\n<div class=\"custom-text \" readability=\"36\">\n<p>El \u00faltimo campe\u00f3n de la Libertadores empat\u00f3 1 a 1 ante Criciuma y, con ocho puntos en 16 fechas, sigue \u00faltimo, a seis unidades de la zona de salvaci\u00f3n.<\/p>\n<\/div>\n<div class=\"sc-a7166897-0 exHLBh\" readability=\"6\">\n<section readability=\"2\"><picture><img alt=\"Por qu\u00e9 Gonzalo Montiel no se entren\u00f3 a la par de la Selecci\u00f3n\" src=\"http:\/\/hoycordobaweb.com\/wp-content\/uploads\/2024\/07\/lucero-durmio-a-flamengo-en-el-maracana-5.jpg\" width=\"290\" height=\"290\" decoding=\"async\" data-nimg=\"future\" loading=\"lazy\"><\/picture>\n<p><span>Mir\u00e1 tambi\u00e9n<\/span><\/p>\n<hr>\n<h3>Por qu\u00e9 Gonzalo Montiel no se entren\u00f3 a la par de la Selecci\u00f3n<\/h3>\n<\/p>\n<\/section>\n<\/div>\n<div class=\"sc-a7166897-0 exHLBh\" readability=\"6\">\n<section readability=\"2\"><picture><img alt=\"Qu\u00e9 sanciones podr\u00eda recibir Uruguay tras la pelea con hinchas colombianos\" src=\"http:\/\/hoycordobaweb.com\/wp-content\/uploads\/2024\/07\/lucero-durmio-a-flamengo-en-el-maracana-6.jpg\" width=\"290\" height=\"290\" decoding=\"async\" data-nimg=\"future\" loading=\"lazy\"><\/picture>\n<p><span>Mir\u00e1 tambi\u00e9n<\/span><\/p>\n<hr>\n<h3>Qu\u00e9 sanciones podr\u00eda recibir Uruguay tras la pelea con hinchas colombianos<\/h3>\n<\/p>\n<\/section>\n<\/div>\n<\/div>\n","protected":false},"excerpt":{"rendered":"<p>12\/07\/2024 01:10hs. Actualizado al 12\/07\/2024 01:19hs. Juan Mart\u00edn Lucero ratific\u00f3 su gran momento para Fortaleza: el delantero argentino convirti\u00f3 un muy buen gol con un remate de afuera del \u00e1rea en el 2 a 1 de Fortaleza ante Flamengo en el Maracan\u00e1. Fue el tanto de la victoria del equipo que dirige Juan Pablo Vojvoda [&hellip;]<\/p>\n","protected":false},"author":1,"featured_media":80216,"comment_status":"open","ping_status":"closed","sticky":false,"template":"","format":"standard","meta":[],"categories":[16],"tags":[],"_links":{"self":[{"href":"http:\/\/hoycordobaweb.com\/index.php\/wp-json\/wp\/v2\/posts\/80215"}],"collection":[{"href":"http:\/\/hoycordobaweb.com\/index.php\/wp-json\/wp\/v2\/posts"}],"about":[{"href":"http:\/\/hoycordobaweb.com\/index.php\/wp-json\/wp\/v2\/types\/post"}],"author":[{"embeddable":true,"href":"http:\/\/hoycordobaweb.com\/index.php\/wp-json\/wp\/v2\/users\/1"}],"replies":[{"embeddable":true,"href":"http:\/\/hoycordobaweb.com\/index.php\/wp-json\/wp\/v2\/comments?post=80215"}],"version-history":[{"count":0,"href":"http:\/\/hoycordobaweb.com\/index.php\/wp-json\/wp\/v2\/posts\/80215\/revisions"}],"wp:featuredmedia":[{"embeddable":true,"href":"http:\/\/hoycordobaweb.com\/index.php\/wp-json\/wp\/v2\/media\/80216"}],"wp:attachment":[{"href":"http:\/\/hoycordobaweb.com\/index.php\/wp-json\/wp\/v2\/media?parent=80215"}],"wp:term":[{"taxonomy":"category","embeddable":true,"href":"http:\/\/hoycordobaweb.com\/index.php\/wp-json\/wp\/v2\/categories?post=80215"},{"taxonomy":"post_tag","embeddable":true,"href":"http:\/\/hoycordobaweb.com\/index.php\/wp-json\/wp\/v2\/tags?post=80215"}],"curies":[{"name":"wp","href":"https:\/\/api.w.org\/{rel}","templated":true}]}}