{"id":80211,"date":"2024-07-12T01:46:56","date_gmt":"2024-07-12T01:46:56","guid":{"rendered":"https:\/\/www.ole.com.ar\/river-plate\/bareiro-river-grandeza-unica_0_swEhicrOg8.html"},"modified":"2024-07-12T01:46:56","modified_gmt":"2024-07-12T01:46:56","slug":"bareiro-river-tiene-una-grandeza-unica","status":"publish","type":"post","link":"http:\/\/hoycordobaweb.com\/index.php\/2024\/07\/12\/bareiro-river-tiene-una-grandeza-unica\/","title":{"rendered":"Bareiro: \u00abRiver tiene una grandeza \u00fanica\u00bb"},"content":{"rendered":"<p><img src=\"http:\/\/hoycordobaweb.com\/wp-content\/uploads\/2024\/07\/bareiro-river-tiene-una-grandeza-unica.jpg\"><\/p>\n<p><time class=\"createDate\" datetime=\"2024-07-11T22:46:56-03:00\">12\/07\/2024 01:46hs.<\/time><\/p>\n<div id=\"storyBody\">\n<div class=\"custom-text \" readability=\"27.765957446809\">\n<p><strong><a href=\"https:\/\/www.ole.com.ar\/tema\/adam-bareiro.html\" title=\"Adam Bareiro\" alt=\"Adam Bareiro\" class=\"slug\">Adam Bareiro<\/a><\/strong>, poco despu\u00e9s <a href=\"https:\/\/www.ole.com.ar\/river-plate\/river-plate-adam-bareiro-san-lorenzo-nuevo-acuerdo_0_ipVZfZKtBf.html\" target=\"_self\" title=\"de firmar su contrato con River\" alt=\"de firmar su contrato con River\" rel=\"noopener noreferrer\">de firmar su contrato con River<\/a>, dio sus primeras declaraciones con la Banda. Lo hizo en el sitio oficial del club, mientras recorr\u00eda la cancha del Monumental.<\/p>\n<\/div>\n<div class=\"custom-text \" readability=\"46\">\n<p>\u00abImportant\u00edsimo, muy importante, por eso tom\u00e9 la decisi\u00f3n de venir ac\u00e1. Estoy ac\u00e1 por eso, futbol\u00edsticamente es algo hermoso para m\u00ed, una oportunidad \u00fanica. Es un club muy respetado, a nivel mundial, conocido por todos, <strong>la verdad que tiene una grandeza \u00fanica<\/strong>, son cosas que te dan&#8230; es un poco m\u00e1s f\u00e1cil la decisi\u00f3n de decirle que s\u00ed a River. As\u00ed, que es eso, mucha grandeza y espero poder disfrutar\u00bb, afirm\u00f3<\/p>\n<\/div>\n<div class=\"custom-text \" readability=\"34\">\n<p>\u00abVa es estar lindo. Espero ver el estadio lleno. Me va a tocar estar disfrutando de ellos. Que ellos nos den alegr\u00eda a nosotros y nosotros a ellos dentro de la cancha\u00bb, cont\u00f3 Adam.<\/p>\n<\/div>\n<p><h2><strong>Mir\u00e1 el video<\/strong><\/h2>\n<\/p>\n<div type=\"embed\" class=\"sc-3f46f5ae-0 djVTgz\">\n<div class=\"sc-3f46f5ae-1 fTjZec videoText\" id=\"contentTitleembedt86NRNgQ\" type=\"embed\"><svg fill=\"#ffffff\"><symbol id=\"play\" viewBox=\"0 0 512 512\"><path d=\"M512 256C512 397.4 397.4 512 256 512C114.6 512 0 397.4 0 256C0 114.6 114.6 0 256 0C397.4 0 512 114.6 512 256zM176 168V344C176 352.7 180.7 360.7 188.3 364.9C195.8 369.2 205.1 369 212.5 364.5L356.5 276.5C363.6 272.1 368 264.4 368 256C368 247.6 363.6 239.9 356.5 235.5L212.5 147.5C205.1 142.1 195.8 142.8 188.3 147.1C180.7 151.3 176 159.3 176 168V168z\" \/><\/symbol><use xlink:href=\"#play\" \/><\/svg><\/p>\n<div class=\"right\">\n<p>River Plate<!-- --> &#8211;<!-- --> <span>&nbsp;<\/span><\/p>\n<h2 class=\"title-vid\">El orgullo de Bareiro en el Monumental<\/h2>\n<\/div>\n<\/div>\n<p><span class=\"back\" id=\"spanBackembedt86NRNgQ\"><\/span><\/div>\n<p><h2><strong>C\u00f3mo fue el pase<\/strong><\/h2>\n<\/p>\n<div class=\"custom-text \" readability=\"41\">\n<p>As\u00ed las cosas, River pagar\u00e1 u$s 4,5 millones netos (un mill\u00f3n m\u00e1s que la cl\u00e1usula de rescisi\u00f3n) en dos cuotas (2,5 millones cash y el resto en un pago), sin bonos ni plusval\u00eda. El propio club de Boedo, esta vez, lo hizo oficial a trav\u00e9s de sus redes a las 17.45 de este jueves para que no quedaran dudas y desde N\u00fa\u00f1ez le dieron la bienvenida por los mismos medios a las 20.01.<\/p>\n<\/div>\n<div class=\"sc-e7b891c4-0 jPbnQF\"><img alt=\"Brito Bareiro\nPrensa River\" src=\"http:\/\/hoycordobaweb.com\/wp-content\/uploads\/2024\/07\/bareiro-river-tiene-una-grandeza-unica-2.jpg\" width=\"720\" height=\"100\" decoding=\"async\" data-nimg=\"future\" loading=\"lazy\"><span class=\"epigraphe\">Brito Bareiro<br \/>\nPrensa River<\/span><\/div>\n<div class=\"custom-text \" readability=\"39\">\n<p>Con la revisi\u00f3n consumada, el Pr\u00edncipe se traslad\u00f3 directamente al Monumental para estampar su firma en un contrato por 41 meses, hasta diciembre del 2027, que adem\u00e1s contendr\u00e1 una cl\u00e1usula de rescisi\u00f3n cuyo monto en N\u00fanez est\u00e1n terminando de decidir si ser\u00e1 de u$s 10 millones o u$s 15 millones. De esta manera, en la tarde de este viernes se sumar\u00e1 a los entrenamientos en el Hilton de Pilar.<\/p>\n<\/div>\n<div class=\"custom-text \" readability=\"42\">\n<p>A los 27 a\u00f1os, River ser\u00e1 el octavo club de su carrera luego de una trayectoria que se inici\u00f3 en Olimpia de Paraguay y continu\u00f3 en River y Nacional de aquel pa\u00eds, Monterrey y Atl\u00e9tico San Luis de M\u00e9xico, San Lorenzo y Alanyaspor de Turqu\u00eda, al equipo de Micho llega en el punto m\u00e1s alto de su carrera, tras un primer semestre del 2024 en el que disput\u00f3 21 partidos (20 como titular), tuvo 1.776 minutos en cancha, hizo 7 goles y dio 1 asistencia.<\/p>\n<\/div>\n<div class=\"custom-text \" readability=\"33\">\n<p>Este viernes, el paraguayo tendr\u00e1 su primer entrenamiento.<\/p>\n<\/div>\n<div class=\"sc-e7b891c4-0 jPbnQF\"><img alt=\"La felicidad de Bareiro al poner el gancho con River hasta diciembre de 2027.\" src=\"http:\/\/hoycordobaweb.com\/wp-content\/uploads\/2024\/07\/bareiro-river-tiene-una-grandeza-unica-3.jpg\" width=\"720\" height=\"100\" decoding=\"async\" data-nimg=\"future\" loading=\"lazy\"><span class=\"epigraphe\">La felicidad de Bareiro al poner el gancho con River hasta diciembre de 2027.<\/span><\/div>\n<div class=\"sc-a7166897-0 exHLBh\" readability=\"6.5\">\n<section readability=\"3\"><picture><img alt=\"River present\u00f3 oficialmente a Bareiro, su sexto refuerzo del mercado\" src=\"http:\/\/hoycordobaweb.com\/wp-content\/uploads\/2024\/07\/bareiro-river-tiene-una-grandeza-unica-4.jpg\" width=\"290\" height=\"290\" decoding=\"async\" data-nimg=\"future\" loading=\"lazy\"><\/picture>\n<p><span>Mir\u00e1 tambi\u00e9n<\/span><\/p>\n<hr>\n<h3>River present\u00f3 oficialmente a Bareiro, su sexto refuerzo del mercado<\/h3>\n<\/p>\n<\/section>\n<\/div>\n<div class=\"sc-a7166897-0 exHLBh\" readability=\"6.5\">\n<section readability=\"3\"><picture><img alt=\"La frutilla del postre en River: Luciano Rodr\u00edguez, un sue\u00f1o complicado\" src=\"http:\/\/hoycordobaweb.com\/wp-content\/uploads\/2024\/07\/bareiro-river-tiene-una-grandeza-unica-5.jpg\" width=\"290\" height=\"290\" decoding=\"async\" data-nimg=\"future\" loading=\"lazy\"><\/picture>\n<p><span>Mir\u00e1 tambi\u00e9n<\/span><\/p>\n<hr>\n<h3>La frutilla del postre en River: Luciano Rodr\u00edguez, un sue\u00f1o complicado<\/h3>\n<\/p>\n<\/section>\n<\/div>\n<\/div>\n","protected":false},"excerpt":{"rendered":"<p>12\/07\/2024 01:46hs. Adam Bareiro, poco despu\u00e9s de firmar su contrato con River, dio sus primeras declaraciones con la Banda. Lo hizo en el sitio oficial del club, mientras recorr\u00eda la cancha del Monumental. \u00abImportant\u00edsimo, muy importante, por eso tom\u00e9 la decisi\u00f3n de venir ac\u00e1. Estoy ac\u00e1 por eso, futbol\u00edsticamente es algo hermoso para m\u00ed, una [&hellip;]<\/p>\n","protected":false},"author":1,"featured_media":80212,"comment_status":"open","ping_status":"closed","sticky":false,"template":"","format":"standard","meta":[],"categories":[16],"tags":[],"_links":{"self":[{"href":"http:\/\/hoycordobaweb.com\/index.php\/wp-json\/wp\/v2\/posts\/80211"}],"collection":[{"href":"http:\/\/hoycordobaweb.com\/index.php\/wp-json\/wp\/v2\/posts"}],"about":[{"href":"http:\/\/hoycordobaweb.com\/index.php\/wp-json\/wp\/v2\/types\/post"}],"author":[{"embeddable":true,"href":"http:\/\/hoycordobaweb.com\/index.php\/wp-json\/wp\/v2\/users\/1"}],"replies":[{"embeddable":true,"href":"http:\/\/hoycordobaweb.com\/index.php\/wp-json\/wp\/v2\/comments?post=80211"}],"version-history":[{"count":0,"href":"http:\/\/hoycordobaweb.com\/index.php\/wp-json\/wp\/v2\/posts\/80211\/revisions"}],"wp:featuredmedia":[{"embeddable":true,"href":"http:\/\/hoycordobaweb.com\/index.php\/wp-json\/wp\/v2\/media\/80212"}],"wp:attachment":[{"href":"http:\/\/hoycordobaweb.com\/index.php\/wp-json\/wp\/v2\/media?parent=80211"}],"wp:term":[{"taxonomy":"category","embeddable":true,"href":"http:\/\/hoycordobaweb.com\/index.php\/wp-json\/wp\/v2\/categories?post=80211"},{"taxonomy":"post_tag","embeddable":true,"href":"http:\/\/hoycordobaweb.com\/index.php\/wp-json\/wp\/v2\/tags?post=80211"}],"curies":[{"name":"wp","href":"https:\/\/api.w.org\/{rel}","templated":true}]}}