{"id":80208,"date":"2024-07-11T12:52:03","date_gmt":"2024-07-11T12:52:03","guid":{"rendered":"https:\/\/ladecimaweb.com\/?p=28033"},"modified":"2024-07-11T12:52:03","modified_gmt":"2024-07-11T12:52:03","slug":"atencion-corte-total-sobre-puente-del-chateau","status":"publish","type":"post","link":"http:\/\/hoycordobaweb.com\/index.php\/2024\/07\/11\/atencion-corte-total-sobre-puente-del-chateau\/","title":{"rendered":"\u00a1Atenci\u00f3n!: corte total sobre Puente del Chateau"},"content":{"rendered":"<div class=\"boldgrid-section\">\n<div class=\"container\">\n<div class=\"row\">\n<div class=\"col-md-12 col-xs-12 col-sm-12\">\n<p class>Por la reparaci\u00f3n del asfalto sobre calle Ramon C\u00e1rcano (Puente del Chateau) entre Circunvalaci\u00f3n y Carlos Federico Gauss, la empresa Aguas Cordobesas realizar\u00e1 un corte total.<\/p>\n<p>La medida comenzar\u00e1 a las 10:00 y se extender\u00e1 hasta las 17:00 horas aproximadamente.<\/p>\n<p class>Los veh\u00edculos que transiten por Av. Gauss deber\u00e1n desviar en Berzelius con direcci\u00f3n a la Mujer Urbana para continuar su recorrido.<\/p>\n<p class>La l\u00ednea 71 de colectivos desv\u00eda de la siguiente manera: Gauss &#8211; Berzelius &#8211; Pappin &#8211; Laplace &#8211; Mujer Urbana &#8211; Colectora &#8211; Av. Circunvalaci\u00f3n &#8211; Rotonda Feriar &#8211; Ram\u00f3n C\u00e1rcano &#8211; su ruta.<\/p>\n<p>&nbsp;<\/p>\n<p class>\n<div class=\"ubm_banner\"><a href=\"https:\/\/www.cba.gov.ar\/cordoba-sumo-250-moviles-policiales-al-patrullaje-preventivo\/\" target=\"_blank\" rel=\"dofollow noopener noreferrer\"><img src=\"http:\/\/hoycordobaweb.com\/wp-content\/uploads\/2024\/07\/atencion-corte-total-sobre-puente-del-chateau.gif\" width=\"900\" alt><\/a><\/div>\n<\/div>\n<\/div>\n<\/div>\n<\/div>\n<p>La entrada <a rel=\"nofollow\" href=\"https:\/\/ladecimaweb.com\/atencion-corte-total-sobre-puente-del-chateau\/\">\u00a1Atenci\u00f3n!: corte total sobre Puente del Chateau<\/a> se public\u00f3 primero en <a rel=\"nofollow\" href=\"https:\/\/ladecimaweb.com\">LaDecima<\/a>.<\/p>\n","protected":false},"excerpt":{"rendered":"<p>Por la reparaci\u00f3n del asfalto sobre calle Ramon C\u00e1rcano (Puente del Chateau) entre Circunvalaci\u00f3n y Carlos Federico Gauss, la empresa Aguas Cordobesas realizar\u00e1 un corte total. La medida comenzar\u00e1 a las 10:00 y se extender\u00e1 hasta las 17:00 horas aproximadamente. Los veh\u00edculos que transiten por Av. Gauss deber\u00e1n desviar en Berzelius con direcci\u00f3n a la [&hellip;]<\/p>\n","protected":false},"author":1,"featured_media":0,"comment_status":"closed","ping_status":"closed","sticky":false,"template":"","format":"standard","meta":[],"categories":[32],"tags":[],"_links":{"self":[{"href":"http:\/\/hoycordobaweb.com\/index.php\/wp-json\/wp\/v2\/posts\/80208"}],"collection":[{"href":"http:\/\/hoycordobaweb.com\/index.php\/wp-json\/wp\/v2\/posts"}],"about":[{"href":"http:\/\/hoycordobaweb.com\/index.php\/wp-json\/wp\/v2\/types\/post"}],"author":[{"embeddable":true,"href":"http:\/\/hoycordobaweb.com\/index.php\/wp-json\/wp\/v2\/users\/1"}],"replies":[{"embeddable":true,"href":"http:\/\/hoycordobaweb.com\/index.php\/wp-json\/wp\/v2\/comments?post=80208"}],"version-history":[{"count":0,"href":"http:\/\/hoycordobaweb.com\/index.php\/wp-json\/wp\/v2\/posts\/80208\/revisions"}],"wp:attachment":[{"href":"http:\/\/hoycordobaweb.com\/index.php\/wp-json\/wp\/v2\/media?parent=80208"}],"wp:term":[{"taxonomy":"category","embeddable":true,"href":"http:\/\/hoycordobaweb.com\/index.php\/wp-json\/wp\/v2\/categories?post=80208"},{"taxonomy":"post_tag","embeddable":true,"href":"http:\/\/hoycordobaweb.com\/index.php\/wp-json\/wp\/v2\/tags?post=80208"}],"curies":[{"name":"wp","href":"https:\/\/api.w.org\/{rel}","templated":true}]}}