{"id":80177,"date":"2024-07-11T01:59:43","date_gmt":"2024-07-11T01:59:43","guid":{"rendered":"https:\/\/www.ole.com.ar\/futbol-internacional\/america\/rosario-central-eduardo-coudet-internacional-porto-alegre_0_4gGWiNr98H.html"},"modified":"2024-07-11T01:59:43","modified_gmt":"2024-07-11T01:59:43","slug":"a-una-semana-de-jugar-con-central-coudet-se-fue-de-inter","status":"publish","type":"post","link":"http:\/\/hoycordobaweb.com\/index.php\/2024\/07\/11\/a-una-semana-de-jugar-con-central-coudet-se-fue-de-inter\/","title":{"rendered":"A una semana de jugar con Central, Coudet se fue de Inter"},"content":{"rendered":"<p><img src=\"http:\/\/hoycordobaweb.com\/wp-content\/uploads\/2024\/07\/a-una-semana-de-jugar-con-central-coudet-se-fue-de-inter.jpg\"><\/p>\n<p><time class=\"createDate\" datetime=\"2024-07-10T22:59:43-03:00\">11\/07\/2024 01:59hs.<\/time><\/p>\n<div id=\"storyBody\">\n<div class=\"custom-text \" readability=\"38\">\n<p>\u00bfSon cosas del destino? A una semana del cruce por los playoffs de la Sudamericana entre Rosario Central e Inter de Porto Alegre, el Chacho Coudet dej\u00f3 de ser el entrenador del equipo de Porto Alegre. <strong>Claro, en Rosario ya palpitaban un cruce de esos que siempre hubiesen preferido evitar.<\/strong> E incluso para el propio Coudet iba a ser un duelo cargado de emoci\u00f3n, porque el v\u00ednculo entre el entrenador y el Canalla va mucho m\u00e1s all\u00e1 del deporte. <\/p>\n<\/div>\n<p><h2>Coudet se va de Inter y no enfrentar\u00e1 a Central<\/h2>\n<\/p>\n<div class=\"custom-text \" readability=\"38\">\n<p>Pero finalmente no habr\u00e1 duelo entre Rosario Central y Eduardo Coudet. Este mi\u00e9rcoles, tras caer 2-1 ante Juventude en Copa de Brasil, el conjunto colorado decidi\u00f3 despidir a Eduardo Coudet. Inmediatamente despu\u00e9s de la ca\u00edda en condici\u00f3n de local <strong>el entrenador no continuar\u00e1 al mando del banco del equipo de Porto Alegre, pese a que a\u00fan resta el duelo de vuelta. <\/strong><\/p>\n<\/div>\n<div class=\"sc-e7b891c4-0 jPbnQF\"><img alt=\"Internacional's Argentine coach Eduardo Coudet reacts during the Copa Sudamericana group stage second leg football match between Brazil's Internacional and Argentina's Belgrano at Arena Barueri stadium in Sao Paulo on May 28, 2024. (Photo by Miguel Schincariol \/ AFP)\" src=\"http:\/\/hoycordobaweb.com\/wp-content\/uploads\/2024\/07\/a-una-semana-de-jugar-con-central-coudet-se-fue-de-inter-2.jpg\" width=\"720\" height=\"100\" decoding=\"async\" data-nimg=\"future\" loading=\"lazy\"><span class=\"epigraphe\">Internacional&#8217;s Argentine coach Eduardo Coudet reacts during the Copa Sudamericana group stage second leg football match between Brazil&#8217;s Internacional and Argentina&#8217;s Belgrano at Arena Barueri stadium in Sao Paulo on May 28, 2024. (Photo by Miguel Schincariol \/ AFP)<\/span><\/div>\n<div class=\"custom-text \" readability=\"39\">\n<p>Claro, la relaci\u00f3n entre el Chacho y los hinchas de Inter de Porto Alegre no era la mejor desde hace rato. Si bien el equipo hab\u00eda alcanzado las semifinales de la Copa Libertadores 2023, <strong>el DT siempre estuvo cuestionado por la torcida del sur de Brasil.<\/strong> De hecho, luego de clasificarse en segunda posici\u00f3n del Grupo C de la Copa Sudamericana, el entrenador enfrent\u00f3 a los simpatizantes de su equipos luego de que lo hayan criticado durante todo el duelo frente a Delf\u00edn de Ecuador. <\/p>\n<\/div>\n<div class=\"custom-text \" readability=\"38\">\n<p>Cabe destacar que el presente del equipo de Porto Alegre no era el mejor. La \u00faltima vez que hab\u00eda ganado fue el 22 de junio en la victoria 1-0 en el cl\u00e1sico del sur brasile\u00f1o sobre Gremio. <strong>Tras el regional, el conjunto del Chacho encaden\u00f3 cinco partidos sin victorias que, tras la derrota ante Juventude, catapultaron al DT argentino. <\/strong><\/p>\n<\/div>\n<div class=\"sc-e7b891c4-0 jPbnQF\"><img alt=\"Soccer Football - Brasileiro Championship - Palmeiras v Internacional - Arena Barueri, Barueri, Brazil - April 17, 2024\nInternacional coach Eduardo Coudet before the match REUTERS\/Carla Carniel\" src=\"http:\/\/hoycordobaweb.com\/wp-content\/uploads\/2024\/07\/a-una-semana-de-jugar-con-central-coudet-se-fue-de-inter-3.jpg\" width=\"720\" height=\"100\" decoding=\"async\" data-nimg=\"future\" loading=\"lazy\"><span class=\"epigraphe\">Soccer Football &#8211; Brasileiro Championship &#8211; Palmeiras v Internacional &#8211; Arena Barueri, Barueri, Brazil &#8211; April 17, 2024<br \/>\nInternacional coach Eduardo Coudet before the match REUTERS\/Carla Carniel<\/span><\/div>\n<div class=\"sc-a7166897-0 exHLBh\" readability=\"6\">\n<section readability=\"2\"><picture><img alt=\"La Selecci\u00f3n lleg\u00f3 a Miami y ya se enfoca de lleno en la final\" src=\"http:\/\/hoycordobaweb.com\/wp-content\/uploads\/2024\/07\/a-una-semana-de-jugar-con-central-coudet-se-fue-de-inter-4.jpg\" width=\"290\" height=\"290\" decoding=\"async\" data-nimg=\"future\" loading=\"lazy\"><\/picture>\n<p><span>Mir\u00e1 tambi\u00e9n<\/span><\/p>\n<hr>\n<h3>La Selecci\u00f3n lleg\u00f3 a Miami y ya se enfoca de lleno en la final<\/h3>\n<\/p>\n<\/section>\n<\/div>\n<div class=\"sc-a7166897-0 exHLBh\" readability=\"6\">\n<section readability=\"2\"><picture><img alt=\"Video: inexplicable codazo y expulsi\u00f3n del colombiano Daniel Mu\u00f1oz\" src=\"http:\/\/hoycordobaweb.com\/wp-content\/uploads\/2024\/07\/a-una-semana-de-jugar-con-central-coudet-se-fue-de-inter-5.jpg\" width=\"290\" height=\"290\" decoding=\"async\" data-nimg=\"future\" loading=\"lazy\"><\/picture>\n<p><span>Mir\u00e1 tambi\u00e9n<\/span><\/p>\n<hr>\n<h3>Video: inexplicable codazo y expulsi\u00f3n del colombiano Daniel Mu\u00f1oz<\/h3>\n<\/p>\n<\/section>\n<\/div>\n<div class=\"sc-a7166897-0 exHLBh\" readability=\"6\">\n<section readability=\"2\"><picture><img alt=\"Videos: resumen y lo mejor de Colombia 1-Uruguay 0\" src=\"http:\/\/hoycordobaweb.com\/wp-content\/uploads\/2024\/07\/a-una-semana-de-jugar-con-central-coudet-se-fue-de-inter-6.jpg\" width=\"290\" height=\"290\" decoding=\"async\" data-nimg=\"future\" loading=\"lazy\"><\/picture>\n<p><span>Mir\u00e1 tambi\u00e9n<\/span><\/p>\n<hr>\n<h3>Videos: resumen y lo mejor de Colombia 1-Uruguay 0<\/h3>\n<\/p>\n<\/section>\n<\/div>\n<\/div>\n","protected":false},"excerpt":{"rendered":"<p>11\/07\/2024 01:59hs. \u00bfSon cosas del destino? A una semana del cruce por los playoffs de la Sudamericana entre Rosario Central e Inter de Porto Alegre, el Chacho Coudet dej\u00f3 de ser el entrenador del equipo de Porto Alegre. Claro, en Rosario ya palpitaban un cruce de esos que siempre hubiesen preferido evitar. E incluso para [&hellip;]<\/p>\n","protected":false},"author":1,"featured_media":0,"comment_status":"open","ping_status":"closed","sticky":false,"template":"","format":"standard","meta":[],"categories":[16],"tags":[],"_links":{"self":[{"href":"http:\/\/hoycordobaweb.com\/index.php\/wp-json\/wp\/v2\/posts\/80177"}],"collection":[{"href":"http:\/\/hoycordobaweb.com\/index.php\/wp-json\/wp\/v2\/posts"}],"about":[{"href":"http:\/\/hoycordobaweb.com\/index.php\/wp-json\/wp\/v2\/types\/post"}],"author":[{"embeddable":true,"href":"http:\/\/hoycordobaweb.com\/index.php\/wp-json\/wp\/v2\/users\/1"}],"replies":[{"embeddable":true,"href":"http:\/\/hoycordobaweb.com\/index.php\/wp-json\/wp\/v2\/comments?post=80177"}],"version-history":[{"count":0,"href":"http:\/\/hoycordobaweb.com\/index.php\/wp-json\/wp\/v2\/posts\/80177\/revisions"}],"wp:attachment":[{"href":"http:\/\/hoycordobaweb.com\/index.php\/wp-json\/wp\/v2\/media?parent=80177"}],"wp:term":[{"taxonomy":"category","embeddable":true,"href":"http:\/\/hoycordobaweb.com\/index.php\/wp-json\/wp\/v2\/categories?post=80177"},{"taxonomy":"post_tag","embeddable":true,"href":"http:\/\/hoycordobaweb.com\/index.php\/wp-json\/wp\/v2\/tags?post=80177"}],"curies":[{"name":"wp","href":"https:\/\/api.w.org\/{rel}","templated":true}]}}