{"id":80171,"date":"2024-07-11T02:26:26","date_gmt":"2024-07-11T02:26:26","guid":{"rendered":"https:\/\/www.ole.com.ar\/copa-america\/video-pinas-uruguay-jugadores-colombia_0_TC3DorOull.html"},"modified":"2024-07-11T02:26:26","modified_gmt":"2024-07-11T02:26:26","slug":"escandalo-pinas-de-jugadores-uruguayos-con-hinchas-colombianos-en-una-tribuna","status":"publish","type":"post","link":"http:\/\/hoycordobaweb.com\/index.php\/2024\/07\/11\/escandalo-pinas-de-jugadores-uruguayos-con-hinchas-colombianos-en-una-tribuna\/","title":{"rendered":"Esc\u00e1ndalo: pi\u00f1as de jugadores uruguayos con hinchas colombianos en una tribuna"},"content":{"rendered":"<p><img src=\"http:\/\/hoycordobaweb.com\/wp-content\/uploads\/2024\/07\/escandalo-pinas-de-jugadores-uruguayos-con-hinchas-colombianos-en-una-tribuna.jpg\"><\/p>\n<p><time class=\"createDate\" datetime=\"2024-07-10T23:26:26-03:00\">11\/07\/2024 02:26hs.<\/time><time class=\"modificatedDate\" datetime=\"2024-07-10T23:45:57-03:00\"> Actualizado al 11\/07\/2024 02:45hs.<\/time><\/p>\n<div id=\"storyBody\">\n<div class=\"custom-text \" readability=\"35.177718832891\">\n<p>Minutos despu\u00e9s del final de un partido caliente como fue el <a href=\"https:\/\/www.ole.com.ar\/tema\/seleccion-de-colombia.html\" title=\"Selecci\u00f3n de Colombia\" alt=\"Selecci\u00f3n de Colombia\" class=\"slug\">Colombia<\/a> 1-<a href=\"https:\/\/www.ole.com.ar\/tema\/supercopa-uruguaya.html\" title=\"Supercopa uruguaya\" alt=\"Supercopa uruguaya\" class=\"slug\">Uruguay<\/a> 0 por la segunda semifinal de la <a href=\"https:\/\/www.ole.com.ar\/tema\/copa-america.html\" title=\"Copa America\" alt=\"Copa America\" class=\"slug\">Copa Am\u00e9rica<\/a>, luego de varios cruces, roces y tambi\u00e9n golpes en la cancha como el que gener\u00f3 la roja a Mu\u00f1oz en el primer tiempo, despu\u00e9s de una fuerte discusi\u00f3n entre Luis Su\u00e1rez y Yerry Mina&#8230; <strong>Lleg\u00f3 una situaci\u00f3n escandalosa en el final del encuentro.<\/strong><\/p>\n<\/div>\n<div type=\"embed\" class=\"sc-3f46f5ae-0 djVTgz\">\n<div class=\"sc-3f46f5ae-1 fTjZec videoText\" id=\"contentTitleembedesboK2wB\" type=\"embed\"><svg fill=\"#ffffff\"><symbol id=\"play\" viewBox=\"0 0 512 512\"><path d=\"M512 256C512 397.4 397.4 512 256 512C114.6 512 0 397.4 0 256C0 114.6 114.6 0 256 0C397.4 0 512 114.6 512 256zM176 168V344C176 352.7 180.7 360.7 188.3 364.9C195.8 369.2 205.1 369 212.5 364.5L356.5 276.5C363.6 272.1 368 264.4 368 256C368 247.6 363.6 239.9 356.5 235.5L212.5 147.5C205.1 142.1 195.8 142.8 188.3 147.1C180.7 151.3 176 159.3 176 168V168z\" \/><\/symbol><use xlink:href=\"#play\" \/><\/svg><\/p>\n<div class=\"right\">\n<p>Copa Am\u00e9rica 2024<!-- --> &#8211;<!-- --> <span>&nbsp;<\/span><\/p>\n<h2 class=\"title-vid\">Pi\u00f1as de jugadores uruguayos con hinchas colombianos en la tribuna<\/h2>\n<\/div>\n<\/div>\n<p><span class=\"back\" id=\"spanBackembedesboK2wB\"><\/span><\/div>\n<div class=\"custom-text \" readability=\"37\">\n<p><strong>El delantero Darwin N\u00fa\u00f1ez, el defensor Jos\u00e9 Mar\u00eda Gim\u00e9nez y Ronald Ara\u00fajo<\/strong>, quien estuvo sentado en el banco de suplentes y no ingres\u00f3, <strong>protagonizaron una trifulca con hinchas de la selecci\u00f3n colombiana que se encontraban en una de las plateas bajas <\/strong>del Bank Of Am\u00e9rica Stadium de Charlotte.<\/p>\n<\/div>\n<div class=\"custom-text \" readability=\"36\">\n<p>Seg\u00fan trascendi\u00f3 m\u00e1s tarde, en ese sector del estadio se encontraban algunos familiares de los futbolistas de la selecci\u00f3n dirigida por Marcelo Bielsa, quienes acusaron haber recibido algunos maltratos que desencadenaron el conflicto. <\/p>\n<\/div>\n<div type=\"embed\" class=\"sc-3f46f5ae-0 djVTgz\">\n<div class=\"sc-3f46f5ae-1 fTjZec videoText\" id=\"contentTitleembedtjb0CgMD\" type=\"embed\"><svg fill=\"#ffffff\"><symbol id=\"play\" viewBox=\"0 0 512 512\"><path d=\"M512 256C512 397.4 397.4 512 256 512C114.6 512 0 397.4 0 256C0 114.6 114.6 0 256 0C397.4 0 512 114.6 512 256zM176 168V344C176 352.7 180.7 360.7 188.3 364.9C195.8 369.2 205.1 369 212.5 364.5L356.5 276.5C363.6 272.1 368 264.4 368 256C368 247.6 363.6 239.9 356.5 235.5L212.5 147.5C205.1 142.1 195.8 142.8 188.3 147.1C180.7 151.3 176 159.3 176 168V168z\" \/><\/symbol><use xlink:href=\"#play\" \/><\/svg><\/p>\n<div class=\"right\">\n<p>Copa Am\u00e9rica 2024<!-- --> &#8211;<!-- --> <span>&nbsp;<\/span><\/p>\n<h2 class=\"title-vid\">El caos post Uruguay-Colombia<\/h2>\n<\/div>\n<\/div>\n<p><span class=\"back\" id=\"spanBackembedtjb0CgMD\"><\/span><\/div>\n<div class=\"custom-text \">\n<h2><strong>La bronca de Gim\u00e9nez<\/strong><\/h2>\n<\/div>\n<div class=\"custom-text \" readability=\"39\">\n<p><strong>\u00abPor favor, les pido que tengan cuidado. Las familias est\u00e1n en las tribunas. Nuestras familias corren peligro. Esto es un desastre. Tuvimos que meternos como pedo en la tribuna a sacar a nuestros seres queridos, hab\u00eda gente con beb\u00e9s reci\u00e9n nacidos. Ojal\u00e1 los que est\u00e1n organizando esto tengan cuidado. Nuestras familias est\u00e1n sufriendo. Ojal\u00e1 que tengan precauci\u00f3n y no vuelva a suceder esto porque es un desastre\u00bb<\/strong>, coment\u00f3 luego <strong>Gim\u00e9nez<\/strong>. Y agreg\u00f3: <strong>\u00abOjal\u00e1 que no corten lo que estoy diciendo. No hab\u00eda polic\u00edas, cayeron tarde\u00bb<\/strong>. Los futbolistas uruguayos terminaron indignados. Y el partido culmin\u00f3 con un esc\u00e1ndalo.<\/p>\n<\/div>\n<div class=\"sc-a7166897-0 exHLBh\" readability=\"6.5\">\n<section readability=\"3\"><picture><img alt=\"Atenci\u00f3n Argentina: triunfazo de Colombia sobre la Uruguay de Bielsa y a la final de la Copa Am\u00e9rica 2024\" src=\"http:\/\/hoycordobaweb.com\/wp-content\/uploads\/2024\/07\/escandalo-pinas-de-jugadores-uruguayos-con-hinchas-colombianos-en-una-tribuna-2.jpg\" width=\"290\" height=\"290\" decoding=\"async\" data-nimg=\"future\" loading=\"lazy\"><\/picture>\n<p><span>Mir\u00e1 tambi\u00e9n<\/span><\/p>\n<hr>\n<h3>Atenci\u00f3n Argentina: triunfazo de Colombia sobre la Uruguay de Bielsa y a la final de la Copa Am\u00e9rica 2024<\/h3>\n<\/p>\n<\/section>\n<\/div>\n<div class=\"sc-a7166897-0 exHLBh\" readability=\"6\">\n<section readability=\"2\"><picture><img alt=\"La marca de Messi que super\u00f3 James Rodr\u00edguez\" src=\"http:\/\/hoycordobaweb.com\/wp-content\/uploads\/2024\/07\/escandalo-pinas-de-jugadores-uruguayos-con-hinchas-colombianos-en-una-tribuna-3.jpg\" width=\"290\" height=\"290\" decoding=\"async\" data-nimg=\"future\" loading=\"lazy\"><\/picture>\n<p><span>Mir\u00e1 tambi\u00e9n<\/span><\/p>\n<hr>\n<h3>La marca de Messi que super\u00f3 James Rodr\u00edguez<\/h3>\n<\/p>\n<\/section>\n<\/div>\n<div class=\"sc-a7166897-0 exHLBh\" readability=\"6\">\n<section readability=\"2\"><picture><img alt=\"Videos: resumen y lo mejor de Colombia 1-Uruguay 0\" src=\"http:\/\/hoycordobaweb.com\/wp-content\/uploads\/2024\/07\/escandalo-pinas-de-jugadores-uruguayos-con-hinchas-colombianos-en-una-tribuna-4.jpg\" width=\"290\" height=\"290\" decoding=\"async\" data-nimg=\"future\" loading=\"lazy\"><\/picture>\n<p><span>Mir\u00e1 tambi\u00e9n<\/span><\/p>\n<hr>\n<h3>Videos: resumen y lo mejor de Colombia 1-Uruguay 0<\/h3>\n<\/p>\n<\/section>\n<\/div>\n<div class=\"sc-a7166897-0 exHLBh\" readability=\"6\">\n<section readability=\"2\"><picture><img alt=\"\u00bfPor qu\u00e9 Argentina vs. Colombia ser\u00e1 una final hist\u00f3rica de Copa Am\u00e9rica?\" src=\"http:\/\/hoycordobaweb.com\/wp-content\/uploads\/2024\/07\/escandalo-pinas-de-jugadores-uruguayos-con-hinchas-colombianos-en-una-tribuna-5.jpg\" width=\"290\" height=\"290\" decoding=\"async\" data-nimg=\"future\" loading=\"lazy\"><\/picture>\n<p><span>Mir\u00e1 tambi\u00e9n<\/span><\/p>\n<hr>\n<h3>\u00bfPor qu\u00e9 Argentina vs. Colombia ser\u00e1 una final hist\u00f3rica de Copa Am\u00e9rica?<\/h3>\n<\/p>\n<\/section>\n<\/div>\n<div class=\"sc-a7166897-0 exHLBh\" readability=\"7\">\n<section readability=\"4\"><picture><img alt=\"Finalissima 2025: Argentina vs. Colombia en la Copa Am\u00e9rica, Espa\u00f1a e Inglaterra definen la Euro\" src=\"http:\/\/hoycordobaweb.com\/wp-content\/uploads\/2024\/07\/escandalo-pinas-de-jugadores-uruguayos-con-hinchas-colombianos-en-una-tribuna-6.jpg\" width=\"290\" height=\"290\" decoding=\"async\" data-nimg=\"future\" loading=\"lazy\"><\/picture>\n<p><span>Mir\u00e1 tambi\u00e9n<\/span><\/p>\n<hr>\n<h3>Finalissima 2025: Argentina vs. Colombia en la Copa Am\u00e9rica, Espa\u00f1a e Inglaterra definen la Euro<\/h3>\n<\/p>\n<\/section>\n<\/div>\n<\/div>\n","protected":false},"excerpt":{"rendered":"<p>11\/07\/2024 02:26hs. Actualizado al 11\/07\/2024 02:45hs. Minutos despu\u00e9s del final de un partido caliente como fue el Colombia 1-Uruguay 0 por la segunda semifinal de la Copa Am\u00e9rica, luego de varios cruces, roces y tambi\u00e9n golpes en la cancha como el que gener\u00f3 la roja a Mu\u00f1oz en el primer tiempo, despu\u00e9s de una fuerte [&hellip;]<\/p>\n","protected":false},"author":1,"featured_media":80172,"comment_status":"open","ping_status":"closed","sticky":false,"template":"","format":"standard","meta":[],"categories":[16],"tags":[],"_links":{"self":[{"href":"http:\/\/hoycordobaweb.com\/index.php\/wp-json\/wp\/v2\/posts\/80171"}],"collection":[{"href":"http:\/\/hoycordobaweb.com\/index.php\/wp-json\/wp\/v2\/posts"}],"about":[{"href":"http:\/\/hoycordobaweb.com\/index.php\/wp-json\/wp\/v2\/types\/post"}],"author":[{"embeddable":true,"href":"http:\/\/hoycordobaweb.com\/index.php\/wp-json\/wp\/v2\/users\/1"}],"replies":[{"embeddable":true,"href":"http:\/\/hoycordobaweb.com\/index.php\/wp-json\/wp\/v2\/comments?post=80171"}],"version-history":[{"count":0,"href":"http:\/\/hoycordobaweb.com\/index.php\/wp-json\/wp\/v2\/posts\/80171\/revisions"}],"wp:featuredmedia":[{"embeddable":true,"href":"http:\/\/hoycordobaweb.com\/index.php\/wp-json\/wp\/v2\/media\/80172"}],"wp:attachment":[{"href":"http:\/\/hoycordobaweb.com\/index.php\/wp-json\/wp\/v2\/media?parent=80171"}],"wp:term":[{"taxonomy":"category","embeddable":true,"href":"http:\/\/hoycordobaweb.com\/index.php\/wp-json\/wp\/v2\/categories?post=80171"},{"taxonomy":"post_tag","embeddable":true,"href":"http:\/\/hoycordobaweb.com\/index.php\/wp-json\/wp\/v2\/tags?post=80171"}],"curies":[{"name":"wp","href":"https:\/\/api.w.org\/{rel}","templated":true}]}}