{"id":80136,"date":"2024-07-10T03:31:45","date_gmt":"2024-07-10T03:31:45","guid":{"rendered":"http:\/\/hoycordobaweb.com\/index.php\/2024\/07\/10\/el-senado-retoma-el-debate-en-torno-a-las-penas-por-sustraccion-de-menores\/"},"modified":"2024-07-10T03:31:45","modified_gmt":"2024-07-10T03:31:45","slug":"el-senado-retoma-el-debate-en-torno-a-las-penas-por-sustraccion-de-menores","status":"publish","type":"post","link":"http:\/\/hoycordobaweb.com\/index.php\/2024\/07\/10\/el-senado-retoma-el-debate-en-torno-a-las-penas-por-sustraccion-de-menores\/","title":{"rendered":"El Senado retoma el debate en torno a las penas por sustracci\u00f3n de menores"},"content":{"rendered":"<div class=\"media_block\"><\/div>\n<p>La Comisi\u00f3n de Justicia y Asuntos Penales&nbsp;retomar\u00e1 este mi\u00e9rcoles 10 de julio el debate en torno al proyecto de ley que modifica las penalidades en los <strong>delitos de <a target=\"_blank\" href=\"https:\/\/www.perfil.com\/noticias\/policia\/caso-loan-imputaron-a-laudelina-y-mientras-declara-ante-los-fiscales-podria-quedar-detenida.phtml\" rel=\"noopener noreferrer\">sustracci\u00f3n<\/a> y\/o comercializaci\u00f3n de menores de edad. <\/strong>La iniciativa ya obtuvo la<strong> media sanci\u00f3n<\/strong> en el recinto la semana pasada por unanimidad.&nbsp;<\/p>\n<p>Por divergencias en su articulado, la C\u00e1mara baja mocion\u00f3 favorablemente su regreso a comisi\u00f3n y <strong>estaban citados para ma\u00f1ana juristas<\/strong> -entre ellos, el presidente de la C\u00e1mara Federal Penal, Mariano Borinsky- y especialistas en la materia a fin de limar las diferencias y encauzar la iniciativa presentada por la senadora radical <strong>Carolina Losada<\/strong>.&nbsp;<\/p>\n<p>\u00abSe informa que la Comisi\u00f3n de Justicia y Asuntos Penales se reunir\u00e1 el d\u00eda mi\u00e9rcoles 10 de julio a las 14:00 horas\u00bb, anunciaron las autoridades de la C\u00e1mara Alta.<\/p>\n<div class=\"subscription\" readability=\"6.683257918552\">\n<p>\nEsto no les gusta a los autoritarios\n<\/p>\n<div class=\"subscription__container\" readability=\"6.1467391304348\">\n<div class=\"subscription__text-wrapper\" readability=\"31.20652173913\">\n<p>\nEl ejercicio del periodismo profesional y cr\u00edtico es un pilar fundamental de la democracia. Por eso molesta a quienes creen ser los due\u00f1os de la verdad.\n<\/p>\n<\/p><\/div>\n<\/div><\/div>\n<div>\n<figure class=\"image\"><img alt=\"Senado 20240615\" src=\"http:\/\/hoycordobaweb.com\/wp-content\/uploads\/2024\/07\/el-senado-retoma-el-debate-en-torno-a-las-penas-por-sustraccion-de-menores-1.jpg\" loading=\"lazy\"><figcaption>Senado. Foto: Pablo Cuarterolo<\/figcaption><\/figure>\n<\/p><\/div>\n<p>El temario a debatir comprende los proyectos que buscan introducir cambios en el C\u00f3digo Penal, puntualmente en las&nbsp;penas impartidas por los delitos de sustracci\u00f3n y\/o comercializaci\u00f3n de menores; as\u00ed como las conductas&nbsp;referidas a la intermediaci\u00f3n en tales hechos.<\/p>\n<p>En cuanto a la iniciativa de la senadora Losada, se trata de un proyecto se propone modificar el art\u00edculo 139 bis del C\u00f3digo Penal de la Naci\u00f3n, que <strong>reprim\u00eda con prisi\u00f3n de 3 a 10 a\u00f1os<\/strong> a \u00abquien hiciese de intermediario para los delitos de supresi\u00f3n y suposici\u00f3n del estado civil y la identidad, independientemente de si se hac\u00eda a cambio de dinero o con amenaza o abuso de autoridad\u00bb.<\/p>\n<p>El cambio prev\u00e9 <strong>prisi\u00f3n de 4 a 10 a\u00f1os al que reciba y al que entregue a un menor de edad<\/strong> a cambio de un \u00abprecio, promesa de retribuci\u00f3n o cualquier otro tipo de contraprestaci\u00f3n, siempre que el hecho no quede comprendido como un delito con una pena m\u00e1s severa\u00bb.<\/p>\n<p>A su vez, incorpora el art\u00edculo 139 ter, que prev\u00e9 la pena de<strong> prisi\u00f3n de \u00ab5 a 15 a\u00f1os para quien facilite, promueva o intermedie <\/strong>de cualquier modo los delitos de este cap\u00edtulo (supresi\u00f3n y suposici\u00f3n del estado civil y la identidad), siempre que el hecho no quede comprendido como un delito con una pena m\u00e1s severa\u00bb.<\/p>\n<p class=\"destacadoNota\"><a target=\"_blank\" href=\"https:\/\/www.perfil.com\/noticias\/politica\/firma-pacto-de-mayo-tucuman.phtml\" rel=\"noopener noreferrer\">Javier Milei y 18 gobernadores firmaron el Pacto de Mayo en Tucum\u00e1n: \u00abS\u00edmbolo de un cambio de \u00e9poca\u00bb<\/a><\/p>\n<h2><strong>El caso Loan como trasfondo de la agenda parlamentaria<\/strong><\/h2>\n<p>Su discusi\u00f3n en el hemiciclo senatorial fue empantanada por un intento del libertario Juan Carlos Pagotto (La Rioja), titular de la Comisi\u00f3n de Justicia y Asuntos Penales, de introducir un texto con modificaciones propias, que no se correspond\u00eda con el despacho que hab\u00eda conseguido el proyecto el 27 de junio pasado.&nbsp;<\/p>\n<p>A pesar de esto, la iniciativa fue aprobada en general por los senadores con 63 votos afirmativos, sin votos negativos ni abstenciones y se concreta en medio de la desaparici\u00f3n del ni\u00f1o correntino <a target=\"_blank\" href=\"https:\/\/www.perfil.com\/noticias\/policia\/caso-loan-una-por-una-todas-las-novedades-del-nino-desaparecido-en-corrientes.phtml\" rel=\"noopener noreferrer\"><strong>Loan Danilo Pe\u00f1a<\/strong><\/a>.<\/p>\n<p><img alt=\"Nuevas pistas en el Caso Loan Pe\u00f1a \" src=\"http:\/\/hoycordobaweb.com\/wp-content\/uploads\/2024\/07\/el-senado-retoma-el-debate-en-torno-a-las-penas-por-sustraccion-de-menores-2.jpg\" loading=\"lazy\"><\/p>\n<p>La investigaci\u00f3n no logr\u00f3 hasta el momento respuestas concluyentes en torno al caso del nene desaparecido el 13 de junio.&nbsp;<\/p>\n<p>Las pr\u00f3ximas semanas ser\u00e1n determinantes en lo que respecta a nuevas declaraciones, resultados de pericias cruciales y an\u00e1lisis de ADN que podr\u00edan arrojar m\u00e1s luz sobre el paradero de Loan y las circunstancias que rodearon su desaparici\u00f3n.<\/p>\n<p>A medida que el caso evoluciona, persisten m\u00e1s interrogantes que respuestas sobre la causa ya tiene siete detenidos: Antonio Ben\u00edtez, t\u00edo del menor; Daniel \u201cFierrito Ram\u00edrez\u201d y M\u00f3nica Millapi, pareja amiga de Ben\u00edtez; Carlos P\u00e9rez y Mar\u00eda Victoria Caillava, matrimonio conocido de la abuela de Loan; Walter Maciel, comisario de 9 de Julio y Laudelina Pe\u00f1a, su t\u00eda.<\/p>\n<p><img alt=\"Loan Danilo Pe\u00f1a 20240619\" src=\"http:\/\/hoycordobaweb.com\/wp-content\/uploads\/2024\/07\/el-senado-retoma-el-debate-en-torno-a-las-penas-por-sustraccion-de-menores-3.jpg\" loading=\"lazy\"><\/p>\n<p><em>CA<\/em><\/p>\n<div class=\"article__tags\">\n<p>En esta Nota<\/p>\n<\/p><\/div>\n","protected":false},"excerpt":{"rendered":"<p>La Comisi\u00f3n de Justicia y Asuntos Penales&nbsp;retomar\u00e1 este mi\u00e9rcoles 10 de julio el debate en torno al proyecto de ley que modifica las penalidades en los delitos de sustracci\u00f3n y\/o comercializaci\u00f3n de menores de edad. La iniciativa ya obtuvo la media sanci\u00f3n en el recinto la semana pasada por unanimidad.&nbsp; Por divergencias en su articulado, [&hellip;]<\/p>\n","protected":false},"author":1,"featured_media":80137,"comment_status":"closed","ping_status":"closed","sticky":false,"template":"","format":"standard","meta":[],"categories":[19],"tags":[343,293,344,345],"_links":{"self":[{"href":"http:\/\/hoycordobaweb.com\/index.php\/wp-json\/wp\/v2\/posts\/80136"}],"collection":[{"href":"http:\/\/hoycordobaweb.com\/index.php\/wp-json\/wp\/v2\/posts"}],"about":[{"href":"http:\/\/hoycordobaweb.com\/index.php\/wp-json\/wp\/v2\/types\/post"}],"author":[{"embeddable":true,"href":"http:\/\/hoycordobaweb.com\/index.php\/wp-json\/wp\/v2\/users\/1"}],"replies":[{"embeddable":true,"href":"http:\/\/hoycordobaweb.com\/index.php\/wp-json\/wp\/v2\/comments?post=80136"}],"version-history":[{"count":0,"href":"http:\/\/hoycordobaweb.com\/index.php\/wp-json\/wp\/v2\/posts\/80136\/revisions"}],"wp:featuredmedia":[{"embeddable":true,"href":"http:\/\/hoycordobaweb.com\/index.php\/wp-json\/wp\/v2\/media\/80137"}],"wp:attachment":[{"href":"http:\/\/hoycordobaweb.com\/index.php\/wp-json\/wp\/v2\/media?parent=80136"}],"wp:term":[{"taxonomy":"category","embeddable":true,"href":"http:\/\/hoycordobaweb.com\/index.php\/wp-json\/wp\/v2\/categories?post=80136"},{"taxonomy":"post_tag","embeddable":true,"href":"http:\/\/hoycordobaweb.com\/index.php\/wp-json\/wp\/v2\/tags?post=80136"}],"curies":[{"name":"wp","href":"https:\/\/api.w.org\/{rel}","templated":true}]}}