{"id":80130,"date":"2024-07-10T02:30:06","date_gmt":"2024-07-10T02:30:06","guid":{"rendered":"https:\/\/www.ole.com.ar\/seleccion\/marsch-paul-cruce-picante_0_pat0EwdyTp.html"},"modified":"2024-07-10T02:30:06","modified_gmt":"2024-07-10T02:30:06","slug":"el-picante-cruce-de-de-paul-y-el-dt-de-canada","status":"publish","type":"post","link":"http:\/\/hoycordobaweb.com\/index.php\/2024\/07\/10\/el-picante-cruce-de-de-paul-y-el-dt-de-canada\/","title":{"rendered":"El picante cruce de De Paul y el DT de Canad\u00e1"},"content":{"rendered":"<p><img src=\"http:\/\/hoycordobaweb.com\/wp-content\/uploads\/2024\/07\/el-picante-cruce-de-de-paul-y-el-dt-de-canada.jpg\"><\/p>\n<p><time class=\"createDate\" datetime=\"2024-07-09T23:30:06-03:00\">10\/07\/2024 02:30hs.<\/time><\/p>\n<div id=\"storyBody\">\n<div class=\"custom-text \" readability=\"32.210659898477\">\n<p><strong>Jesse Marsch<\/strong> sufri\u00f3 otra derrota ante la Argentina. Pero no solo eso: tambi\u00e9n volvi\u00f3 a estar en el centro de la pol\u00e9mica. Pese a haber querido aclarar que no hab\u00eda pedido una sanci\u00f3n contra la Selecci\u00f3n por la tardanza en el entretiempo del debut, y<strong><a href=\"https:\/\/www.ole.com.ar\/seleccion\/jesse-marsch-scaloni-frase-ole-sancion-argentina-canada_0_pTsFt1it9E.html\" target=\"_self\" title=\" m\u00e1s all\u00e1 de que trat\u00f3 de quedar bien con Scaloni \" alt=\" m\u00e1s all\u00e1 de que trat\u00f3 de quedar bien con Scaloni \" rel=\"noopener noreferrer\"> m\u00e1s all\u00e1 de que trat\u00f3 de quedar bien con Scaloni <\/a><\/strong>antes del pitazo inicial, el DT de Canad\u00e1 tuvo un cruce picante con Rodrigo De Paul.<\/p>\n<\/div>\n<div class=\"custom-text \" readability=\"38\">\n<p>Todo comenz\u00f3 luego de una falta que sufri\u00f3 el volante de la Argentina.<strong> Qued\u00f3 dolorido, en el piso y, desde atr\u00e1s, Stephen Eust\u00e1quio le peg\u00f3 un pelotazo<\/strong> en la espalda, acci\u00f3n por la que recibi\u00f3 la tarjeta y se gener\u00f3 un tumulto.<\/p>\n<\/div>\n<div class=\"custom-text \" readability=\"37\">\n<p>Desde el c\u00e9sped, De Paul vio que Jesse Marsch segu\u00eda protestando y escuch\u00f3 que le dijo algo. Entonces, le empez\u00f3 a hacer gestos con las manos, le remarc\u00f3 que hablaba mucho. Al DT de Canad\u00e1 -que ir\u00f3nicamente hizo un okey- le sacaron tarjeta por esta discusi\u00f3n con De Paul.<\/p>\n<\/div>\n<div type=\"embed\" class=\"sc-3f46f5ae-0 djVTgz\">\n<div class=\"sc-3f46f5ae-1 fTjZec videoText\" id=\"contentTitleembeddn4F7BSN\" type=\"embed\" readability=\"56\"><svg fill=\"#ffffff\"><symbol id=\"play\" viewBox=\"0 0 512 512\"><path d=\"M512 256C512 397.4 397.4 512 256 512C114.6 512 0 397.4 0 256C0 114.6 114.6 0 256 0C397.4 0 512 114.6 512 256zM176 168V344C176 352.7 180.7 360.7 188.3 364.9C195.8 369.2 205.1 369 212.5 364.5L356.5 276.5C363.6 272.1 368 264.4 368 256C368 247.6 363.6 239.9 356.5 235.5L212.5 147.5C205.1 142.1 195.8 142.8 188.3 147.1C180.7 151.3 176 159.3 176 168V168z\" \/><\/symbol><use xlink:href=\"#play\" \/><\/svg><\/p>\n<div class=\"right\" readability=\"7\">\n<p>Selecci\u00f3n Argentina<!-- --> &#8211;<!-- --> <span>&nbsp;<\/span><\/p>\n<h2 class=\"title-vid\">El cruce de De Paul y el DT de Canad\u00e1<\/h2>\n<\/div>\n<\/div>\n<p><span class=\"back\" id=\"spanBackembeddn4F7BSN\"><\/span><\/div>\n<p><h2><strong>Su buen gesto con Scaloni<\/strong><\/h2>\n<\/p>\n<div class=\"custom-text \" readability=\"40.427145708583\">\n<p><strong>Jesse Marsch<\/strong>, el t\u00e9cnico estadounidense de <strong><a href=\"https:\/\/www.ole.com.ar\/tema\/seleccion-de-canada.html\" title=\"Selecci\u00f3n de Canad\u00e1\" alt=\"Selecci\u00f3n de Canad\u00e1\" class=\"slug\">Canad\u00e1<\/a><\/strong>, hab\u00eda pedido luego de la derrota en el debut de la Copa Am\u00e9rica que sancionaran a la Selecci\u00f3n por haberse excedido en el tiempo de descanso del entretiempo. <strong>\u00abA ver, diario Ol\u00e9, La Naci\u00f3n, escriban eso que deben ser multados por el tiempo que se tomaron para volver del entretiempo\u00bb, hab\u00eda afirmado<\/strong>. Lo que tal vez no se imaginaba Marsch es que pronto se iba a enfrentar con la Scaloneta. Y que iba a tener que salir a aclarar sus palabras&#8230;<\/p>\n<\/div>\n<div class=\"custom-text \" readability=\"39\">\n<p><strong>En la conferencia previa a la semifinal, el DT canadiense explic\u00f3 con muy buena onda sus pol\u00e9micas declaraciones <\/strong>sobre la Selecci\u00f3n. Y, con el mismo don de gente, este martes quiso dejar todo claro con Scaloni, quien termin\u00f3 siendo sancionado tras el debut con Canad\u00e1 y no pudo estar en el banco frente a Chile.<\/p>\n<\/div>\n<div type=\"embed\" class=\"sc-3f46f5ae-0 djVTgz\">\n<div class=\"sc-3f46f5ae-1 fTjZec videoText\" id=\"contentTitleembedMJuxxOBI\" type=\"embed\"><svg fill=\"#ffffff\"><symbol id=\"play\" viewBox=\"0 0 512 512\"><path d=\"M512 256C512 397.4 397.4 512 256 512C114.6 512 0 397.4 0 256C0 114.6 114.6 0 256 0C397.4 0 512 114.6 512 256zM176 168V344C176 352.7 180.7 360.7 188.3 364.9C195.8 369.2 205.1 369 212.5 364.5L356.5 276.5C363.6 272.1 368 264.4 368 256C368 247.6 363.6 239.9 356.5 235.5L212.5 147.5C205.1 142.1 195.8 142.8 188.3 147.1C180.7 151.3 176 159.3 176 168V168z\" \/><\/symbol><use xlink:href=\"#play\" \/><\/svg><\/p>\n<div class=\"right\">\n<p>Lionel Scaloni<!-- --> &#8211;<!-- --> <span>&nbsp;<\/span><\/p>\n<h2 class=\"title-vid\">La charla entre Scaloni y Marsch<\/h2>\n<\/div>\n<\/div>\n<p><span class=\"back\" id=\"spanBackembedMJuxxOBI\"><\/span><\/div>\n<div class=\"custom-text \" readability=\"36\">\n<p>Jesse Marsch se acerc\u00f3 a Scaloni apenas sali\u00f3 a la cancha, le agarr\u00f3 el brazo, <strong>le habl\u00f3 al o\u00eddo y le dio personalmente sus explicaciones.<\/strong>. El DT de la Argentina pareci\u00f3 aceptar de buena manera la aclaraci\u00f3n. Todo termin\u00f3 con un abrazo&#8230;<\/p>\n<\/div>\n<div class=\"custom-text \" readability=\"42.332038834951\">\n<p>El t\u00e9cnico de Canad\u00e1 hab\u00eda vuelto a ser consultado por aquella frase, en la previa del choque de este martes. \u00ab<strong>Casi era un chiste, una broma. Realmente no esperaba que sancionaran a la Argentina, lo que no quer\u00eda era que Scaloni fuera suspendido<\/strong>, porque no quiero que se prive la chance de estar con el equipo, sino para que <a href=\"https:\/\/www.ole.com.ar\/tema\/conmebol.html\" title=\"Conmebol\" alt=\"Conmebol\" class=\"slug\">Conmebol<\/a> haga algo al respecto. Argentina es un show espectacular, lo he dicho antes, me sorprendi\u00f3 mucho que la Conmebol no haga algo al respecto\u00bb, afirm\u00f3 en la conferencia de prensa.<\/p>\n<\/div>\n<div class=\"custom-text \" readability=\"34\">\n<p>Entonces, <strong>Ol\u00e9<\/strong> le pregunt\u00f3 si para Argentina podr\u00eda resultar un combustible volver a enfrentar a Canad\u00e1 despu\u00e9s de aquella pol\u00e9mica. Y la respuesta fue con muy buena onda. <\/p>\n<\/div>\n<div class=\"custom-text \" readability=\"37\">\n<p>\u00abPosiblemente, sea una motivaci\u00f3n, pero no creo que la necesiten. Uno lo ve en c\u00f3mo se paran en cada partido, ellos est\u00e1n concentrados en ganar el t\u00edtulo\u00bb, respondi\u00f3 Marsch.<\/p>\n<\/div>\n<div class=\"sc-a7166897-0 exHLBh\" readability=\"6\">\n<section readability=\"2\"><picture><img alt=\"Qui\u00e9n cantar\u00e1 en la final de la Copa Am\u00e9rica 2024 \" src=\"http:\/\/hoycordobaweb.com\/wp-content\/uploads\/2024\/07\/el-picante-cruce-de-de-paul-y-el-dt-de-canada-2.jpg\" width=\"290\" height=\"290\" decoding=\"async\" data-nimg=\"future\" loading=\"lazy\"><\/picture>\n<p><span>Mir\u00e1 tambi\u00e9n<\/span><\/p>\n<hr>\n<h3>Qui\u00e9n cantar\u00e1 en la final de la Copa Am\u00e9rica 2024 <\/h3>\n<\/p>\n<\/section>\n<\/div>\n<div class=\"sc-a7166897-0 exHLBh\" readability=\"6\">\n<section readability=\"2\"><picture><img alt=\"Somos locales otra vez: Argentina lidera la venta de entradas en la Copa Am\u00e9rica\" src=\"http:\/\/hoycordobaweb.com\/wp-content\/uploads\/2024\/07\/el-picante-cruce-de-de-paul-y-el-dt-de-canada-3.jpg\" width=\"290\" height=\"290\" decoding=\"async\" data-nimg=\"future\" loading=\"lazy\"><\/picture>\n<p><span>Mir\u00e1 tambi\u00e9n<\/span><\/p>\n<hr>\n<h3>Somos locales otra vez: Argentina lidera la venta de entradas en la Copa Am\u00e9rica<\/h3>\n<\/p>\n<\/section>\n<\/div>\n<\/div>\n","protected":false},"excerpt":{"rendered":"<p>10\/07\/2024 02:30hs. Jesse Marsch sufri\u00f3 otra derrota ante la Argentina. Pero no solo eso: tambi\u00e9n volvi\u00f3 a estar en el centro de la pol\u00e9mica. Pese a haber querido aclarar que no hab\u00eda pedido una sanci\u00f3n contra la Selecci\u00f3n por la tardanza en el entretiempo del debut, y m\u00e1s all\u00e1 de que trat\u00f3 de quedar bien [&hellip;]<\/p>\n","protected":false},"author":1,"featured_media":80131,"comment_status":"open","ping_status":"closed","sticky":false,"template":"","format":"standard","meta":[],"categories":[16],"tags":[],"_links":{"self":[{"href":"http:\/\/hoycordobaweb.com\/index.php\/wp-json\/wp\/v2\/posts\/80130"}],"collection":[{"href":"http:\/\/hoycordobaweb.com\/index.php\/wp-json\/wp\/v2\/posts"}],"about":[{"href":"http:\/\/hoycordobaweb.com\/index.php\/wp-json\/wp\/v2\/types\/post"}],"author":[{"embeddable":true,"href":"http:\/\/hoycordobaweb.com\/index.php\/wp-json\/wp\/v2\/users\/1"}],"replies":[{"embeddable":true,"href":"http:\/\/hoycordobaweb.com\/index.php\/wp-json\/wp\/v2\/comments?post=80130"}],"version-history":[{"count":0,"href":"http:\/\/hoycordobaweb.com\/index.php\/wp-json\/wp\/v2\/posts\/80130\/revisions"}],"wp:featuredmedia":[{"embeddable":true,"href":"http:\/\/hoycordobaweb.com\/index.php\/wp-json\/wp\/v2\/media\/80131"}],"wp:attachment":[{"href":"http:\/\/hoycordobaweb.com\/index.php\/wp-json\/wp\/v2\/media?parent=80130"}],"wp:term":[{"taxonomy":"category","embeddable":true,"href":"http:\/\/hoycordobaweb.com\/index.php\/wp-json\/wp\/v2\/categories?post=80130"},{"taxonomy":"post_tag","embeddable":true,"href":"http:\/\/hoycordobaweb.com\/index.php\/wp-json\/wp\/v2\/tags?post=80130"}],"curies":[{"name":"wp","href":"https:\/\/api.w.org\/{rel}","templated":true}]}}