{"id":80107,"date":"2024-07-09T16:51:24","date_gmt":"2024-07-09T16:51:24","guid":{"rendered":"https:\/\/fono.fcm.unc.edu.ar\/?p=12361"},"modified":"2024-07-09T16:51:24","modified_gmt":"2024-07-09T16:51:24","slug":"9-de-julio-dia-de-la-independencia-argentina","status":"publish","type":"post","link":"http:\/\/hoycordobaweb.com\/index.php\/2024\/07\/09\/9-de-julio-dia-de-la-independencia-argentina\/","title":{"rendered":"9 de julio: D\u00eda de la Independencia Argentina"},"content":{"rendered":"<h2 class=\"fusion-post-title\">9 de julio: D\u00eda de la Independencia Argentina<\/h2>\n<div class=\"post-content\" readability=\"34\">\n<p><img loading=\"lazy\" fetchpriority=\"high\" decoding=\"async\" class=\"alignright size-fusion-400 wp-image-12362\" src=\"https:\/\/fono.fcm.unc.edu.ar\/wp-content\/uploads\/sites\/14\/2024\/07\/Screenshot_20240709_134230_Instagram-400x491.jpg\" alt width=\"400\" height=\"491\" srcset=\"https:\/\/fono.fcm.unc.edu.ar\/wp-content\/uploads\/sites\/14\/2024\/07\/Screenshot_20240709_134230_Instagram-200x246.jpg 200w, https:\/\/fono.fcm.unc.edu.ar\/wp-content\/uploads\/sites\/14\/2024\/07\/Screenshot_20240709_134230_Instagram-244x300.jpg 244w, https:\/\/fono.fcm.unc.edu.ar\/wp-content\/uploads\/sites\/14\/2024\/07\/Screenshot_20240709_134230_Instagram-400x491.jpg 400w, https:\/\/fono.fcm.unc.edu.ar\/wp-content\/uploads\/sites\/14\/2024\/07\/Screenshot_20240709_134230_Instagram-600x737.jpg 600w, https:\/\/fono.fcm.unc.edu.ar\/wp-content\/uploads\/sites\/14\/2024\/07\/Screenshot_20240709_134230_Instagram-768x944.jpg 768w, https:\/\/fono.fcm.unc.edu.ar\/wp-content\/uploads\/sites\/14\/2024\/07\/Screenshot_20240709_134230_Instagram-800x983.jpg 800w, https:\/\/fono.fcm.unc.edu.ar\/wp-content\/uploads\/sites\/14\/2024\/07\/Screenshot_20240709_134230_Instagram-833x1024.jpg 833w, https:\/\/fono.fcm.unc.edu.ar\/wp-content\/uploads\/sites\/14\/2024\/07\/Screenshot_20240709_134230_Instagram.jpg 1080w\" sizes=\"(max-width: 400px) 100vw, 400px\">La Declaraci\u00f3n de la Independencia de la Argentina fue una decisi\u00f3n tomada el martes 9 de julio de 1816 por el Congreso de Tucum\u00e1n por la cual se declar\u00f3 la formal ruptura de los v\u00ednculos de dependencia de las Provincias Unidas del R\u00edo de la Plata con la Monarqu\u00eda Espa\u00f1ola.<\/p>\n<\/p><\/div>\n","protected":false},"excerpt":{"rendered":"<p>9 de julio: D\u00eda de la Independencia Argentina La Declaraci\u00f3n de la Independencia de la Argentina fue una decisi\u00f3n tomada el martes 9 de julio de 1816 por el Congreso de Tucum\u00e1n por la cual se declar\u00f3 la formal ruptura de los v\u00ednculos de dependencia de las Provincias Unidas del R\u00edo de la Plata con [&hellip;]<\/p>\n","protected":false},"author":1,"featured_media":0,"comment_status":"closed","ping_status":"closed","sticky":false,"template":"","format":"standard","meta":[],"categories":[1],"tags":[],"_links":{"self":[{"href":"http:\/\/hoycordobaweb.com\/index.php\/wp-json\/wp\/v2\/posts\/80107"}],"collection":[{"href":"http:\/\/hoycordobaweb.com\/index.php\/wp-json\/wp\/v2\/posts"}],"about":[{"href":"http:\/\/hoycordobaweb.com\/index.php\/wp-json\/wp\/v2\/types\/post"}],"author":[{"embeddable":true,"href":"http:\/\/hoycordobaweb.com\/index.php\/wp-json\/wp\/v2\/users\/1"}],"replies":[{"embeddable":true,"href":"http:\/\/hoycordobaweb.com\/index.php\/wp-json\/wp\/v2\/comments?post=80107"}],"version-history":[{"count":0,"href":"http:\/\/hoycordobaweb.com\/index.php\/wp-json\/wp\/v2\/posts\/80107\/revisions"}],"wp:attachment":[{"href":"http:\/\/hoycordobaweb.com\/index.php\/wp-json\/wp\/v2\/media?parent=80107"}],"wp:term":[{"taxonomy":"category","embeddable":true,"href":"http:\/\/hoycordobaweb.com\/index.php\/wp-json\/wp\/v2\/categories?post=80107"},{"taxonomy":"post_tag","embeddable":true,"href":"http:\/\/hoycordobaweb.com\/index.php\/wp-json\/wp\/v2\/tags?post=80107"}],"curies":[{"name":"wp","href":"https:\/\/api.w.org\/{rel}","templated":true}]}}