{"id":80091,"date":"2024-07-08T23:02:01","date_gmt":"2024-07-08T23:02:01","guid":{"rendered":"https:\/\/www.ole.com.ar\/seleccion\/fuente-elogio-scaloni-argentina-espana_0_vWFUWW96jS.html"},"modified":"2024-07-08T23:02:01","modified_gmt":"2024-07-08T23:02:01","slug":"el-dt-de-espana-sobre-scaloni-es-un-maestro","status":"publish","type":"post","link":"http:\/\/hoycordobaweb.com\/index.php\/2024\/07\/08\/el-dt-de-espana-sobre-scaloni-es-un-maestro\/","title":{"rendered":"El DT de Espa\u00f1a sobre Scaloni: \u00abEs un maestro\u00bb"},"content":{"rendered":"<p><img src=\"http:\/\/hoycordobaweb.com\/wp-content\/uploads\/2024\/07\/el-dt-de-espana-sobre-scaloni-es-un-maestro.jpg\"><\/p>\n<p><time class=\"createDate\" datetime=\"2024-07-08T20:02:01-03:00\">08\/07\/2024 23:02hs.<\/time><\/p>\n<div id=\"storyBody\">\n<div class=\"custom-text \" readability=\"23.440340909091\">\n<p>Si en la previa del partido con Ecuador, <a href=\"https:\/\/www.ole.com.ar\/tema\/lionel-scaloni.html\" title=\"Lionel Scaloni\" alt=\"Lionel Scaloni\" class=\"slug\">Lionel Scaloni<\/a> hab\u00eda sido muy elogioso con <strong>Luis de la Fuente<\/strong>, esta vez los roles cambiaron y el t\u00e9cnico de Espa\u00f1a le devolvi\u00f3 gentilezas al entrenador de Argentina. Fue justo antes de <a href=\"https:\/\/www.ole.com.ar\/futbol-internacional\/espana-vs-francia-semifinales-eurocopa-hora-ver-formaciones_0_CQgaMsdO9L.html\" target=\"_self\" title=\"Espa\u00f1a-Francia por una de las semifinales de la Eurocopa\" alt=\"Espa\u00f1a-Francia por una de las semifinales de la Eurocopa\" rel=\"noopener noreferrer\">Espa\u00f1a-Francia por una de las semifinales de la Eurocopa<\/a> y del <a href=\"https:\/\/www.ole.com.ar\/copa-america\/argentina-canada-semifinales-copa-america-2024-hora-ver-formaciones_0_j6Rjrwt74X.html\" target=\"_self\" title=\"Argentina-Canad\u00e1 por una de las semis de la Copa Am\u00e9rica\" alt=\"Argentina-Canad\u00e1 por una de las semis de la Copa Am\u00e9rica\" rel=\"noopener noreferrer\">Argentina-Canad\u00e1 por una de las semis de la Copa Am\u00e9rica<\/a>.<\/p>\n<\/div>\n<div class=\"custom-text \" readability=\"39\">\n<p>En Munich, De la Fuente fue concreto en di\u00e1logo con ESPN: \u00ab<strong>Es un aut\u00e9ntico maestro, es un grande<\/strong>. Ha demostrado una preparaci\u00f3n y un dominio de su trabajo excepcional. Ha ganado todo con la Selecci\u00f3n y tiene la posibilidad de repetir t\u00edtulo. Lo celebro porque tengo un gran aprecio, tengo una gran relaci\u00f3n con \u00e9l. Agradezco sus palabras p\u00fablicas pero de igual manera de las tralado a \u00e9l: es un grand\u00edsimo seleccionador\u00bb, dijo.<\/p>\n<\/div>\n<div class=\"sc-e7b891c4-0 jPbnQF\"><img alt=\"Luis de la Fuente, DT de Espa\u00f1a. EFE\/EPA\/MOHAMED MESSARA\" src=\"http:\/\/hoycordobaweb.com\/wp-content\/uploads\/2024\/07\/el-dt-de-espana-sobre-scaloni-es-un-maestro-2.jpg\" width=\"720\" height=\"100\" decoding=\"async\" data-nimg=\"future\" loading=\"lazy\"><span class=\"epigraphe\">Luis de la Fuente, DT de Espa\u00f1a. EFE\/EPA\/MOHAMED MESSARA<\/span><\/div>\n<p><h2><strong>La historia en com\u00fan entre Scaloni y De la Fuente<\/strong><\/h2>\n<\/p>\n<div class=\"custom-text \" readability=\"37\">\n<p>Cuando <strong>Lionel Scaloni<\/strong> afirm\u00f3 el pasado mi\u00e9rcoles que en la <strong>Eurocopa <\/strong>iba<strong> \u201cpor Espa\u00f1a\u201d<\/strong>, el entrenador de la Selecci\u00f3n Argentina lo hizo por m\u00faltiples razones. Por el amor que lo une con Elisa Montero, la mallorquina por quien sinti\u00f3 <strong>\u201cun flechazo\u201d<\/strong> al conocerla en 2008 -y la mujer que incentiv\u00f3 al pujatense a continuar ligado al f\u00fatbol luego de su retiro en 2015. <strong>Por la empat\u00eda que se gener\u00f3 ante su radicaci\u00f3n en Palma de Mallorca<\/strong> luego de dejar el f\u00fatbol. Y tambi\u00e9n porque al frente de la selecci\u00f3n m\u00e1s vistosa del torneo UEFA <strong>est\u00e1 uno de sus mentores: Luis de la Fuente.<\/strong><\/p>\n<\/div>\n<div class=\"custom-text \" readability=\"38\">\n<p><strong>\u201c\u00a1Fue mi profesor!\u201d<\/strong>, interrumpi\u00f3 <strong>Scaloni<\/strong> al enviado ib\u00e9rico de la cadena Cope y diario Marca, antes de que \u00e9ste pudiera completar su consulta acerca de la opini\u00f3n del DT sobre la Euro. <strong>\u201cLuis nos ha dado una mano enorme a los chicos que hicimos el curso de entrenador en Las Rozas. He tenido charlas con \u00e9l y le deseo lo mejor\u201d<\/strong>, respondi\u00f3 el conductor de Argentina.<\/p>\n<\/div>\n<div class=\"custom-text \" readability=\"38\">\n<p>El especial aprecio de Scaloni por De la Fuente, algo que qued\u00f3 demostrado en sus enf\u00e1ticos elogios.<strong> \u201cDa gusto c\u00f3mo se expresa, c\u00f3mo se maneja, c\u00f3mo los jugadores se brindan por \u00e9l\u201d<\/strong>, valor\u00f3 el santafesino antes de destacar que <strong>\u201cEspa\u00f1a est\u00e1 haciendo las cosas muy bien\u201d<\/strong> en la Euro.<\/p>\n<\/div>\n<p><h2>La historia del curso donde empez\u00f3 a nacer la Scaloneta<\/h2>\n<\/p>\n<div class=\"custom-text \" readability=\"38\">\n<p>Scaloni inici\u00f3 los estudios para ser entrenador el 16 de noviembre de 2017 en la Real Federaci\u00f3n Espa\u00f1ola de F\u00fatbol. <strong>Un curso al que pod\u00edan acceder quienes hab\u00edan militado al menos ocho temporadas en la m\u00e1xima categor\u00eda de La Liga de Espa\u00f1a<\/strong>, o bien, ten\u00edan en su haber un m\u00ednimo de cinco partidos internacionales con sus selecciones, entre otros requisitos.<\/p>\n<\/div>\n<div class=\"custom-text \" readability=\"42\">\n<p>El actual t\u00e9cnico de la Selecci\u00f3n Argentina <strong>comenz\u00f3 a tomar clases en aquel oto\u00f1o madrile\u00f1o<\/strong> junto a otros 30 profesionales. Entre ellos, ilustres nacionales como Fernando Redondo, Javier Saviola y Leo Franco, y tambi\u00e9n internacionales como Valer\u00f3n, Manuel Pablo, Craioveanu, Orb\u00e1iz y Julio C\u00e9sar. Todos ellos posteriormente tuvieron que atravesar una serie de pr\u00e1cticas laborales para conseguir el diploma y la Licencia UEFAPro, el m\u00e1ximo est\u00e1ndar para dirigir en Europa.<\/p>\n<\/div>\n<div class=\"custom-text \" readability=\"37\">\n<p>Fue all\u00ed donde <strong>Scaloni <\/strong>conoci\u00f3 a ese profe por el que se deshizo en elogios en Houston. Incluso, casualidades de la historia, posaron juntos<strong> en la foto ceremonial que realiz\u00f3 la RFEF previo a que se comenzaran a dictar las materias<\/strong> en el complejo que suele utilizar la selecci\u00f3n de Espa\u00f1a para sus entrenamientos preparatorios.<\/p>\n<\/div>\n<div class=\"custom-text \" readability=\"35\">\n<p>Un b\u00fanker en el que ese hombre que gui\u00f3 a Lionel construy\u00f3 a una Espa\u00f1a renovada. A la que Scaloni, desde lejos, le dese\u00f3 suerte. A la distancia seguir\u00e1 hinchando por \u00e9l.<\/p>\n<\/div>\n<div class=\"sc-e7b891c4-0 jPbnQF\"><img alt=\"Scaloni, junto a Luis de la Fuente.\" src=\"http:\/\/hoycordobaweb.com\/wp-content\/uploads\/2024\/07\/el-dt-de-espana-sobre-scaloni-es-un-maestro-3.jpg\" width=\"720\" height=\"100\" decoding=\"async\" data-nimg=\"future\" loading=\"lazy\"><span class=\"epigraphe\">Scaloni, junto a Luis de la Fuente.<\/span><\/div>\n<p><h2><strong>El elogio de De la Fuente a Scaloni<\/strong><\/h2>\n<\/p>\n<div type=\"embed\" class=\"sc-3f46f5ae-0 djVTgz\">\n<div class=\"sc-3f46f5ae-1 fTjZec videoText\" id=\"contentTitleembed0vHXSU2L\" type=\"embed\"><svg fill=\"#ffffff\"><symbol id=\"play\" viewBox=\"0 0 512 512\"><path d=\"M512 256C512 397.4 397.4 512 256 512C114.6 512 0 397.4 0 256C0 114.6 114.6 0 256 0C397.4 0 512 114.6 512 256zM176 168V344C176 352.7 180.7 360.7 188.3 364.9C195.8 369.2 205.1 369 212.5 364.5L356.5 276.5C363.6 272.1 368 264.4 368 256C368 247.6 363.6 239.9 356.5 235.5L212.5 147.5C205.1 142.1 195.8 142.8 188.3 147.1C180.7 151.3 176 159.3 176 168V168z\" \/><\/symbol><use xlink:href=\"#play\" \/><\/svg><\/p>\n<div class=\"right\">\n<p>Lionel Scaloni<!-- --> &#8211;<!-- --> <span>&nbsp;<\/span><\/p>\n<h2 class=\"title-vid\">\u00abUn maestro\u00bb: el elogio de De la Fuente a Scaloni<\/h2>\n<\/div>\n<\/div>\n<p><span class=\"back\" id=\"spanBackembed0vHXSU2L\"><\/span><\/div>\n<p><h2><strong>El elogio de Scaloni a De la Fuente<\/strong><\/h2>\n<\/p>\n<div type=\"embed\" class=\"sc-3f46f5ae-0 djVTgz\">\n<div class=\"sc-3f46f5ae-1 fTjZec videoText\" id=\"contentTitleembedMQBpWNU7\" type=\"embed\"><svg fill=\"#ffffff\"><symbol id=\"play\" viewBox=\"0 0 512 512\"><path d=\"M512 256C512 397.4 397.4 512 256 512C114.6 512 0 397.4 0 256C0 114.6 114.6 0 256 0C397.4 0 512 114.6 512 256zM176 168V344C176 352.7 180.7 360.7 188.3 364.9C195.8 369.2 205.1 369 212.5 364.5L356.5 276.5C363.6 272.1 368 264.4 368 256C368 247.6 363.6 239.9 356.5 235.5L212.5 147.5C205.1 142.1 195.8 142.8 188.3 147.1C180.7 151.3 176 159.3 176 168V168z\" \/><\/symbol><use xlink:href=\"#play\" \/><\/svg><\/p>\n<div class=\"right\">\n<p>Lionel Scaloni<!-- --> &#8211;<!-- --> <span>&nbsp;<\/span><\/p>\n<h2 class=\"title-vid\">Scaloni habl\u00f3 sobre el DT de Espa\u00f1a: \u00abQuiero que le vaya bien en la Eurocopa\u00bb<\/h2>\n<\/div>\n<\/div>\n<p><span class=\"back\" id=\"spanBackembedMQBpWNU7\"><\/span><\/div>\n<\/div>\n","protected":false},"excerpt":{"rendered":"<p>08\/07\/2024 23:02hs. Si en la previa del partido con Ecuador, Lionel Scaloni hab\u00eda sido muy elogioso con Luis de la Fuente, esta vez los roles cambiaron y el t\u00e9cnico de Espa\u00f1a le devolvi\u00f3 gentilezas al entrenador de Argentina. Fue justo antes de Espa\u00f1a-Francia por una de las semifinales de la Eurocopa y del Argentina-Canad\u00e1 por [&hellip;]<\/p>\n","protected":false},"author":1,"featured_media":80092,"comment_status":"open","ping_status":"closed","sticky":false,"template":"","format":"standard","meta":[],"categories":[16],"tags":[],"_links":{"self":[{"href":"http:\/\/hoycordobaweb.com\/index.php\/wp-json\/wp\/v2\/posts\/80091"}],"collection":[{"href":"http:\/\/hoycordobaweb.com\/index.php\/wp-json\/wp\/v2\/posts"}],"about":[{"href":"http:\/\/hoycordobaweb.com\/index.php\/wp-json\/wp\/v2\/types\/post"}],"author":[{"embeddable":true,"href":"http:\/\/hoycordobaweb.com\/index.php\/wp-json\/wp\/v2\/users\/1"}],"replies":[{"embeddable":true,"href":"http:\/\/hoycordobaweb.com\/index.php\/wp-json\/wp\/v2\/comments?post=80091"}],"version-history":[{"count":0,"href":"http:\/\/hoycordobaweb.com\/index.php\/wp-json\/wp\/v2\/posts\/80091\/revisions"}],"wp:featuredmedia":[{"embeddable":true,"href":"http:\/\/hoycordobaweb.com\/index.php\/wp-json\/wp\/v2\/media\/80092"}],"wp:attachment":[{"href":"http:\/\/hoycordobaweb.com\/index.php\/wp-json\/wp\/v2\/media?parent=80091"}],"wp:term":[{"taxonomy":"category","embeddable":true,"href":"http:\/\/hoycordobaweb.com\/index.php\/wp-json\/wp\/v2\/categories?post=80091"},{"taxonomy":"post_tag","embeddable":true,"href":"http:\/\/hoycordobaweb.com\/index.php\/wp-json\/wp\/v2\/tags?post=80091"}],"curies":[{"name":"wp","href":"https:\/\/api.w.org\/{rel}","templated":true}]}}