{"id":8008,"date":"2020-12-20T22:46:00","date_gmt":"2020-12-20T22:46:00","guid":{"rendered":"http:\/\/hoycordobaweb.com\/index.php\/2020\/12\/20\/fernandez-viaja-a-rio-grande-para-inaugurar-la-agenda-de-capitales-alternas-para-el-2021\/"},"modified":"2020-12-20T22:46:00","modified_gmt":"2020-12-20T22:46:00","slug":"fernandez-viaja-a-rio-grande-para-inaugurar-la-agenda-de-capitales-alternas-para-el-2021","status":"publish","type":"post","link":"http:\/\/hoycordobaweb.com\/index.php\/2020\/12\/20\/fernandez-viaja-a-rio-grande-para-inaugurar-la-agenda-de-capitales-alternas-para-el-2021\/","title":{"rendered":"Fern\u00e1ndez viaja a R\u00edo Grande para inaugurar la agenda de Capitales Alternas para el 2021"},"content":{"rendered":"<p><img src=\"http:\/\/hoycordobaweb.com\/wp-content\/uploads\/2020\/12\/fernandez-viaja-a-rio-grande-para-inaugurar-la-agenda-de-capitales-alternas-para-el-2021.jpg\"><\/p>\n<div class=\"image\" id=\"image\" readability=\"7\"> <img src=\"http:\/\/hoycordobaweb.com\/wp-content\/uploads\/2020\/12\/fernandez-viaja-a-rio-grande-para-inaugurar-la-agenda-de-capitales-alternas-para-el-2021-2.jpg\" alt=\"Fern\u00e1ndez tendr\u00e1 encuentros con autoridades provinciales y entidades de la sociedad civil.\" title=\"Fern\u00e1ndez tendr\u00e1 encuentros con autoridades provinciales y entidades de la sociedad civil.\"><\/p>\n<p>Fern\u00e1ndez tendr\u00e1 encuentros con autoridades provinciales y entidades de la sociedad civil.<\/p>\n<\/div>\n<p>El presidente Alberto Fern\u00e1ndez viajar\u00e1 este lunes a Tierra del Fuego para inaugurar en la ciudad de R\u00edo Grande la puesta en marcha del Gabinete Federal y la agenda de las Capitales Alternas, con el fin de descentralizar la gesti\u00f3n y tener un intercambio directo con autoridades locales y organizaciones de la sociedad civil, informaron este domingo fuentes oficiales.<\/p>\n<p>El viaje del Presidente se encuadra en la meta del Gobierno de robustecer en el 2021 el v\u00ednculo entre la Naci\u00f3n y las provincias para achicar, con pol\u00edticas p\u00fablicas, las inequidades entre las zonas pr\u00f3speras y las m\u00e1s relegadas del pa\u00eds.<\/p>\n<p>En la provincia m\u00e1s austral del pa\u00eds Fern\u00e1ndez har\u00e1 anuncios y firmar\u00e1 diversos convenios.<\/p>\n<p>Con la llegada de Fern\u00e1ndez a R\u00edo Grande, prevista para las 11.30 seg\u00fan las fuentes, se dar\u00e1 el puntapi\u00e9 para el inicio del esquema de reuniones en las 24 Capitales Alternas, del que participar\u00e1n tambi\u00e9n ministros del Gabinete nacional con la idea de trasladar la gesti\u00f3n al propio territorio.<\/p>\n<p>La agenda federal fue un compromiso de campa\u00f1a de Fern\u00e1ndez, sellado en un acuerdo con 14 gobernadores en Rosario en agosto del 2019, y en noviembre consigui\u00f3 el respaldo del Congreso Nacional que convirti\u00f3 en ley la iniciativa (promulgada el 4 de diciembre), aun cuando la pandemia de coronavirus dilat\u00f3 casi un a\u00f1o el inicio de los encuentros ministeriales.<\/p>\n<p>Una pormesa de campa\u00f1a que se convirti\u00f3 en ley<\/p>\n<p>\u00abUna cosa es ver estad\u00edsticas y otra es mirar y escuchar a la gente para entender verdaderamente la dimensi\u00f3n del conflicto\u00bb, hab\u00eda dicho el Presidente cuando era candidato del Frente de Todos.<\/p>\n<p>Adem\u00e1s, abog\u00f3 por \u00abuna Argentina m\u00e1s federal en la que el poder est\u00e9 tambi\u00e9n en el interior del pa\u00eds\u00bb, recordaron las fuentes.<\/p>\n<p>Esa impronta de trabajo qued\u00f3 ratificada el 4 de diciembre \u00faltimo, en una reuni\u00f3n del cuerpo de funcionarios de Promoci\u00f3n Federal, que encabez\u00f3 el jefe de Gabinete, Santiago Cafiero, y en la que se puntearon las obras que ser\u00e1n articuladas con las provincias bajo tres ejes: sustentabilidad, innovaci\u00f3n e inclusi\u00f3n.<\/p>\n<div class=\"image\" id=\"image\" readability=\"7\"> <img src=\"http:\/\/hoycordobaweb.com\/wp-content\/uploads\/2020\/12\/fernandez-viaja-a-rio-grande-para-inaugurar-la-agenda-de-capitales-alternas-para-el-2021-3.jpg\" alt=\"la presentaci\u00f3n de la iniciativa en la Casa Rosada. en la que participaron 14 gobernadores. \" title=\"la presentaci\u00f3n de la iniciativa en la Casa Rosada. en la que participaron 14 gobernadores. \"><\/p>\n<p>la presentaci\u00f3n de la iniciativa en la Casa Rosada. en la que participaron 14 gobernadores. <\/p>\n<\/div>\n<p>Las ciudades en la agenda<\/p>\n<p> &nbsp;<br \/>\nR\u00edo Grande (Tierra del Fuego); Caleta Olivia (Santa Cruz); Comodoro Rivadavia (Chubut); Bariloche (R\u00edo Negro); Cultral C\u00f3 (Neuqu\u00e9n); General Pico (La Pampa); Mar del Plata y La Matanza (Buenos Aires); Rosario (Santa Fe); R\u00edo Cuarto (C\u00f3rdoba); Concordia (Entre R\u00edos); Goya (Corrientes); y Ober\u00e1 (Misiones) integran el flamante universo de capitales alternas.<\/p>\n<p>Tambi\u00e9n, Presidencia Roque S\u00e1enz Pe\u00f1a (Chaco); Formosa (Formosa); San Pedro de Jujuy (Jujuy); Or\u00e1n (Salta); Tinogasta (Catamarca); Monteros (Tucum\u00e1n); La Banda (Santiago del Estero); Chilecito (La Rioja); Caucete (San Juan); San Luis (San Luis) y Guaymall\u00e9n (Mendoza).<\/p>\n<p>De acuerdo con la ley, en base a una iniciativa del ministro del Interior, Eduardo \u00abWado\u00bb de Pedro, un Gabinete Federal sesionar\u00e1 peri\u00f3dicamente en esas ciudades, si las condiciones sanitarias lo permiten.<\/p>\n<p>\u00abEn cada una de las \u00e1reas vamos a estar coordinando los recursos, con un objetivo muy claro, que es el sentido federal. La redistribuci\u00f3n y el mayor equilibrio de zonas pr\u00f3speras y rezagadas de Argentina y la necesidad de que estas capitales alternas recuperen centralidad en cada una de las provincias ser\u00e1 nuestro eje de trabajo\u00bb, afirm\u00f3 recientemente el ministro de Obras P\u00fablicas, Gabriel Katopodis.<\/p>\n<p>La visita al Sur<\/p>\n<p> &nbsp;<br \/>\nEl sur del pa\u00eds, espec\u00edficamente la ciudad de R\u00edo Grande, fue el escenario elegido para dar inicio al primer encuentro, lo cual hab\u00eda sido adelantado por el ministro de Desarrollo Territorial y H\u00e1bitat, Jorge Ferraresi, y por el gobernador de Tierra del Fuego, Gustavo Melella.<\/p>\n<p>El mandatario provincial asegur\u00f3 que la \u00abmayor urgencia\u00bb en Tierra del Fuego es \u00abrecuperar el empleo perdido en los \u00faltimos cuatro a\u00f1os del gobierno de Mauricio Macri\u00bb y, como ejemplo, argument\u00f3 que en ese distrito se pas\u00f3 de contar con \u00ab12 mil puestos de trabajo en la industria electr\u00f3nica, que es de punta a nivel internacional, a solo un poquito m\u00e1s de 5 mil\u00bb.<\/p>\n<p>Mencion\u00f3 tambi\u00e9n como prioridad \u00abextender el r\u00e9gimen de promoci\u00f3n industrial para la provincia, que vence en 2023\u00bb y que en Tierra del Fuego permiti\u00f3 un gran desarrollo tecnol\u00f3gico.<\/p>\n<p>Qu\u00e9 dice la norma<\/p>\n<p> &nbsp;<br \/>\nSeg\u00fan la norma de capitales alternas, el Ministerio del Interior coordinar\u00e1 con las organizaciones de la sociedad civil y las autoridades provinciales el plan de trabajo de las reuniones, que, si las condiciones sanitarias por el coronavirus lo permiten, ser\u00e1n cada 30 d\u00edas.<\/p>\n<p>Es decir, 24 reuniones en 24 meses, en las que est\u00e1 previsto que participen el presidente Fern\u00e1ndez y De Pedro, adem\u00e1s de representantes de cinco Ministerios nacionales, que ir\u00e1n rotando de acuerdo con las problem\u00e1ticas de las provincias.<\/p>\n<p>\u00abDe acuerdo con el principio fundamental del federalismo, todas las provincias deben hallarse en igualdad de condiciones\u00bb, postul\u00f3 el Jefe de Estado en los argumentos del proyecto que envi\u00f3 al Congreso y luego se convirti\u00f3 en ley.<\/p>\n<p>\u00abUna de las caracter\u00edsticas de nuestro pa\u00eds es, justamente la existencia de importantes desigualdades entre sus regiones; es necesario lograr un desarrollo arm\u00f3nico que proporcione acceso a condiciones de vida equitativas, que favorezcan un genuino proyecto en com\u00fan para todos los habitantes de nuestro pa\u00eds\u00bb, sostuvo entonces el Presidente.<\/p>\n<p>Adem\u00e1s, Fern\u00e1ndez marc\u00f3 en la iniciativa el objetivo de \u00abgarantizar igualdad en los niveles de prestaci\u00f3n de servicios p\u00fablicos, en equipamientos y en infraestructuras\u00bb.<\/p>\n<p>En la reuni\u00f3n en Tierra del Fuego estar\u00e1n, adem\u00e1s de Fern\u00e1ndez, Cafiero, Katopodis, Ferraresi y De Pedro, los ministros de Desarrollo Productivo, Mat\u00edas Kulfas, y de Transporte, Mario Meoni, y la ministra de las Mujeres, G\u00e9neros y Diversidad, Elizabeth G\u00f3mez Alcorta, inform\u00f3 la Casa Rosada.<\/p>\n<p>Tambi\u00e9n formar\u00e1n parte de la comitiva los secretarios General de la Presidencia, Julio Vitobello, y de Comunicaci\u00f3n y Prensa, Juan Pablo Biondi; la directora ejecutiva de la Anses, Fernanda Raverta, y el secretario de Energ\u00eda, Dar\u00edo Mart\u00ednez.<\/p>\n<p>La comitiva presidencial llegar\u00e1 al Aeropuerto Internacional Gobernador Ram\u00f3n Trejo Noel de R\u00edo Grande. El Jefe del Estado ser\u00e1 recibido por el gobernador Melella y por el intendente local, el justicialista Mart\u00edn P\u00e9rez.<\/p>\n<p>Fern\u00e1ndez comenzar\u00e1 su actividad oficial en el Monumento a los H\u00e9roes de Malvinas, donde realizar\u00e1 un homenaje, colocar\u00e1 una ofrenda floral y se tomar\u00e1 la foto oficial.<\/p>\n<p>En el Polideportivo \u00abJuan Carlos Margalot\u00bb habr\u00e1 un acto de cierre del Gabinete Federal, con anuncios y firma de convenios.<\/p>\n<p>En la provincia m\u00e1s austral del pa\u00eds Fern\u00e1ndez, en la reuni\u00f3n que se realizar\u00e1 a las 11.30, har\u00e1 \u00abimportantes anuncios\u00bb y firmar\u00e1 diversos convenios, se inform\u00f3.<\/p>\n<p>Con la llegada de Fern\u00e1ndez a R\u00edo Grande se dar\u00e1 el puntapi\u00e9 para el inicio del esquema de reuniones en las 24 Capitales Alternas, del que participar\u00e1n tambi\u00e9n ministros del Gabinete nacional con la idea de trasladar la gesti\u00f3n al propio territorio. <\/p>\n","protected":false},"excerpt":{"rendered":"<p>Fern\u00e1ndez tendr\u00e1 encuentros con autoridades provinciales y entidades de la sociedad civil. El presidente Alberto Fern\u00e1ndez viajar\u00e1 este lunes a Tierra del Fuego para inaugurar en la ciudad de R\u00edo Grande la puesta en marcha del Gabinete Federal y la agenda de las Capitales Alternas, con el fin de descentralizar la gesti\u00f3n y tener un [&hellip;]<\/p>\n","protected":false},"author":1,"featured_media":8009,"comment_status":"open","ping_status":"closed","sticky":false,"template":"","format":"standard","meta":[],"categories":[19],"tags":[],"_links":{"self":[{"href":"http:\/\/hoycordobaweb.com\/index.php\/wp-json\/wp\/v2\/posts\/8008"}],"collection":[{"href":"http:\/\/hoycordobaweb.com\/index.php\/wp-json\/wp\/v2\/posts"}],"about":[{"href":"http:\/\/hoycordobaweb.com\/index.php\/wp-json\/wp\/v2\/types\/post"}],"author":[{"embeddable":true,"href":"http:\/\/hoycordobaweb.com\/index.php\/wp-json\/wp\/v2\/users\/1"}],"replies":[{"embeddable":true,"href":"http:\/\/hoycordobaweb.com\/index.php\/wp-json\/wp\/v2\/comments?post=8008"}],"version-history":[{"count":0,"href":"http:\/\/hoycordobaweb.com\/index.php\/wp-json\/wp\/v2\/posts\/8008\/revisions"}],"wp:featuredmedia":[{"embeddable":true,"href":"http:\/\/hoycordobaweb.com\/index.php\/wp-json\/wp\/v2\/media\/8009"}],"wp:attachment":[{"href":"http:\/\/hoycordobaweb.com\/index.php\/wp-json\/wp\/v2\/media?parent=8008"}],"wp:term":[{"taxonomy":"category","embeddable":true,"href":"http:\/\/hoycordobaweb.com\/index.php\/wp-json\/wp\/v2\/categories?post=8008"},{"taxonomy":"post_tag","embeddable":true,"href":"http:\/\/hoycordobaweb.com\/index.php\/wp-json\/wp\/v2\/tags?post=8008"}],"curies":[{"name":"wp","href":"https:\/\/api.w.org\/{rel}","templated":true}]}}