{"id":80068,"date":"2024-07-02T17:19:47","date_gmt":"2024-07-02T17:19:47","guid":{"rendered":"https:\/\/fono.fcm.unc.edu.ar\/?p=12304"},"modified":"2024-07-02T17:19:47","modified_gmt":"2024-07-02T17:19:47","slug":"colacion-de-grado-en-la-escuela-de-fonoaudiologia","status":"publish","type":"post","link":"http:\/\/hoycordobaweb.com\/index.php\/2024\/07\/02\/colacion-de-grado-en-la-escuela-de-fonoaudiologia\/","title":{"rendered":"Colaci\u00f3n de Grado en la Escuela de Fonoaudiolog\u00eda"},"content":{"rendered":"<p>Hoy se llev\u00f3 a cabo la Colaci\u00f3n de Grado de la Escuela de Fonoaudiolog\u00eda. Se entregaron t\u00edtulos a 74 Fonoaudi\u00f3logos\/as y a 63 Licenciados en Fonoaudiolog\u00eda.<\/p>\n<p>Agradecemos a las autoridades de la Facultad de Ciencias M\u00e9dicas, al equipo Docente, Nodocente, al equipo de Gesti\u00f3n de la Escuela y especialmente a nuestras y nuestros graduadas\/os por el compromiso y dedicaci\u00f3n. \u00a1Felicitaciones!<\/p>\n","protected":false},"excerpt":{"rendered":"<p>Hoy se llev\u00f3 a cabo la Colaci\u00f3n de Grado de la Escuela de Fonoaudiolog\u00eda. Se entregaron t\u00edtulos a 74 Fonoaudi\u00f3logos\/as y a 63 Licenciados en Fonoaudiolog\u00eda. Agradecemos a las autoridades de la Facultad de Ciencias M\u00e9dicas, al equipo Docente, Nodocente, al equipo de Gesti\u00f3n de la Escuela y especialmente a nuestras y nuestros graduadas\/os por [&hellip;]<\/p>\n","protected":false},"author":1,"featured_media":0,"comment_status":"closed","ping_status":"closed","sticky":false,"template":"","format":"standard","meta":[],"categories":[1],"tags":[],"_links":{"self":[{"href":"http:\/\/hoycordobaweb.com\/index.php\/wp-json\/wp\/v2\/posts\/80068"}],"collection":[{"href":"http:\/\/hoycordobaweb.com\/index.php\/wp-json\/wp\/v2\/posts"}],"about":[{"href":"http:\/\/hoycordobaweb.com\/index.php\/wp-json\/wp\/v2\/types\/post"}],"author":[{"embeddable":true,"href":"http:\/\/hoycordobaweb.com\/index.php\/wp-json\/wp\/v2\/users\/1"}],"replies":[{"embeddable":true,"href":"http:\/\/hoycordobaweb.com\/index.php\/wp-json\/wp\/v2\/comments?post=80068"}],"version-history":[{"count":0,"href":"http:\/\/hoycordobaweb.com\/index.php\/wp-json\/wp\/v2\/posts\/80068\/revisions"}],"wp:attachment":[{"href":"http:\/\/hoycordobaweb.com\/index.php\/wp-json\/wp\/v2\/media?parent=80068"}],"wp:term":[{"taxonomy":"category","embeddable":true,"href":"http:\/\/hoycordobaweb.com\/index.php\/wp-json\/wp\/v2\/categories?post=80068"},{"taxonomy":"post_tag","embeddable":true,"href":"http:\/\/hoycordobaweb.com\/index.php\/wp-json\/wp\/v2\/tags?post=80068"}],"curies":[{"name":"wp","href":"https:\/\/api.w.org\/{rel}","templated":true}]}}