{"id":80064,"date":"2024-07-08T13:49:28","date_gmt":"2024-07-08T13:49:28","guid":{"rendered":"https:\/\/www.cordobaturismo.gov.ar\/?p=889377"},"modified":"2024-07-08T13:49:28","modified_gmt":"2024-07-08T13:49:28","slug":"museo-provincial-de-deporte-una-opcion-diferente-para-las-vacaciones-de-invierno","status":"publish","type":"post","link":"http:\/\/hoycordobaweb.com\/index.php\/2024\/07\/08\/museo-provincial-de-deporte-una-opcion-diferente-para-las-vacaciones-de-invierno\/","title":{"rendered":"Museo Provincial de Deporte: una opci\u00f3n diferente para las vacaciones de invierno"},"content":{"rendered":"<div class=\"elementor-widget-container\" readability=\"61.72461928934\">\n<p>Cordobeses y turistas cuentan con una gran alternativa para disfrutar del Kempes en vacaciones de invierno. Ser\u00e1 una cita obligada para los amantes del deporte que visitan la ciudad. El Museo cuenta con una colecci\u00f3n de m\u00e1s de 250 objetos originales.<\/p>\n<p>El Museo Provincial del Deporte contin\u00faa con sus puertas abiertas y as\u00ed lo har\u00e1 durante todo el mes de julio, esperando las visitas de aquellas personas que busquen disfrutar de una experiencia \u00fanica, con un recorrido por el museo donde se podr\u00e1n apreciar los m\u00e1s de 250 objetos originales que reflejan la historia del deporte cordob\u00e9s.<\/p>\n<figure class=\"wp-block-image size-large\"><img loading=\"lazy\" fetchpriority=\"high\" decoding=\"async\" width=\"1024\" height=\"544\" src=\"http:\/\/hoycordobaweb.com\/wp-content\/uploads\/2024\/07\/museo-provincial-de-deporte-una-opcion-diferente-para-las-vacaciones-de-invierno.jpg\" alt class=\"wp-image-889379\" srcset=\"http:\/\/hoycordobaweb.com\/wp-content\/uploads\/2024\/07\/museo-provincial-de-deporte-una-opcion-diferente-para-las-vacaciones-de-invierno.jpg 1024w, http:\/\/hoycordobaweb.com\/wp-content\/uploads\/2024\/07\/museo-provincial-de-deporte-una-opcion-diferente-para-las-vacaciones-de-invierno-5.jpg 400w, http:\/\/hoycordobaweb.com\/wp-content\/uploads\/2024\/07\/museo-provincial-de-deporte-una-opcion-diferente-para-las-vacaciones-de-invierno-6.jpg 768w, http:\/\/hoycordobaweb.com\/wp-content\/uploads\/2024\/07\/museo-provincial-de-deporte-una-opcion-diferente-para-las-vacaciones-de-invierno-7.jpg 1536w, http:\/\/hoycordobaweb.com\/wp-content\/uploads\/2024\/07\/museo-provincial-de-deporte-una-opcion-diferente-para-las-vacaciones-de-invierno-8.jpg 18w, http:\/\/hoycordobaweb.com\/wp-content\/uploads\/2024\/07\/museo-provincial-de-deporte-una-opcion-diferente-para-las-vacaciones-de-invierno-9.jpg 1600w\" sizes=\"(max-width: 1024px) 100vw, 1024px\"><\/figure>\n<p>Como es habitual, aquellas personas que visiten el museo, podr\u00e1n disfrutar de una visita guiada por sus instalaciones, adem\u00e1s de un recorrido por sectores que habitualmente no son accesibles. Se trata de la zona de competencia, vestuarios, el palco VIP y el acceso al interior del estadio y su campo de juego.<\/p>\n<p>Dentro del espacio se pueden recorrer lugares emblem\u00e1ticos. Uno de ellos es el sector ol\u00edmpico, que cobra relevancia a pocos d\u00edas del comienzo de una nueva edici\u00f3n en Par\u00eds. Adem\u00e1s de la historia ol\u00edmpica de C\u00f3rdoba, el p\u00fablico podr\u00e1 conocer objetos de incalculable valor hist\u00f3rico, como indumentaria que data de la d\u00e9cada del 20, medallas de los m\u00e1s importantes referentes locales y elementos con particulares historias.<\/p>\n<figure class=\"wp-block-image size-large\"><img loading=\"lazy\" decoding=\"async\" width=\"1024\" height=\"544\" src=\"http:\/\/hoycordobaweb.com\/wp-content\/uploads\/2024\/07\/museo-provincial-de-deporte-una-opcion-diferente-para-las-vacaciones-de-invierno-1.jpg\" alt class=\"wp-image-889380\" srcset=\"http:\/\/hoycordobaweb.com\/wp-content\/uploads\/2024\/07\/museo-provincial-de-deporte-una-opcion-diferente-para-las-vacaciones-de-invierno-1.jpg 1024w, http:\/\/hoycordobaweb.com\/wp-content\/uploads\/2024\/07\/museo-provincial-de-deporte-una-opcion-diferente-para-las-vacaciones-de-invierno-10.jpg 400w, http:\/\/hoycordobaweb.com\/wp-content\/uploads\/2024\/07\/museo-provincial-de-deporte-una-opcion-diferente-para-las-vacaciones-de-invierno-11.jpg 768w, http:\/\/hoycordobaweb.com\/wp-content\/uploads\/2024\/07\/museo-provincial-de-deporte-una-opcion-diferente-para-las-vacaciones-de-invierno-12.jpg 1536w, http:\/\/hoycordobaweb.com\/wp-content\/uploads\/2024\/07\/museo-provincial-de-deporte-una-opcion-diferente-para-las-vacaciones-de-invierno-13.jpg 18w, http:\/\/hoycordobaweb.com\/wp-content\/uploads\/2024\/07\/museo-provincial-de-deporte-una-opcion-diferente-para-las-vacaciones-de-invierno-14.jpg 1600w\" sizes=\"(max-width: 1024px) 100vw, 1024px\"><\/figure>\n<p>El museo tambi\u00e9n cuenta con tesoros del evento m\u00e1s importante que recibi\u00f3 el ex \u201cEstadio C\u00f3rdoba\u201d en sus 46 a\u00f1os de vida: el Mundial Argentina \u00b478. Entre ellos se encuentran maquinaria de \u00e9poca, documentos, indumentaria vestida por figuras internacionales y una colecci\u00f3n de entradas originales, entre muchas otras sorpresas.<\/p>\n<p>Otros lugares interesantes son el sal\u00f3n de copas o la sala de proyecci\u00f3n, donde se reproduce material de gran valor de archivo, \u00fanico en su tipo. En el centro de la escena se encuentra el auto de Oscar Cabal\u00e9n: un Chevrolet de 1939 con el que el piloto cordob\u00e9s por adopci\u00f3n debut\u00f3 en el automovilismo profesional en 1950.<\/p>\n<figure class=\"wp-block-image size-large\"><img loading=\"lazy\" decoding=\"async\" width=\"1024\" height=\"544\" src=\"http:\/\/hoycordobaweb.com\/wp-content\/uploads\/2024\/07\/museo-provincial-de-deporte-una-opcion-diferente-para-las-vacaciones-de-invierno-2.jpg\" alt class=\"wp-image-889381\" srcset=\"http:\/\/hoycordobaweb.com\/wp-content\/uploads\/2024\/07\/museo-provincial-de-deporte-una-opcion-diferente-para-las-vacaciones-de-invierno-2.jpg 1024w, http:\/\/hoycordobaweb.com\/wp-content\/uploads\/2024\/07\/museo-provincial-de-deporte-una-opcion-diferente-para-las-vacaciones-de-invierno-15.jpg 400w, http:\/\/hoycordobaweb.com\/wp-content\/uploads\/2024\/07\/museo-provincial-de-deporte-una-opcion-diferente-para-las-vacaciones-de-invierno-16.jpg 768w, http:\/\/hoycordobaweb.com\/wp-content\/uploads\/2024\/07\/museo-provincial-de-deporte-una-opcion-diferente-para-las-vacaciones-de-invierno-17.jpg 1536w, http:\/\/hoycordobaweb.com\/wp-content\/uploads\/2024\/07\/museo-provincial-de-deporte-una-opcion-diferente-para-las-vacaciones-de-invierno-18.jpg 18w, http:\/\/hoycordobaweb.com\/wp-content\/uploads\/2024\/07\/museo-provincial-de-deporte-una-opcion-diferente-para-las-vacaciones-de-invierno-19.jpg 1600w\" sizes=\"(max-width: 1024px) 100vw, 1024px\"><\/figure>\n<p class=\"has-medium-font-size\"><strong>Un museo repleto de originalidad<\/strong><\/p>\n<p>Una de las mayores virtudes del Museo Provincial del Deporte, es que todos los objetos que se encuentran en exposici\u00f3n son originales. Cada camiseta, medalla, copa o elemento que el p\u00fablico puede observar, fue utilizado y es pertenencia de un protagonista.<\/p>\n<p>Cada visita es una experiencia nueva, ya que la muestra se encuentra en permanente rotaci\u00f3n, con m\u00e1s de 250 objetos que semanalmente se renuevan.<\/p>\n<figure class=\"wp-block-image size-large\"><img loading=\"lazy\" decoding=\"async\" width=\"1024\" height=\"544\" src=\"http:\/\/hoycordobaweb.com\/wp-content\/uploads\/2024\/07\/museo-provincial-de-deporte-una-opcion-diferente-para-las-vacaciones-de-invierno-3.jpg\" alt class=\"wp-image-889382\" srcset=\"http:\/\/hoycordobaweb.com\/wp-content\/uploads\/2024\/07\/museo-provincial-de-deporte-una-opcion-diferente-para-las-vacaciones-de-invierno-3.jpg 1024w, http:\/\/hoycordobaweb.com\/wp-content\/uploads\/2024\/07\/museo-provincial-de-deporte-una-opcion-diferente-para-las-vacaciones-de-invierno-20.jpg 400w, http:\/\/hoycordobaweb.com\/wp-content\/uploads\/2024\/07\/museo-provincial-de-deporte-una-opcion-diferente-para-las-vacaciones-de-invierno-21.jpg 768w, http:\/\/hoycordobaweb.com\/wp-content\/uploads\/2024\/07\/museo-provincial-de-deporte-una-opcion-diferente-para-las-vacaciones-de-invierno-22.jpg 1536w, http:\/\/hoycordobaweb.com\/wp-content\/uploads\/2024\/07\/museo-provincial-de-deporte-una-opcion-diferente-para-las-vacaciones-de-invierno-23.jpg 18w, http:\/\/hoycordobaweb.com\/wp-content\/uploads\/2024\/07\/museo-provincial-de-deporte-una-opcion-diferente-para-las-vacaciones-de-invierno-24.jpg 1600w\" sizes=\"(max-width: 1024px) 100vw, 1024px\"><\/figure>\n<p class=\"has-medium-font-size\"><strong>Primera muestra itinerante en San Francisco<\/strong><\/p>\n<p>Por primera vez, desde su apertura el 30 de agosto de 2018, el Museo Provincial del Deporte realiza una muestra itinerante participando en la mega exposici\u00f3n de Museos del Deporte, en la ciudad de San Francisco.<\/p>\n<p>La misma comenz\u00f3 el s\u00e1bado 29 de junio y permanecer\u00e1 en la ciudad hasta el 20 de este mes, donde los visitantes podr\u00e1n apreciar valiosos objetos deportivos con mucha historia de todo el pa\u00eds.<\/p>\n<figure class=\"wp-block-image size-large\"><img loading=\"lazy\" decoding=\"async\" width=\"1024\" height=\"498\" src=\"http:\/\/hoycordobaweb.com\/wp-content\/uploads\/2024\/07\/museo-provincial-de-deporte-una-opcion-diferente-para-las-vacaciones-de-invierno-4.jpg\" alt class=\"wp-image-889383\" srcset=\"http:\/\/hoycordobaweb.com\/wp-content\/uploads\/2024\/07\/museo-provincial-de-deporte-una-opcion-diferente-para-las-vacaciones-de-invierno-4.jpg 1024w, http:\/\/hoycordobaweb.com\/wp-content\/uploads\/2024\/07\/museo-provincial-de-deporte-una-opcion-diferente-para-las-vacaciones-de-invierno-25.jpg 400w, http:\/\/hoycordobaweb.com\/wp-content\/uploads\/2024\/07\/museo-provincial-de-deporte-una-opcion-diferente-para-las-vacaciones-de-invierno-26.jpg 768w, http:\/\/hoycordobaweb.com\/wp-content\/uploads\/2024\/07\/museo-provincial-de-deporte-una-opcion-diferente-para-las-vacaciones-de-invierno-27.jpg 1536w, http:\/\/hoycordobaweb.com\/wp-content\/uploads\/2024\/07\/museo-provincial-de-deporte-una-opcion-diferente-para-las-vacaciones-de-invierno-28.jpg 2048w, http:\/\/hoycordobaweb.com\/wp-content\/uploads\/2024\/07\/museo-provincial-de-deporte-una-opcion-diferente-para-las-vacaciones-de-invierno-29.jpg 18w\" sizes=\"(max-width: 1024px) 100vw, 1024px\"><\/figure>\n<p class=\"has-medium-font-size\"><strong>Museo Provincial del Deporte<\/strong><\/p>\n<p><strong>Ubicaci\u00f3n<\/strong>: Estadio Mario Alberto Kempes (ex hall central).<\/p>\n<p><strong>D\u00edas y horarios para visitarlo<\/strong>: de martes a domingos y feriados, de 10:00 a 13:00 horas y de 14:00 a 18:00 horas. Y para m\u00e1s informaci\u00f3n,<strong> <a href=\"https:\/\/deportes.cba.gov.ar\/polo-deportivo-kempes\/museo-provincial-del-deporte\/\" target=\"_blank\" rel=\"noreferrer noopener\">INGRES\u00c1 AQU\u00cd<\/a><\/strong>.<\/p>\n<\/p><\/div>\n","protected":false},"excerpt":{"rendered":"<p>Cordobeses y turistas cuentan con una gran alternativa para disfrutar del Kempes en vacaciones de invierno. Ser\u00e1 una cita obligada para los amantes del deporte que visitan la ciudad. El Museo cuenta con una colecci\u00f3n de m\u00e1s de 250 objetos originales. El Museo Provincial del Deporte contin\u00faa con sus puertas abiertas y as\u00ed lo har\u00e1 [&hellip;]<\/p>\n","protected":false},"author":1,"featured_media":80065,"comment_status":"closed","ping_status":"closed","sticky":false,"template":"","format":"standard","meta":[],"categories":[19],"tags":[],"_links":{"self":[{"href":"http:\/\/hoycordobaweb.com\/index.php\/wp-json\/wp\/v2\/posts\/80064"}],"collection":[{"href":"http:\/\/hoycordobaweb.com\/index.php\/wp-json\/wp\/v2\/posts"}],"about":[{"href":"http:\/\/hoycordobaweb.com\/index.php\/wp-json\/wp\/v2\/types\/post"}],"author":[{"embeddable":true,"href":"http:\/\/hoycordobaweb.com\/index.php\/wp-json\/wp\/v2\/users\/1"}],"replies":[{"embeddable":true,"href":"http:\/\/hoycordobaweb.com\/index.php\/wp-json\/wp\/v2\/comments?post=80064"}],"version-history":[{"count":0,"href":"http:\/\/hoycordobaweb.com\/index.php\/wp-json\/wp\/v2\/posts\/80064\/revisions"}],"wp:featuredmedia":[{"embeddable":true,"href":"http:\/\/hoycordobaweb.com\/index.php\/wp-json\/wp\/v2\/media\/80065"}],"wp:attachment":[{"href":"http:\/\/hoycordobaweb.com\/index.php\/wp-json\/wp\/v2\/media?parent=80064"}],"wp:term":[{"taxonomy":"category","embeddable":true,"href":"http:\/\/hoycordobaweb.com\/index.php\/wp-json\/wp\/v2\/categories?post=80064"},{"taxonomy":"post_tag","embeddable":true,"href":"http:\/\/hoycordobaweb.com\/index.php\/wp-json\/wp\/v2\/tags?post=80064"}],"curies":[{"name":"wp","href":"https:\/\/api.w.org\/{rel}","templated":true}]}}