{"id":80054,"date":"2024-07-08T12:07:50","date_gmt":"2024-07-08T12:07:50","guid":{"rendered":"https:\/\/www.mujerhoy.com\/moda\/no-te-pierdas\/reina-letizia-looks-premios-princesa-girona-vestidos-espectaculares-20240708115527-nt.html"},"modified":"2024-07-08T12:07:50","modified_gmt":"2024-07-08T12:07:50","slug":"los-looks-mas-espectaculares-de-la-reina-letizia-en-los-premios-princesa-de-girona-plumas-encaje-y-mucho-brillo","status":"publish","type":"post","link":"http:\/\/hoycordobaweb.com\/index.php\/2024\/07\/08\/los-looks-mas-espectaculares-de-la-reina-letizia-en-los-premios-princesa-de-girona-plumas-encaje-y-mucho-brillo\/","title":{"rendered":"Los looks m\u00e1s espectaculares de la reina Letizia en los Premios Princesa de Girona: plumas, encaje y mucho brillo"},"content":{"rendered":"<p><!-- AUTHOR --> <\/p>\n<div class=\"voc-author-timesocial \"> <!-- AUTHOR --> <\/p>\n<div class=\"voc-author-timesocial__signature \">\n<div class=\"voc-author-timesocial__img-c\"> <!-- IMAGE AUTHOR --> <picture class=\"voc-image-signature\"> <img class=\"voc-image-signature__img\" src=\"http:\/\/hoycordobaweb.com\/wp-content\/uploads\/2024\/07\/los-looks-mas-espectaculares-de-la-reina-letizia-en-los-premios-princesa-de-girona-plumas-encaje-y-mucho-brillo.jpg\" alt=\"Raquel Rodr\u00edguez\"> <\/picture> <\/div>\n<p> <!-- INFO AUTHOR --> <\/div><\/div>\n<p> <!-- COMPONENTS --> <\/p>\n<p class=\"voc-paragraph\">La reina Letizia estar\u00e1 este mi\u00e9rcoles en <a data-voc-vtm-id=\"in-text-traffic\" href=\"https:\/\/www.mujerhoy.com\/celebrities\/realeza\/premios-princesa-girona-2024-agenda-cuando-actos-leonor-sofia-20240628102301-nt.html\" title=\"www.mujerhoy.com\">los Premios Princesa de Girona 2024<\/a>, una gala que se celebra cada a\u00f1o y en la que la monarca aprovecha para sacar su mejor versi\u00f3n estil\u00edstica. La familia real al completo viaja ma\u00f1ana a Catalu\u00f1a para formar parte de todos los actos que tienen lugar en torno a esta gala de premios y ya estamos deseando ver qu\u00e9 piezas escoge la reina consorte en esta edici\u00f3n.\n<\/p>\n<p class=\"voc-paragraph\">Al igual que ocurre en los Premios Princesa de Asturias,<br \/>\n<a data-voc-vtm-id=\"in-text-traffic\" href=\"https:\/\/www.mujerhoy.com\/temas\/personajes\/reina-dona-letizia.html\" title=\"www.mujerhoy.com\"> la reina Letizia <\/a>sabe de la importancia de este evento y aunque<br \/>\n<strong> comparte protagonismo con su hija Leonor<\/strong>, quien ostenta ahora el titulo de princesa de Girona, lo cierto es que sus looks son de lo m\u00e1s aplaudidos. Y mientras esperamos al siguiente, aqu\u00ed va un repaso de cu\u00e1les son<br \/>\n<strong> los mejores <\/strong>que ha lucido hasta la fecha.\n<\/p>\n<div class=\"voc-detail-photo-zoom\"> <picture data-toggle=\"modal\" data-target=\"#photoZoomModal-950\" target=\"modal\">\n<div class=\"voc-img-icon-link\"> <img loading=\"lazy\" src=\"http:\/\/hoycordobaweb.com\/wp-content\/uploads\/2024\/07\/los-looks-mas-espectaculares-de-la-reina-letizia-en-los-premios-princesa-de-girona-plumas-encaje-y-mucho-brillo.webp\" width=\"650\" height=\"900\" alt=\"LIMITED PICTURES\"> <noscript> <img src=\"http:\/\/hoycordobaweb.com\/wp-content\/uploads\/2024\/07\/los-looks-mas-espectaculares-de-la-reina-letizia-en-los-premios-princesa-de-girona-plumas-encaje-y-mucho-brillo.webp\" alt=\"LIMITED PICTURES\"> <\/noscript> <i class=\"voc-icons zoom voc-multimedia-box voc-ico-l\"><\/i> <\/div><figcaption class=\"figure-caption\">LIMITED PICTURES<\/figcaption><\/picture>\n<\/div>\n<div id=\"photoZoomModal-950\" class=\"voc-lightbox modal fade voc-lightbox--photo-zoom\" role=\"dialog\" data-voc-photozoom-lightbox>\n<div class=\"voc-lightbox__dialog\" role=\"document\">\n<div class=\"voc-lightbox__content\"> <!-- Modal header --> <!-- Modal content --> <\/p>\n<div class=\"voc-lightbox__photo-container\"> <picture class> <img loading=\"lazy\" src=\"http:\/\/hoycordobaweb.com\/wp-content\/uploads\/2024\/07\/los-looks-mas-espectaculares-de-la-reina-letizia-en-los-premios-princesa-de-girona-plumas-encaje-y-mucho-brillo.webp\" alt=\"LIMITED PICTURES\"> <noscript> <img src=\"http:\/\/hoycordobaweb.com\/wp-content\/uploads\/2024\/07\/los-looks-mas-espectaculares-de-la-reina-letizia-en-los-premios-princesa-de-girona-plumas-encaje-y-mucho-brillo.webp\" alt=\"LIMITED PICTURES\"> <\/noscript> <\/picture> <\/div><\/div><\/div>\n<\/div>\n<p><h3 class=\"voc-detail__title\"> El vestido joya<br \/>\n<\/h3>\n<\/p>\n<p class=\"voc-paragraph\">En 2022, el protagonista del look escogido por la reina Letizia era un vestido midi en color azul marino de Bo\u00fcret, una firma que crea de la mano de modistas artesanas de Galicia y que estaba confeccionado completamente en crepe. Ten\u00eda un dise\u00f1o con la falda midi cruzada y con un escote asim\u00e9trico con hombro al aire adornado con el detalle de un cord\u00f3n de strass que le da un toque especial y sofisticado.\n<\/p>\n<div class=\"voc-detail-photo-zoom\"> <picture data-toggle=\"modal\" data-target=\"#photoZoomModal-617\" target=\"modal\">\n<div class=\"voc-img-icon-link\"> <img loading=\"lazy\" src=\"http:\/\/hoycordobaweb.com\/wp-content\/uploads\/2024\/07\/los-looks-mas-espectaculares-de-la-reina-letizia-en-los-premios-princesa-de-girona-plumas-encaje-y-mucho-brillo-1.webp\" width=\"650\" height=\"900\" alt=\"LIMITED PICTURES\"> <noscript> <img src=\"http:\/\/hoycordobaweb.com\/wp-content\/uploads\/2024\/07\/los-looks-mas-espectaculares-de-la-reina-letizia-en-los-premios-princesa-de-girona-plumas-encaje-y-mucho-brillo-1.webp\" alt=\"LIMITED PICTURES\"> <\/noscript> <i class=\"voc-icons zoom voc-multimedia-box voc-ico-l\"><\/i> <\/div><figcaption class=\"figure-caption\">LIMITED PICTURES<\/figcaption><\/picture>\n<\/div>\n<div id=\"photoZoomModal-617\" class=\"voc-lightbox modal fade voc-lightbox--photo-zoom\" role=\"dialog\" data-voc-photozoom-lightbox>\n<div class=\"voc-lightbox__dialog\" role=\"document\">\n<div class=\"voc-lightbox__content\"> <!-- Modal header --> <!-- Modal content --> <\/p>\n<div class=\"voc-lightbox__photo-container\"> <picture class> <img loading=\"lazy\" src=\"http:\/\/hoycordobaweb.com\/wp-content\/uploads\/2024\/07\/los-looks-mas-espectaculares-de-la-reina-letizia-en-los-premios-princesa-de-girona-plumas-encaje-y-mucho-brillo-1.webp\" alt=\"LIMITED PICTURES\"> <noscript> <img src=\"http:\/\/hoycordobaweb.com\/wp-content\/uploads\/2024\/07\/los-looks-mas-espectaculares-de-la-reina-letizia-en-los-premios-princesa-de-girona-plumas-encaje-y-mucho-brillo-1.webp\" alt=\"LIMITED PICTURES\"> <\/noscript> <\/picture> <\/div><\/div><\/div>\n<\/div>\n<p><h3 class=\"voc-detail__title\"> El traje plumas<br \/>\n<\/h3>\n<\/p>\n<p class=\"voc-paragraph\">En 2019, sorprendi\u00f3 dencatn\u00e1ndose por un sofisticado dos piezas negro con detalle de plumas de avestruz en las mangas y sutiles bordados joya de Pertegaz. lo combin\u00f3 con unos salones negros de Manolo Blahnik, un clutch de Magrit y un recogido bajo muy favorecedor. Una comboinaci\u00f3n con la que demostr\u00f3 que un esmoquin puede ser m\u00e1s elegante que un vestido.\n<\/p>\n<div class=\"voc-detail-photo-zoom\"> <picture data-toggle=\"modal\" data-target=\"#photoZoomModal-477\" target=\"modal\">\n<div class=\"voc-img-icon-link\"> <img loading=\"lazy\" src=\"http:\/\/hoycordobaweb.com\/wp-content\/uploads\/2024\/07\/los-looks-mas-espectaculares-de-la-reina-letizia-en-los-premios-princesa-de-girona-plumas-encaje-y-mucho-brillo-2.webp\" width=\"650\" height=\"900\" alt=\"LIMITED PICTURES\"> <noscript> <img src=\"http:\/\/hoycordobaweb.com\/wp-content\/uploads\/2024\/07\/los-looks-mas-espectaculares-de-la-reina-letizia-en-los-premios-princesa-de-girona-plumas-encaje-y-mucho-brillo-2.webp\" alt=\"LIMITED PICTURES\"> <\/noscript> <i class=\"voc-icons zoom voc-multimedia-box voc-ico-l\"><\/i> <\/div><figcaption class=\"figure-caption\">LIMITED PICTURES<\/figcaption><\/picture>\n<\/div>\n<div id=\"photoZoomModal-477\" class=\"voc-lightbox modal fade voc-lightbox--photo-zoom\" role=\"dialog\" data-voc-photozoom-lightbox>\n<div class=\"voc-lightbox__dialog\" role=\"document\">\n<div class=\"voc-lightbox__content\"> <!-- Modal header --> <!-- Modal content --> <\/p>\n<div class=\"voc-lightbox__photo-container\"> <picture class> <img loading=\"lazy\" src=\"http:\/\/hoycordobaweb.com\/wp-content\/uploads\/2024\/07\/los-looks-mas-espectaculares-de-la-reina-letizia-en-los-premios-princesa-de-girona-plumas-encaje-y-mucho-brillo-2.webp\" alt=\"LIMITED PICTURES\"> <noscript> <img src=\"http:\/\/hoycordobaweb.com\/wp-content\/uploads\/2024\/07\/los-looks-mas-espectaculares-de-la-reina-letizia-en-los-premios-princesa-de-girona-plumas-encaje-y-mucho-brillo-2.webp\" alt=\"LIMITED PICTURES\"> <\/noscript> <\/picture> <\/div><\/div><\/div>\n<\/div>\n<p><h3 class=\"voc-detail__title\"> El vestido de la pandemia<br \/>\n<\/h3>\n<\/p>\n<p class=\"voc-paragraph\">En la edici\u00f3n de 2020 y 2021, protagonizadas y unidas por la pandemia, la monarca luci\u00f3 este vestido de estrellas de Nina Ricci, que estren\u00f3 en 2017. Era la tercera vez que se lo pon\u00eda y aunque la mascarillas se llevaba el protagonismo, luci\u00f3 elegante gracias a esta prenda de punto y bajo asim\u00e9trico que complet\u00f3 con unas sandalias de tac\u00f3n.\n<\/p>\n<div class=\"voc-detail-photo-zoom\"> <picture data-toggle=\"modal\" data-target=\"#photoZoomModal-44\" target=\"modal\">\n<div class=\"voc-img-icon-link\"> <img loading=\"lazy\" src=\"http:\/\/hoycordobaweb.com\/wp-content\/uploads\/2024\/07\/los-looks-mas-espectaculares-de-la-reina-letizia-en-los-premios-princesa-de-girona-plumas-encaje-y-mucho-brillo-3.webp\" width=\"650\" height=\"900\" alt=\"LIMITED PICTURES\"> <noscript> <img src=\"http:\/\/hoycordobaweb.com\/wp-content\/uploads\/2024\/07\/los-looks-mas-espectaculares-de-la-reina-letizia-en-los-premios-princesa-de-girona-plumas-encaje-y-mucho-brillo-3.webp\" alt=\"LIMITED PICTURES\"> <\/noscript> <i class=\"voc-icons zoom voc-multimedia-box voc-ico-l\"><\/i> <\/div><figcaption class=\"figure-caption\">LIMITED PICTURES<\/figcaption><\/picture>\n<\/div>\n<div id=\"photoZoomModal-44\" class=\"voc-lightbox modal fade voc-lightbox--photo-zoom\" role=\"dialog\" data-voc-photozoom-lightbox>\n<div class=\"voc-lightbox__dialog\" role=\"document\">\n<div class=\"voc-lightbox__content\"> <!-- Modal header --> <!-- Modal content --> <\/p>\n<div class=\"voc-lightbox__photo-container\"> <picture class> <img loading=\"lazy\" src=\"http:\/\/hoycordobaweb.com\/wp-content\/uploads\/2024\/07\/los-looks-mas-espectaculares-de-la-reina-letizia-en-los-premios-princesa-de-girona-plumas-encaje-y-mucho-brillo-3.webp\" alt=\"LIMITED PICTURES\"> <noscript> <img src=\"http:\/\/hoycordobaweb.com\/wp-content\/uploads\/2024\/07\/los-looks-mas-espectaculares-de-la-reina-letizia-en-los-premios-princesa-de-girona-plumas-encaje-y-mucho-brillo-3.webp\" alt=\"LIMITED PICTURES\"> <\/noscript> <\/picture> <\/div><\/div><\/div>\n<\/div>\n<p><h3 class=\"voc-detail__title\"> El vestido de princesa<br \/>\n<\/h3>\n<\/p>\n<p class=\"voc-paragraph\">Si echamos la vista atr\u00e1s y revisamos las opciones elgidas por do\u00f1a Letizia en su \u00e9poca como princesa, hay que dstacar este look de encaje con su color fetiche. Por esa \u00e9poca, el rojo y todas sus versiones eran el mejor aliado de Letizia y lo demostr\u00f3 con este vestido midi de manga francesa y transparencias que llev\u00f3 con zapatos a tono.\n<\/p>\n<div class=\"voc-detail-photo-zoom\"> <picture data-toggle=\"modal\" data-target=\"#photoZoomModal-721\" target=\"modal\">\n<div class=\"voc-img-icon-link\"> <img loading=\"lazy\" src=\"http:\/\/hoycordobaweb.com\/wp-content\/uploads\/2024\/07\/los-looks-mas-espectaculares-de-la-reina-letizia-en-los-premios-princesa-de-girona-plumas-encaje-y-mucho-brillo-4.webp\" width=\"650\" height=\"900\" alt=\"LIMITED PICTURES\"> <noscript> <img src=\"http:\/\/hoycordobaweb.com\/wp-content\/uploads\/2024\/07\/los-looks-mas-espectaculares-de-la-reina-letizia-en-los-premios-princesa-de-girona-plumas-encaje-y-mucho-brillo-4.webp\" alt=\"LIMITED PICTURES\"> <\/noscript> <i class=\"voc-icons zoom voc-multimedia-box voc-ico-l\"><\/i> <\/div><figcaption class=\"figure-caption\">LIMITED PICTURES<\/figcaption><\/picture>\n<\/div>\n<div id=\"photoZoomModal-721\" class=\"voc-lightbox modal fade voc-lightbox--photo-zoom\" role=\"dialog\" data-voc-photozoom-lightbox>\n<div class=\"voc-lightbox__dialog\" role=\"document\">\n<div class=\"voc-lightbox__content\"> <!-- Modal header --> <!-- Modal content --> <\/p>\n<div class=\"voc-lightbox__photo-container\"> <picture class> <img loading=\"lazy\" src=\"http:\/\/hoycordobaweb.com\/wp-content\/uploads\/2024\/07\/los-looks-mas-espectaculares-de-la-reina-letizia-en-los-premios-princesa-de-girona-plumas-encaje-y-mucho-brillo-4.webp\" alt=\"LIMITED PICTURES\"> <noscript> <img src=\"http:\/\/hoycordobaweb.com\/wp-content\/uploads\/2024\/07\/los-looks-mas-espectaculares-de-la-reina-letizia-en-los-premios-princesa-de-girona-plumas-encaje-y-mucho-brillo-4.webp\" alt=\"LIMITED PICTURES\"> <\/noscript> <\/picture> <\/div><\/div><\/div>\n<\/div>\n<p><h3 class=\"voc-detail__title\"> El vestido de H&amp;M<br \/>\n<\/h3>\n<\/p>\n<p class=\"voc-paragraph\">El a\u00f1o pasado, la reina Letizia estren\u00f3 un vestido de H&amp;M de largo midi y sin mangas confeccionado en tejido jacquard de poli\u00e9ster y seda reciclados. Era un modelo con escote de pico profundo delante y detr\u00e1s, y caracyerizado por detalles de costuras deshilachadas, que le aportaban un toque sofisticado y diferente. A\u00f1adi\u00f3 unos salones destalonado plateados de Magrit.\n<\/p>\n<p> <!-- TOPICS --> <\/p>\n","protected":false},"excerpt":{"rendered":"<p>La reina Letizia estar\u00e1 este mi\u00e9rcoles en los Premios Princesa de Girona 2024, una gala que se celebra cada a\u00f1o y en la que la monarca aprovecha para sacar su mejor versi\u00f3n estil\u00edstica. La familia real al completo viaja ma\u00f1ana a Catalu\u00f1a para formar parte de todos los actos que tienen lugar en torno a [&hellip;]<\/p>\n","protected":false},"author":1,"featured_media":80055,"comment_status":"closed","ping_status":"closed","sticky":false,"template":"","format":"standard","meta":[],"categories":[],"tags":[],"_links":{"self":[{"href":"http:\/\/hoycordobaweb.com\/index.php\/wp-json\/wp\/v2\/posts\/80054"}],"collection":[{"href":"http:\/\/hoycordobaweb.com\/index.php\/wp-json\/wp\/v2\/posts"}],"about":[{"href":"http:\/\/hoycordobaweb.com\/index.php\/wp-json\/wp\/v2\/types\/post"}],"author":[{"embeddable":true,"href":"http:\/\/hoycordobaweb.com\/index.php\/wp-json\/wp\/v2\/users\/1"}],"replies":[{"embeddable":true,"href":"http:\/\/hoycordobaweb.com\/index.php\/wp-json\/wp\/v2\/comments?post=80054"}],"version-history":[{"count":0,"href":"http:\/\/hoycordobaweb.com\/index.php\/wp-json\/wp\/v2\/posts\/80054\/revisions"}],"wp:featuredmedia":[{"embeddable":true,"href":"http:\/\/hoycordobaweb.com\/index.php\/wp-json\/wp\/v2\/media\/80055"}],"wp:attachment":[{"href":"http:\/\/hoycordobaweb.com\/index.php\/wp-json\/wp\/v2\/media?parent=80054"}],"wp:term":[{"taxonomy":"category","embeddable":true,"href":"http:\/\/hoycordobaweb.com\/index.php\/wp-json\/wp\/v2\/categories?post=80054"},{"taxonomy":"post_tag","embeddable":true,"href":"http:\/\/hoycordobaweb.com\/index.php\/wp-json\/wp\/v2\/tags?post=80054"}],"curies":[{"name":"wp","href":"https:\/\/api.w.org\/{rel}","templated":true}]}}