{"id":79980,"date":"2024-07-06T22:59:02","date_gmt":"2024-07-06T22:59:02","guid":{"rendered":"https:\/\/fono.fcm.unc.edu.ar\/?p=12357"},"modified":"2024-07-06T22:59:02","modified_gmt":"2024-07-06T22:59:02","slug":"6-de-julio-451-aniversario-de-la-fundacion-de-la-ciudad-de-cordoba","status":"publish","type":"post","link":"http:\/\/hoycordobaweb.com\/index.php\/2024\/07\/06\/6-de-julio-451-aniversario-de-la-fundacion-de-la-ciudad-de-cordoba\/","title":{"rendered":"6 de julio: 451\u00b0 Aniversario de la Fundaci\u00f3n de la ciudad de C\u00f3rdoba"},"content":{"rendered":"<h2 class=\"fusion-post-title\">6 de julio: 451\u00b0 Aniversario de la Fundaci\u00f3n de la ciudad de C\u00f3rdoba<\/h2>\n<div class=\"post-content\" readability=\"33\">\n<p><img loading=\"lazy\" fetchpriority=\"high\" decoding=\"async\" class=\"aligncenter size-fusion-400 wp-image-12359\" src=\"https:\/\/fono.fcm.unc.edu.ar\/wp-content\/uploads\/sites\/14\/2024\/07\/Screenshot_20240706_195658_Instagram-400x489.jpg\" alt width=\"400\" height=\"489\" srcset=\"https:\/\/fono.fcm.unc.edu.ar\/wp-content\/uploads\/sites\/14\/2024\/07\/Screenshot_20240706_195658_Instagram-200x244.jpg 200w, https:\/\/fono.fcm.unc.edu.ar\/wp-content\/uploads\/sites\/14\/2024\/07\/Screenshot_20240706_195658_Instagram-246x300.jpg 246w, https:\/\/fono.fcm.unc.edu.ar\/wp-content\/uploads\/sites\/14\/2024\/07\/Screenshot_20240706_195658_Instagram-400x489.jpg 400w, https:\/\/fono.fcm.unc.edu.ar\/wp-content\/uploads\/sites\/14\/2024\/07\/Screenshot_20240706_195658_Instagram-600x733.jpg 600w, https:\/\/fono.fcm.unc.edu.ar\/wp-content\/uploads\/sites\/14\/2024\/07\/Screenshot_20240706_195658_Instagram-768x938.jpg 768w, https:\/\/fono.fcm.unc.edu.ar\/wp-content\/uploads\/sites\/14\/2024\/07\/Screenshot_20240706_195658_Instagram-800x977.jpg 800w, https:\/\/fono.fcm.unc.edu.ar\/wp-content\/uploads\/sites\/14\/2024\/07\/Screenshot_20240706_195658_Instagram-838x1024.jpg 838w, https:\/\/fono.fcm.unc.edu.ar\/wp-content\/uploads\/sites\/14\/2024\/07\/Screenshot_20240706_195658_Instagram.jpg 1080w\" sizes=\"(max-width: 400px) 100vw, 400px\">Hoy 6 de julio se conmemora el 451\u00b0 Aniversario de la fundaci\u00f3n de la ciudad de C\u00f3rdoba.&nbsp; La capital de la provincia fue fundada el 6 de julio de 1573 por el espa\u00f1ol Jer\u00f3nimo Luis de Cabrera.<\/p>\n<\/p><\/div>\n","protected":false},"excerpt":{"rendered":"<p>6 de julio: 451\u00b0 Aniversario de la Fundaci\u00f3n de la ciudad de C\u00f3rdoba Hoy 6 de julio se conmemora el 451\u00b0 Aniversario de la fundaci\u00f3n de la ciudad de C\u00f3rdoba.&nbsp; La capital de la provincia fue fundada el 6 de julio de 1573 por el espa\u00f1ol Jer\u00f3nimo Luis de Cabrera.<\/p>\n","protected":false},"author":1,"featured_media":0,"comment_status":"closed","ping_status":"closed","sticky":false,"template":"","format":"standard","meta":[],"categories":[1],"tags":[],"_links":{"self":[{"href":"http:\/\/hoycordobaweb.com\/index.php\/wp-json\/wp\/v2\/posts\/79980"}],"collection":[{"href":"http:\/\/hoycordobaweb.com\/index.php\/wp-json\/wp\/v2\/posts"}],"about":[{"href":"http:\/\/hoycordobaweb.com\/index.php\/wp-json\/wp\/v2\/types\/post"}],"author":[{"embeddable":true,"href":"http:\/\/hoycordobaweb.com\/index.php\/wp-json\/wp\/v2\/users\/1"}],"replies":[{"embeddable":true,"href":"http:\/\/hoycordobaweb.com\/index.php\/wp-json\/wp\/v2\/comments?post=79980"}],"version-history":[{"count":0,"href":"http:\/\/hoycordobaweb.com\/index.php\/wp-json\/wp\/v2\/posts\/79980\/revisions"}],"wp:attachment":[{"href":"http:\/\/hoycordobaweb.com\/index.php\/wp-json\/wp\/v2\/media?parent=79980"}],"wp:term":[{"taxonomy":"category","embeddable":true,"href":"http:\/\/hoycordobaweb.com\/index.php\/wp-json\/wp\/v2\/categories?post=79980"},{"taxonomy":"post_tag","embeddable":true,"href":"http:\/\/hoycordobaweb.com\/index.php\/wp-json\/wp\/v2\/tags?post=79980"}],"curies":[{"name":"wp","href":"https:\/\/api.w.org\/{rel}","templated":true}]}}