{"id":79960,"date":"2024-07-06T02:11:36","date_gmt":"2024-07-06T02:11:36","guid":{"rendered":"https:\/\/www.ole.com.ar\/futbol-internacional\/opinion-toni-kroos-eurocopa-alemania_0_QncMYSBDCQ.html"},"modified":"2024-07-06T02:11:36","modified_gmt":"2024-07-06T02:11:36","slug":"ha-sido-un-gusto-senor-kroos","status":"publish","type":"post","link":"http:\/\/hoycordobaweb.com\/index.php\/2024\/07\/06\/ha-sido-un-gusto-senor-kroos\/","title":{"rendered":"Ha sido un gusto, se\u00f1or Kroos"},"content":{"rendered":"<p><img src=\"http:\/\/hoycordobaweb.com\/wp-content\/uploads\/2024\/07\/ha-sido-un-gusto-senor-kroos.jpg\"><\/p>\n<p><time class=\"createDate\" datetime=\"2024-07-05T23:11:36-03:00\">06\/07\/2024 02:11hs.<\/time><\/p>\n<div id=\"storyBody\">\n<div class=\"custom-text \" readability=\"44.173622704508\">\n<p>El f\u00fatbol, como la vida, tiene ciclos que se cumplen. Hoy estamos en presencia de una camada de enormes jugadores que, lentamente, se van acercando a su fecha de retirada. Por ejemplo,<strong> es la \u00faltima Copa Am\u00e9rica para Angelito Di Mar\u00eda, para Lionel Messi. <\/strong>Del otro lado del Atl\u00e1ntico,<strong> fue la Eurocopa final de Cristiano Ronaldo. <\/strong>Y, sabido ya con antelaci\u00f3n, el \u00faltimo torneo como profesional del alem\u00e1n <strong><a href=\"https:\/\/www.ole.com.ar\/tema\/toni-kroos.html\" title=\"Toni Kroos\" alt=\"Toni Kroos\" class=\"slug\">Toni Kroos,<\/a> campe\u00f3n del mundo en 2014 y multiganador con Real Madrid(seis Champions)<\/strong>. Decidi\u00f3 colgar los botines con 34 a\u00f1os y en un pico alt\u00edsimo de su carrera. No es menor. \u00bfPor qu\u00e9?<\/p>\n<\/div>\n<div class=\"custom-text \" readability=\"44\">\n<p><strong>De perfil moderado fuera de la cancha, sin bombos ni platillos, dentro del terreno fue un crack total.<\/strong> S\u00ed, ya hay que hablar en pasado. Un tipo que hizo un arte del pase corto e inteligente o del cambio de frente. Un artista, un guante en el pie. Siempre bien perfilado para conducir o ser rueda de auxilio de compa\u00f1eros. Como si tuviera un mapa o GPS de la cancha en su cerebro. Cuesta encontrarle un pase malo. Siempre igual en su seleccionado y <strong>en Real Madrid, lugar al que arrib\u00f3 en 2014 como uno m\u00e1s y, diez a\u00f1os despu\u00e9s, lo despidieron como un verdadero \u00eddolo. Bien ganado.<\/strong> Vigente durante a\u00f1os, fue un volante que siempre pareci\u00f3 jugar sin transpirar, sin despeinarse. Calificativos que no son peyorativos en este caso. De galera y bast\u00f3n. Impoluto. Elegancia y jerarqu\u00eda total con un consecuente respeto de propios y extra\u00f1os.<\/p>\n<\/div>\n<div class=\"sc-e7b891c4-0 jPbnQF\"><img alt=\"Los aplausos de Toni en su \u00faltimo partido (AP). \" src=\"http:\/\/hoycordobaweb.com\/wp-content\/uploads\/2024\/07\/ha-sido-un-gusto-senor-kroos-2.jpg\" width=\"720\" height=\"100\" decoding=\"async\" data-nimg=\"future\" loading=\"lazy\"><span class=\"epigraphe\">Los aplausos de Toni en su \u00faltimo partido (AP). <\/span><\/div>\n<div class=\"sc-e7b891c4-0 jPbnQF\"><img alt=\"Se marcha con 34 a\u00f1os. \" src=\"http:\/\/hoycordobaweb.com\/wp-content\/uploads\/2024\/07\/ha-sido-un-gusto-senor-kroos-3.jpg\" width=\"720\" height=\"100\" decoding=\"async\" data-nimg=\"future\" loading=\"lazy\"><span class=\"epigraphe\">Se marcha con 34 a\u00f1os. <\/span><\/div>\n<div class=\"custom-text \" readability=\"36.067444876783\">\n<p>En una \u00e9poca (y vida) donde las edades se extienden, desafiando los almanaques, el bueno de Kroos decidi\u00f3 que el camino recorrido hasta ac\u00e1 fue m\u00e1s que satisfactorio. Suficiente. Se retir\u00f3 en un momento justo, cuando otros tal vez hubieran extendido su tiempo en las canchas, asumiendo un lugar de menor preponderancia en su equipo o march\u00e1ndose a ligas ex\u00f3ticas o de menor valor futbol\u00edstico. <strong>Salvado, por supuesto, econ\u00f3micamente, prioriz\u00f3 dejar su imagen al 100%, dio todo lo que ten\u00eda en el tanque:<\/strong> campe\u00f3n de Europa con el Madrid y titular indiscutido en la selecci\u00f3n alemana. No es com\u00fan. <a href=\"https:\/\/www.ole.com.ar\/futbol-internacional\/toni-kroos-declaraciones-derrota-alemania-espana-retiro_0_vDiz9jpZvw.html\" target=\"_self\" title=\"No pudo coronar en casa en esta Euro, pero nadie le quitar\u00e1 lo bailado a pesar del dolor que expres\u00f3 post derrota con Espa\u00f1a.\" alt=\"No pudo coronar en casa en esta Euro, pero nadie le quitar\u00e1 lo bailado a pesar del dolor que expres\u00f3 post derrota con Espa\u00f1a.\" rel=\"noopener noreferrer\">No pudo coronar en casa en esta Euro, pero nadie le quitar\u00e1 lo bailado a pesar del dolor que expres\u00f3 post derrota con Espa\u00f1a en cuartos.<\/a> Nada para reprocharse.<\/p>\n<\/div>\n<div class=\"sc-e7b891c4-0 jPbnQF\"><img alt=\"Kroos, un fuera de serie. \" src=\"http:\/\/hoycordobaweb.com\/wp-content\/uploads\/2024\/07\/ha-sido-un-gusto-senor-kroos-4.jpg\" width=\"720\" height=\"100\" decoding=\"async\" data-nimg=\"future\" loading=\"lazy\"><span class=\"epigraphe\">Kroos, un fuera de serie. <\/span><\/div>\n<div class=\"custom-text \" readability=\"37\">\n<p><strong>35 t\u00edtulos (Bayern Munich y Leverkusen en su pa\u00eds), m\u00e1s de 800 partidos disputados. U<\/strong>n fuera de serie que merece aplausos. No todos los d\u00edas se marcha un top de esta clase. Clase, lo que eman\u00f3 en la mitad de la cancha. Ha sido un gusto, se\u00f1or Kroos.<\/p>\n<\/div>\n<div class=\"sc-a7166897-0 exHLBh\" readability=\"6\">\n<section readability=\"2\"><picture><img alt=\"El cuadro de la Eurocopa 2024: ya hay dos semifinalistas\" src=\"http:\/\/hoycordobaweb.com\/wp-content\/uploads\/2024\/07\/ha-sido-un-gusto-senor-kroos-5.jpg\" width=\"290\" height=\"290\" decoding=\"async\" data-nimg=\"future\" loading=\"lazy\"><\/picture>\n<p><span>Mir\u00e1 tambi\u00e9n<\/span><\/p>\n<hr>\n<h3>El cuadro de la Eurocopa 2024: ya hay dos semifinalistas<\/h3>\n<\/p>\n<\/section>\n<\/div>\n<div class=\"sc-a7166897-0 exHLBh\" readability=\"6.5\">\n<section readability=\"3\"><picture><img alt=\"Video: la dura patada de Toni Kroos a Pedri a los tres minutos del partido entre Alemania y Espa\u00f1a\" src=\"http:\/\/hoycordobaweb.com\/wp-content\/uploads\/2024\/07\/ha-sido-un-gusto-senor-kroos-6.jpg\" width=\"290\" height=\"290\" decoding=\"async\" data-nimg=\"future\" loading=\"lazy\"><\/picture>\n<p><span>Mir\u00e1 tambi\u00e9n<\/span><\/p>\n<hr>\n<h3>Video: la dura patada de Toni Kroos a Pedri a los tres minutos del partido entre Alemania y Espa\u00f1a<\/h3>\n<\/p>\n<\/section>\n<\/div>\n<div class=\"sc-a7166897-0 exHLBh\" readability=\"7.5\">\n<section readability=\"5\"><picture><img alt=\"El dolor de Toni Kroos tras la eliminaci\u00f3n de Alemania: &quot;Perder as\u00ed, con este final, es muy amargo&quot;\" src=\"http:\/\/hoycordobaweb.com\/wp-content\/uploads\/2024\/07\/ha-sido-un-gusto-senor-kroos-7.jpg\" width=\"290\" height=\"290\" decoding=\"async\" data-nimg=\"future\" loading=\"lazy\"><\/picture>\n<p><span>Mir\u00e1 tambi\u00e9n<\/span><\/p>\n<hr>\n<h3>El dolor de Toni Kroos tras la eliminaci\u00f3n de Alemania: \u00abPerder as\u00ed, con este final, es muy amargo\u00bb<\/h3>\n<\/p>\n<\/section>\n<\/div>\n<\/div>\n","protected":false},"excerpt":{"rendered":"<p>06\/07\/2024 02:11hs. El f\u00fatbol, como la vida, tiene ciclos que se cumplen. Hoy estamos en presencia de una camada de enormes jugadores que, lentamente, se van acercando a su fecha de retirada. Por ejemplo, es la \u00faltima Copa Am\u00e9rica para Angelito Di Mar\u00eda, para Lionel Messi. Del otro lado del Atl\u00e1ntico, fue la Eurocopa final [&hellip;]<\/p>\n","protected":false},"author":1,"featured_media":79961,"comment_status":"open","ping_status":"closed","sticky":false,"template":"","format":"standard","meta":[],"categories":[16],"tags":[],"_links":{"self":[{"href":"http:\/\/hoycordobaweb.com\/index.php\/wp-json\/wp\/v2\/posts\/79960"}],"collection":[{"href":"http:\/\/hoycordobaweb.com\/index.php\/wp-json\/wp\/v2\/posts"}],"about":[{"href":"http:\/\/hoycordobaweb.com\/index.php\/wp-json\/wp\/v2\/types\/post"}],"author":[{"embeddable":true,"href":"http:\/\/hoycordobaweb.com\/index.php\/wp-json\/wp\/v2\/users\/1"}],"replies":[{"embeddable":true,"href":"http:\/\/hoycordobaweb.com\/index.php\/wp-json\/wp\/v2\/comments?post=79960"}],"version-history":[{"count":0,"href":"http:\/\/hoycordobaweb.com\/index.php\/wp-json\/wp\/v2\/posts\/79960\/revisions"}],"wp:featuredmedia":[{"embeddable":true,"href":"http:\/\/hoycordobaweb.com\/index.php\/wp-json\/wp\/v2\/media\/79961"}],"wp:attachment":[{"href":"http:\/\/hoycordobaweb.com\/index.php\/wp-json\/wp\/v2\/media?parent=79960"}],"wp:term":[{"taxonomy":"category","embeddable":true,"href":"http:\/\/hoycordobaweb.com\/index.php\/wp-json\/wp\/v2\/categories?post=79960"},{"taxonomy":"post_tag","embeddable":true,"href":"http:\/\/hoycordobaweb.com\/index.php\/wp-json\/wp\/v2\/tags?post=79960"}],"curies":[{"name":"wp","href":"https:\/\/api.w.org\/{rel}","templated":true}]}}