{"id":79892,"date":"2024-07-04T15:48:00","date_gmt":"2024-07-04T15:48:00","guid":{"rendered":"https:\/\/www.cordobaturismo.gov.ar\/?p=889343"},"modified":"2024-07-04T15:48:00","modified_gmt":"2024-07-04T15:48:00","slug":"villa-del-totoral-las-vacaciones-de-invierno-se-disfrutan-en-el-norte-cordobes","status":"publish","type":"post","link":"http:\/\/hoycordobaweb.com\/index.php\/2024\/07\/04\/villa-del-totoral-las-vacaciones-de-invierno-se-disfrutan-en-el-norte-cordobes\/","title":{"rendered":"Villa del Totoral: las vacaciones de invierno se disfrutan en el norte cordob\u00e9s"},"content":{"rendered":"<div><img src=\"http:\/\/hoycordobaweb.com\/wp-content\/uploads\/2024\/07\/villa-del-totoral-las-vacaciones-de-invierno-se-disfrutan-en-el-norte-cordobes.jpg\" class=\"ff-og-image-inserted\"><\/div>\n<p>En la localidad de <strong>Villa del Totoral <\/strong>estas vacaciones de invierno 2024 contar\u00e1 con distinguidos eventos para todos los gustos y edades. Un sinf\u00edn de atractivas propuestas se acercan y ac\u00e1 detallamos todos los planes tur\u00edsticos para disfrutar durante el mes de julio en el norte de C\u00f3rdoba.<\/p>\n<p class=\"has-medium-font-size\"><strong>Relax en Villa del Totoral<\/strong><\/p>\n<ul>\n<li>El<strong> domingo 7\/07\/2024 <\/strong>empieza otra edici\u00f3n del <strong><em>\u201cAuto Tour \u2013 Dos Destinos: Totoral y La Para\u201d &nbsp;&nbsp;<\/em><\/strong><\/li>\n<\/ul>\n<p>Desde las 9:00 horas ser\u00e1 la convocatoria en el Complejo Tur\u00edstico Cultural de Villa del Totoral (calle Presidente Per\u00f3n, esquina Roberto J. Noble). A partir de las 9:00 a 9:30 horas habr\u00e1 una recepci\u00f3n de Coffe para todos los participantes.<\/p>\n<p>Y a las 10:00 horas comienza el recorrido por Villa del Totoral, para conocer: el centro c\u00edvico, las principales casonas antiguas, la iglesia, el museo Octavio Pinto, y mucho m\u00e1s. Ser\u00e1 a trav\u00e9s de una caminata con una duraci\u00f3n de 2 horas.<\/p>\n<p>A las 12:00 horas estar\u00e1 disponible el almuerzo a la canasta para compartir entre todos.<\/p>\n<p>Y desde las 13:00 horas se partir\u00e1 para la localidad de <strong>La Para<\/strong> (114 kil\u00f3metros aproximadamente). Llegando a la ciudad de La Para a las 14:30 horas (aproximadamente). Lugar de encuentro: en el Museo Hist\u00f3rico Municipal.<\/p>\n<p>A las 15:00 horas, se inicia un trekking con historia y postales \u00fanicas del <strong>Mar de Ansenuza<\/strong> \u2013 <strong>Villa Mar<\/strong> (Patrimonio Hist\u00f3rico, Cultural y Natural de La Para). La modalidad ser\u00e1 en autos particulares. (Quienes vayan en sus autos y lo compartan con otros turistas, tendr\u00e1n interesantes descuentos).<\/p>\n<p class=\"has-medium-font-size\"><strong>Precio de la actividad<\/strong><\/p>\n<p>$4.000 pesos por persona (incluye: kit de bienvenida, recepci\u00f3n, coordinaci\u00f3n y acompa\u00f1amiento en toda la actividad, botiqu\u00edn, gu\u00eda local, un n\u00famero para sorteos de productos regionales).<\/p>\n<ul>\n<li>El <strong>lunes 8\/07\/2024<\/strong> estar\u00e1 presente el <strong><em>\u201cPlogging por Villa del Totoral\u201d<\/em><\/strong> se trata de una propuesta sostenible que combina los deportes al aire libre con el cuidado especial hacia el medioambiente.<\/li>\n<\/ul>\n<p>Horario: 10 horas, y el punto de encuentro ser\u00e1 desde la Oficina de Informaci\u00f3n Tur\u00edstica de VT.<\/p>\n<p>Lugar a intervenir: <strong>Costanera del r\u00edo <\/strong>\u2013 <strong>La Bajadita <\/strong>(Presidente Per\u00f3n, Arturo M. Bas). &nbsp;&nbsp;&nbsp;<\/p>\n<p class=\"has-small-font-size\"><strong>Actividad libre y gratuita<\/strong>.<\/p>\n<ul>\n<li>El <strong>viernes 12\/07\/2024 <em>\u201cSenderismo Natural en Villa del Totoral\u201d <\/em><\/strong>actividad al aire libre y una experiencia directa con la naturaleza y la historia de la ciudad.<\/li>\n<\/ul>\n<p>Salida a las 16:00 horas y el lugar de encuentro: Complejo Tur\u00edstico Cultural de VT.<\/p>\n<p>Se recorrer\u00e1 dentro de un flamante circuito natural, bordeando la vegetaci\u00f3n aut\u00f3ctona del r\u00edo Totoral.<\/p>\n<p>Dificultad baja: de 6 kil\u00f3metros en total.<\/p>\n<p>Duraci\u00f3n del recorrido: 2 horas.<\/p>\n<p><strong>Actividad libre y gratuita <\/strong>(con cupos limitados).<\/p>\n<p>Para conocer m\u00e1s sobre las inscripciones y otras consultas, al: <strong>3524 <\/strong>\u2013 <strong>415770<\/strong>.<\/p>\n<ul>\n<li>El <strong>domingo 14\/07\/2024<\/strong> llega la <strong>\u201c4\u00b0 Edici\u00f3n del Auto Tour por el Corredor Tur\u00edstico del Norte Cordob\u00e9s\u201d<\/strong>.<\/li>\n<\/ul>\n<p>Con la premisa de fortalecer la actividad tur\u00edstica de la regi\u00f3n y el desarrollo del corredor a trav\u00e9s de importantes e innovadores eventos para el turismo. &nbsp;<\/p>\n<p>Comienza a las 8:30 horas desde la plaza san Mart\u00edn de VT.<\/p>\n<p class=\"has-medium-font-size\"><strong>Precio de la actividad<\/strong><\/p>\n<p>Las inscripciones tendr\u00e1n un valor de $2.000 pesos por persona y ser\u00e1 con cupos limitados (incluye: kit de bienvenida, recepci\u00f3n, coordinaci\u00f3n, botiqu\u00edn y un n\u00famero para sorteos de productos regionales).<\/p>\n<p>Los participantes deber\u00e1n contar con movilidad propia para realizar todo el recorrido. Y las localidades a visitar son: <strong>Villa del Totoral<\/strong>, <strong>De\u00e1n Funes<\/strong>, <strong>Quilino<\/strong> y <strong>San Jos\u00e9 de Las Salinas<\/strong>.<\/p>\n<ul>\n<li>El<strong> viernes 19\/07\/2024 <\/strong>se viene el <strong><em>\u201cTrekking Urbano\u201d<\/em><\/strong>.<\/li>\n<\/ul>\n<p>La actividad tendr\u00e1 una duraci\u00f3n de 2 horas en total en un trayecto de 6 kil\u00f3metros, y el punto de partida y finalizaci\u00f3n ser\u00e1 en el Complejo Tur\u00edstico Cultural de VT.<\/p>\n<p>Desde las 16:00 horas (calle Presidente Per\u00f3n, esquina Roberto J. Noble). Se recomienda asistir con ropa y calzado c\u00f3modo para la realizaci\u00f3n de la caminata. El paseo tendr\u00e1 una intensidad baja. Y llegar con 10 minutos de antelaci\u00f3n a la partida. Llevar gorro, protector solar, abundante agua, repelente, lentes de sol y celular cargado para hacer las mejores fotograf\u00edas de Totoral.<\/p>\n<p>Para inscribirse en la actividad, comunicarse al: <strong>3524<\/strong> \u2013 <strong>415770<\/strong>.<\/p>\n<p><strong>Actividad gratuita<\/strong> y con cupos limitados.<\/p>\n<ul>\n<li>El d\u00eda <strong>viernes 26\/07\/2024<em> \u201cPedaleada Familiar\u201d <\/em><\/strong>una nueva aventura en dos ruedas.<\/li>\n<\/ul>\n<p>Una propuesta para pedalear durante la siesta. Una cita imperdible cuyo punto de partida ser\u00e1 en la Plaza Principal de la ciudad.<\/p>\n<p>De exigencia baja, el ritmo se pacta de manera grupal, no ser\u00e1 una competencia.<\/p>\n<p>Horario de salida: 15:00 horas.<\/p>\n<p>Para m\u00e1s informaci\u00f3n, comunicarse al:<strong> 3524<\/strong> \u2013 <strong>415770<\/strong>.<\/p>\n<p><strong>Actividad libre y gratuita<\/strong>.<\/p>\n<ul>\n<li>Y finalmente, el d\u00eda <strong>s\u00e1bado 27\/07\/2024 <\/strong>llega la <strong><em>\u201c1\u00b0 Edici\u00f3n del Vino Literario junto a la Bodega Del Gredal\u201d<\/em><\/strong><\/li>\n<\/ul>\n<p>Literatura y vino van de la mano, se buscan, se convocan y, adem\u00e1s, crean puentes invisibles, nos lanzan al mundo y desatan la imaginaci\u00f3n. Nos vuelve un poco poetas.<\/p>\n<p>A partir de las 17:00 horas en el Complejo Tur\u00edstico Cultural de Villa del Totoral.<\/p>\n<p>Coordinar\u00e1 la actividad tur\u00edstica, Viviana Majul. Y la degustaci\u00f3n de vino a cargo de la Bodega Del Gredal.<\/p>\n<p class=\"has-medium-font-size\"><strong>Precio de la actividad<\/strong><\/p>\n<p>Valor de la inscripci\u00f3n $10.000 pesos por persona y tendr\u00e1 cupos limitados (incluye: kit de bienvenida, merienda campestre, degustaci\u00f3n de vinos, rondas de lectura, picada, n\u00famero para importantes sorteos, m\u00fasica en vivo, etc.)<\/p>\n<p>Para m\u00e1s informaci\u00f3n comunicarse al: <strong>3524<\/strong> \u2013<strong> 415770<\/strong>.<\/p>\n","protected":false},"excerpt":{"rendered":"<p>En la localidad de Villa del Totoral estas vacaciones de invierno 2024 contar\u00e1 con distinguidos eventos para todos los gustos y edades. Un sinf\u00edn de atractivas propuestas se acercan y ac\u00e1 detallamos todos los planes tur\u00edsticos para disfrutar durante el mes de julio en el norte de C\u00f3rdoba. Relax en Villa del Totoral El domingo [&hellip;]<\/p>\n","protected":false},"author":1,"featured_media":79893,"comment_status":"closed","ping_status":"closed","sticky":false,"template":"","format":"standard","meta":[],"categories":[19],"tags":[],"_links":{"self":[{"href":"http:\/\/hoycordobaweb.com\/index.php\/wp-json\/wp\/v2\/posts\/79892"}],"collection":[{"href":"http:\/\/hoycordobaweb.com\/index.php\/wp-json\/wp\/v2\/posts"}],"about":[{"href":"http:\/\/hoycordobaweb.com\/index.php\/wp-json\/wp\/v2\/types\/post"}],"author":[{"embeddable":true,"href":"http:\/\/hoycordobaweb.com\/index.php\/wp-json\/wp\/v2\/users\/1"}],"replies":[{"embeddable":true,"href":"http:\/\/hoycordobaweb.com\/index.php\/wp-json\/wp\/v2\/comments?post=79892"}],"version-history":[{"count":0,"href":"http:\/\/hoycordobaweb.com\/index.php\/wp-json\/wp\/v2\/posts\/79892\/revisions"}],"wp:featuredmedia":[{"embeddable":true,"href":"http:\/\/hoycordobaweb.com\/index.php\/wp-json\/wp\/v2\/media\/79893"}],"wp:attachment":[{"href":"http:\/\/hoycordobaweb.com\/index.php\/wp-json\/wp\/v2\/media?parent=79892"}],"wp:term":[{"taxonomy":"category","embeddable":true,"href":"http:\/\/hoycordobaweb.com\/index.php\/wp-json\/wp\/v2\/categories?post=79892"},{"taxonomy":"post_tag","embeddable":true,"href":"http:\/\/hoycordobaweb.com\/index.php\/wp-json\/wp\/v2\/tags?post=79892"}],"curies":[{"name":"wp","href":"https:\/\/api.w.org\/{rel}","templated":true}]}}