{"id":79874,"date":"2024-07-03T23:16:45","date_gmt":"2024-07-03T23:16:45","guid":{"rendered":"https:\/\/www.ole.com.ar\/futbol-internacional\/previa-picante-espana-alemania-joselu-toni-kroos-eurocopa-2024_0_hOvRhcJb0j.html"},"modified":"2024-07-03T23:16:45","modified_gmt":"2024-07-03T23:16:45","slug":"la-previa-picante-de-espana-alemania-esperemos-retirar-a-toni-kroos-el-viernes","status":"publish","type":"post","link":"http:\/\/hoycordobaweb.com\/index.php\/2024\/07\/03\/la-previa-picante-de-espana-alemania-esperemos-retirar-a-toni-kroos-el-viernes\/","title":{"rendered":"La previa picante de Espa\u00f1a &#8211; Alemania: \u00abEsperemos retirar a Toni (Kroos) el viernes\u00bb"},"content":{"rendered":"<p><img src=\"http:\/\/hoycordobaweb.com\/wp-content\/uploads\/2024\/07\/la-previa-picante-de-espana-alemania-esperemos-retirar-a-toni-kroos-el-viernes.jpg\"><\/p>\n<p><time class=\"createDate\" datetime=\"2024-07-03T20:16:45-03:00\">03\/07\/2024 23:16hs.<\/time><time class=\"modificatedDate\" datetime=\"2024-07-03T20:35:33-03:00\"> Actualizado al 03\/07\/2024 23:35hs.<\/time><\/p>\n<div id=\"storyBody\">\n<div class=\"custom-text \" readability=\"40.821292775665\">\n<p><a href=\"https:\/\/www.ole.com.ar\/tema\/seleccion-de-espana.html\" title=\"selecci\u00f3n de espa\u00f1a\" alt=\"selecci\u00f3n de espa\u00f1a\" class=\"slug\">Espa\u00f1a<\/a> y <a href=\"https:\/\/www.ole.com.ar\/tema\/alemania.html\" title=\"Alemania\" alt=\"Alemania\" class=\"slug\">Alemania<\/a>, dos de las selecciones candidatas a ganar la <a href=\"https:\/\/www.ole.com.ar\/tema\/eurocopa-2024.html\" title=\"Eurocopa 2024\" alt=\"Eurocopa 2024\" class=\"slug\">Eurocopa 2024<\/a>, se medir\u00e1n en cuartos de final del certamen el pr\u00f3ximo viernes 5 de julio. Y la previa ya comenz\u00f3 a calentarse, con Joselu y <a href=\"https:\/\/www.ole.com.ar\/tema\/toni-kroos.html\" title=\"Toni Kroos\" alt=\"Toni Kroos\" class=\"slug\">Toni Kroos<\/a> como protagonistas este mi\u00e9rcoles: el espa\u00f1ol, por su parte, <strong>le tir\u00f3 un comentario picante al alem\u00e1n (compa\u00f1ero suyo en el Real Madrid), mientras que \u00e9ste, desde su lado, le respondi\u00f3 tanto a \u00e9l como a Jens Lehmann, el ex arquero de su pa\u00eds que hab\u00eda menospreciado a la Furia Roja para este duelo.<\/strong><\/p>\n<\/div>\n<div class=\"custom-text \" readability=\"42\">\n<p>El que habl\u00f3 primero fue Joselu, quien primero destac\u00f3 el gran partido que espera ante Alemania. \u00abCreo que son unos cuartos de final de una Eurocopa contra una grand\u00edsima selecci\u00f3n\u00bb, dijo el espa\u00f1ol en principio. Y luego, le tir\u00f3 el dardo, con buena onda pero sin evitar la pica, a Kroos: <strong>\u00abCreo que Alemania es tambi\u00e9n muy favorita para conseguir este t\u00edtulo, pero bueno, esperemos retirar a Toni el viernes\u00bb.<\/strong><\/p>\n<\/div>\n<div class=\"custom-text \" readability=\"39\">\n<p>\u00abHa sido un placer para m\u00ed jugar con \u00e9l. Creo que refleja todo lo que es el Real Madrid, todos los valores que tiene el club. Ha sido un compa\u00f1ero y un amigo dentro del vestuario. He tenido muchos consejos de \u00e9l. He hablado mucho con \u00e9l y la verdad que ha sido un placer para m\u00ed<strong>. Creo que es un jugador fundamental para la selecci\u00f3n alemana, lo ha sido para el Real Madrid as\u00ed que hay que tener mucho ojo con \u00e9l el viernes\u00bb,<\/strong> se\u00f1al\u00f3 Joselu sobre Kroos, quien anunci\u00f3 que se retirar\u00e1 del f\u00fatbol profesional tras la Euro.<\/p>\n<\/div>\n<div class=\"sc-e7b891c4-0 jPbnQF\"><img alt=\"Joselu, en conferencia de prensa. (Foto: EFE)\" src=\"http:\/\/hoycordobaweb.com\/wp-content\/uploads\/2024\/07\/la-previa-picante-de-espana-alemania-esperemos-retirar-a-toni-kroos-el-viernes-2.jpg\" width=\"720\" height=\"100\" decoding=\"async\" data-nimg=\"future\" loading=\"lazy\"><span class=\"epigraphe\">Joselu, en conferencia de prensa. (Foto: EFE)<\/span><\/div>\n<div type=\"embed\" class=\"sc-3f46f5ae-0 djVTgz\">\n<div class=\"sc-3f46f5ae-1 fTjZec videoText\" id=\"contentTitleembedeArFNO86\" type=\"embed\"><svg fill=\"#ffffff\"><symbol id=\"play\" viewBox=\"0 0 512 512\"><path d=\"M512 256C512 397.4 397.4 512 256 512C114.6 512 0 397.4 0 256C0 114.6 114.6 0 256 0C397.4 0 512 114.6 512 256zM176 168V344C176 352.7 180.7 360.7 188.3 364.9C195.8 369.2 205.1 369 212.5 364.5L356.5 276.5C363.6 272.1 368 264.4 368 256C368 247.6 363.6 239.9 356.5 235.5L212.5 147.5C205.1 142.1 195.8 142.8 188.3 147.1C180.7 151.3 176 159.3 176 168V168z\" \/><\/symbol><use xlink:href=\"#play\" \/><\/svg><\/p>\n<div class=\"right\">\n<p>Toni Kroos<!-- --> &#8211;<!-- --> <span>&nbsp;<\/span><\/p>\n<h2 class=\"title-vid\">Joselu y la chicana a Kroos en la previa de Espa\u00f1a &#8211; Alemania por la Eurocopa 2024<\/h2>\n<\/div>\n<\/div>\n<p><span class=\"back\" id=\"spanBackembedeArFNO86\"><\/span><\/div>\n<div class=\"custom-text \" readability=\"43\">\n<p>Luego, claro, fue el turno de Kroos, quien se encarg\u00f3 de responderle a Joselu, aunque sin chicanas y con buena onda tambi\u00e9n. \u00abLo ha dicho porque quiere ganar. Entiendo que \u00e9sta sea su idea, que quiere que Espa\u00f1a pase a semifinales, pero creo que Alemania tiene muchas cosas para evitar que Espa\u00f1a pase. Ser\u00e1 un partido excitante, lo contrario que aburrido.<strong> Es divertido lo que ha dicho. Lo importante es que no me quisieran retirar en el Madrid. Son mis amigos\u201c, <\/strong>mencion\u00f3 el alem\u00e1n.<\/p>\n<\/div>\n<div class=\"custom-text \" readability=\"37\">\n<p>Respecto a la posibilidad de que el encuentro ante Espa\u00f1a sea el \u00faltimo para \u00e9l como jugador profesional, Kroos, de 34 a\u00f1os, fue contundente y dej\u00f3 en claro que entregar\u00e1 todo en el partido para que no sea as\u00ed: <strong>\u00abVoy a intentarlo todo para que no sea mi \u00faltimo partido\u201d.<\/strong><\/p>\n<\/div>\n<div class=\"sc-e7b891c4-0 jPbnQF\"><img alt=\"Kroos, en conferencia de prensa. (Foto: EFE)\" src=\"http:\/\/hoycordobaweb.com\/wp-content\/uploads\/2024\/07\/la-previa-picante-de-espana-alemania-esperemos-retirar-a-toni-kroos-el-viernes-3.jpg\" width=\"720\" height=\"100\" decoding=\"async\" data-nimg=\"future\" loading=\"lazy\"><span class=\"epigraphe\">Kroos, en conferencia de prensa. (Foto: EFE)<\/span><\/div>\n<div type=\"embed\" class=\"sc-3f46f5ae-0 djVTgz\">\n<div class=\"sc-3f46f5ae-1 fTjZec videoText\" id=\"contentTitleembedP7Yns961\" type=\"embed\"><svg fill=\"#ffffff\"><symbol id=\"play\" viewBox=\"0 0 512 512\"><path d=\"M512 256C512 397.4 397.4 512 256 512C114.6 512 0 397.4 0 256C0 114.6 114.6 0 256 0C397.4 0 512 114.6 512 256zM176 168V344C176 352.7 180.7 360.7 188.3 364.9C195.8 369.2 205.1 369 212.5 364.5L356.5 276.5C363.6 272.1 368 264.4 368 256C368 247.6 363.6 239.9 356.5 235.5L212.5 147.5C205.1 142.1 195.8 142.8 188.3 147.1C180.7 151.3 176 159.3 176 168V168z\" \/><\/symbol><use xlink:href=\"#play\" \/><\/svg><\/p>\n<div class=\"right\">\n<p>Toni Kroos<!-- --> &#8211;<!-- --> <span>&nbsp;<\/span><\/p>\n<h2 class=\"title-vid\">La respuesta de Kroos a Lehmann sobre Espa\u00f1a<\/h2>\n<\/div>\n<\/div>\n<p><span class=\"back\" id=\"spanBackembedP7Yns961\"><\/span><\/div>\n<p><h2><strong>Kroos tambi\u00e9n le respondi\u00f3 a Lehmann<\/strong><\/h2>\n<\/p>\n<div class=\"custom-text \" readability=\"37\">\n<p>Lehmann, ex arquero alem\u00e1n y verdugo de la Selecci\u00f3n Argentina en el Mundial 2006, particip\u00f3 del popular programa espa\u00f1ol El Chiringuito y fue duro a la hora de hablar de la Furia Roja: <strong>\u00abEn cu\u00e1nto a lo t\u00e9cnico y calidad son mejores que nosotros, pero son peque\u00f1os en tama\u00f1o y son inocentes\u00bb.<\/strong><\/p>\n<\/div>\n<div class=\"custom-text \" readability=\"37\">\n<p>\u00abUna selecci\u00f3n tan reconocida como Espa\u00f1a, sin duda ya hemos visto sus buenos resultados en fase de grupos. <strong>Es un equipo de j\u00f3venes porque tienen atletas muy chicos y no tienen mucha experiencia internacional\u00bb,<\/strong> agreg\u00f3 el exarquero del Arsenal y Borussia Dortmund, entre otros.<\/p>\n<\/div>\n<div class=\"custom-text \" readability=\"42\">\n<p>Consultado por las declaraciones de su coterr\u00e1neo, Kroos sostuvo que las palabras de Lehmann no lo representan ni a \u00e9l ni a sus compa\u00f1eros:<strong> \u00abNo nos representa mucho, es un t\u00edo que siempre tiene una opini\u00f3n un poco diferente que los dem\u00e1s. <\/strong>Yo creo que ya han demostrado que tienen experiencia, que tienen jugadores con mucha experiencia, <strong>tienen un Rodri, un Morata, un Nacho&#8230; Todos tienen mucha experiencia. <\/strong>Para m\u00ed no es verdad lo que dice entonces nosotros esperamos una Espa\u00f1a muy top. Juegan bastante bien, pero nosotros tambi\u00e9n. Ser\u00e1 un partido bonito\u00bb.<\/p>\n<\/div>\n<div type=\"embed\" class=\"sc-3f46f5ae-0 djVTgz\">\n<div class=\"sc-3f46f5ae-1 fTjZec videoText\" id=\"contentTitleembedyvFY5TOO\" type=\"embed\"><svg fill=\"#ffffff\"><symbol id=\"play\" viewBox=\"0 0 512 512\"><path d=\"M512 256C512 397.4 397.4 512 256 512C114.6 512 0 397.4 0 256C0 114.6 114.6 0 256 0C397.4 0 512 114.6 512 256zM176 168V344C176 352.7 180.7 360.7 188.3 364.9C195.8 369.2 205.1 369 212.5 364.5L356.5 276.5C363.6 272.1 368 264.4 368 256C368 247.6 363.6 239.9 356.5 235.5L212.5 147.5C205.1 142.1 195.8 142.8 188.3 147.1C180.7 151.3 176 159.3 176 168V168z\" \/><\/symbol><use xlink:href=\"#play\" \/><\/svg><\/p>\n<div class=\"right\">\n<p>Internacional<!-- --> &#8211;<!-- --> <span>&nbsp;<\/span><\/p>\n<h2 class=\"title-vid\">Lehmann calent\u00f3 el partido de la Eurocopa y apunt\u00f3 contra Espa\u00f1a<\/h2>\n<\/div>\n<\/div>\n<p><span class=\"back\" id=\"spanBackembedyvFY5TOO\"><\/span><\/div>\n<p><h2><strong>Espa\u00f1a vs. Alemania: hora y TV<\/strong><\/h2>\n<\/p>\n<div class=\"custom-text \" readability=\"35\">\n<p>Espa\u00f1a y Alemania chocar\u00e1n por los cuartos de final de la Eurocopa 2024 este viernes 5 de julio desde las 13:00 (hora argentina). El partido se transmitir\u00e1 a trav\u00e9s de la plataforma de Star+ y Disney+, y tambi\u00e9n se podr\u00e1 seguir el minuto a minuto a trav\u00e9s de la web de Ol\u00e9. <\/p>\n<\/div>\n<div class=\"sc-a7166897-0 exHLBh\" readability=\"6.5\">\n<section readability=\"3\"><picture><img alt=\"Golden Boy 2024: la lista de nominados, los grandes favoritos a ganar y c\u00f3mo votar\" src=\"http:\/\/hoycordobaweb.com\/wp-content\/uploads\/2024\/07\/la-previa-picante-de-espana-alemania-esperemos-retirar-a-toni-kroos-el-viernes-4.jpg\" width=\"290\" height=\"290\" decoding=\"async\" data-nimg=\"future\" loading=\"lazy\"><\/picture>\n<p><span>Mir\u00e1 tambi\u00e9n<\/span><\/p>\n<hr>\n<h3>Golden Boy 2024: la lista de nominados, los grandes favoritos a ganar y c\u00f3mo votar<\/h3>\n<\/p>\n<\/section>\n<\/div>\n<div class=\"sc-a7166897-0 exHLBh\" readability=\"7\">\n<section readability=\"4\"><picture><img alt=\"Scaloni y la presencia de Messi vs. Ecuador: &quot;Vamos a esperar, tuvimos buenas sensaciones&quot;\" src=\"http:\/\/hoycordobaweb.com\/wp-content\/uploads\/2024\/07\/la-previa-picante-de-espana-alemania-esperemos-retirar-a-toni-kroos-el-viernes-5.jpg\" width=\"290\" height=\"290\" decoding=\"async\" data-nimg=\"future\" loading=\"lazy\"><\/picture>\n<p><span>Mir\u00e1 tambi\u00e9n<\/span><\/p>\n<hr>\n<h3>Scaloni y la presencia de Messi vs. Ecuador: \u00abVamos a esperar, tuvimos buenas sensaciones\u00bb<\/h3>\n<\/p>\n<\/section>\n<\/div>\n<div class=\"sc-a7166897-0 exHLBh\" readability=\"7.5\">\n<section readability=\"5\"><picture><img alt=\"Mac Allister en conferencia: &quot;Nos va mejor cuando jugamos, pero si hay que meter, tambi\u00e9n lo hacemos&quot;\" src=\"http:\/\/hoycordobaweb.com\/wp-content\/uploads\/2024\/07\/la-previa-picante-de-espana-alemania-esperemos-retirar-a-toni-kroos-el-viernes-6.jpg\" width=\"290\" height=\"290\" decoding=\"async\" data-nimg=\"future\" loading=\"lazy\"><\/picture>\n<p><span>Mir\u00e1 tambi\u00e9n<\/span><\/p>\n<hr>\n<h3>Mac Allister en conferencia: \u00abNos va mejor cuando jugamos, pero si hay que meter, tambi\u00e9n lo hacemos\u00bb<\/h3>\n<\/p>\n<\/section>\n<\/div>\n<\/div>\n","protected":false},"excerpt":{"rendered":"<p>03\/07\/2024 23:16hs. Actualizado al 03\/07\/2024 23:35hs. Espa\u00f1a y Alemania, dos de las selecciones candidatas a ganar la Eurocopa 2024, se medir\u00e1n en cuartos de final del certamen el pr\u00f3ximo viernes 5 de julio. Y la previa ya comenz\u00f3 a calentarse, con Joselu y Toni Kroos como protagonistas este mi\u00e9rcoles: el espa\u00f1ol, por su parte, le [&hellip;]<\/p>\n","protected":false},"author":1,"featured_media":79875,"comment_status":"open","ping_status":"closed","sticky":false,"template":"","format":"standard","meta":[],"categories":[16],"tags":[],"_links":{"self":[{"href":"http:\/\/hoycordobaweb.com\/index.php\/wp-json\/wp\/v2\/posts\/79874"}],"collection":[{"href":"http:\/\/hoycordobaweb.com\/index.php\/wp-json\/wp\/v2\/posts"}],"about":[{"href":"http:\/\/hoycordobaweb.com\/index.php\/wp-json\/wp\/v2\/types\/post"}],"author":[{"embeddable":true,"href":"http:\/\/hoycordobaweb.com\/index.php\/wp-json\/wp\/v2\/users\/1"}],"replies":[{"embeddable":true,"href":"http:\/\/hoycordobaweb.com\/index.php\/wp-json\/wp\/v2\/comments?post=79874"}],"version-history":[{"count":0,"href":"http:\/\/hoycordobaweb.com\/index.php\/wp-json\/wp\/v2\/posts\/79874\/revisions"}],"wp:featuredmedia":[{"embeddable":true,"href":"http:\/\/hoycordobaweb.com\/index.php\/wp-json\/wp\/v2\/media\/79875"}],"wp:attachment":[{"href":"http:\/\/hoycordobaweb.com\/index.php\/wp-json\/wp\/v2\/media?parent=79874"}],"wp:term":[{"taxonomy":"category","embeddable":true,"href":"http:\/\/hoycordobaweb.com\/index.php\/wp-json\/wp\/v2\/categories?post=79874"},{"taxonomy":"post_tag","embeddable":true,"href":"http:\/\/hoycordobaweb.com\/index.php\/wp-json\/wp\/v2\/tags?post=79874"}],"curies":[{"name":"wp","href":"https:\/\/api.w.org\/{rel}","templated":true}]}}