{"id":79831,"date":"2024-07-03T01:33:57","date_gmt":"2024-07-03T01:33:57","guid":{"rendered":"https:\/\/www.ole.com.ar\/copa-america\/video-golazo-brasil-rompio-marca-25-anos-copa-america_0_UEFN6IC7rS.html"},"modified":"2024-07-03T01:33:57","modified_gmt":"2024-07-03T01:33:57","slug":"video-el-golazo-de-brasil-que-rompio-una-marca-de-25-anos","status":"publish","type":"post","link":"http:\/\/hoycordobaweb.com\/index.php\/2024\/07\/03\/video-el-golazo-de-brasil-que-rompio-una-marca-de-25-anos\/","title":{"rendered":"Video: el golazo de Brasil que rompi\u00f3 una marca de 25 a\u00f1os"},"content":{"rendered":"<p><img src=\"http:\/\/hoycordobaweb.com\/wp-content\/uploads\/2024\/07\/video-el-golazo-de-brasil-que-rompio-una-marca-de-25-anos.jpg\"><\/p>\n<div><img src=\"http:\/\/hoycordobaweb.com\/wp-content\/uploads\/2024\/07\/video-el-golazo-de-brasil-que-rompio-una-marca-de-25-anos.jpg\" class=\"ff-og-image-inserted\"><\/div>\n<div readability=\"32.879256965944\">\n<p>El zurdazo de <strong><a href=\"https:\/\/www.ole.com.ar\/tema\/raphinha.html\" title=\"Raphinha\" alt=\"Raphinha\" class=\"slug\">Raphinha<\/a><\/strong> en el 1 a 0 de<a href=\"https:\/\/www.ole.com.ar\/copa-america\/brasil-vs-colombia-copa-america-2024-hora-ver-vivo-online-formaciones_0_ztWykWHb1d.html\" target=\"_self\" title=\" Brasil ante Colombia \" alt=\" Brasil ante Colombia \" rel=\"noopener noreferrer\"> Brasil ante Colombia <\/a>alcanz\u00f3 para justificar el costo de la entrada en Santa Clara, California.<strong> Comba perfecta al \u00e1ngulo izquierdo del arquero Vargas.<\/strong> Espectacular. Brillante lo del futbolista del Barcelona que antes hab\u00eda sido dirigido por Marcelo Bielsa en el Leeds de Inglaterra.<\/p>\n<\/div>\n<div readability=\"35.26618705036\">\n<p>Adem\u00e1s, el futbolista de 27 a\u00f1os bati\u00f3 una marca de 25 a\u00f1os: <strong>desde la Copa Am\u00e9rica 99, jugada en Paraguay, que la Verdemarela no marcaba un gol de tiro libre en este torneo.<\/strong> El anterior hab\u00eda sido de Rivaldo, ante la <strong><a href=\"https:\/\/www.ole.com.ar\/tema\/seleccion-argentina.html\" title=\"Selecci\u00f3n Argentina\" alt=\"Selecci\u00f3n Argentina\" class=\"slug\">Selecci\u00f3n Argentina<\/a><\/strong> que dirig\u00eda precisamente el Loco.<\/p>\n<\/div>\n<div readability=\"35\">\n<p>Adem\u00e1s, a los Cafeteros no les marcaban un gol de esta jugada desde la Copa de 2007, jugada en Venezuela: Riquelme para el equipo de Alfio Basile. <\/p>\n<\/div>\n<div readability=\"33\">\n<p>Ambos datos fueron difundidos por M\u00edster Chip, experto en estad\u00edsticas.<\/p>\n<\/div>\n","protected":false},"excerpt":{"rendered":"<p>El zurdazo de Raphinha en el 1 a 0 de Brasil ante Colombia alcanz\u00f3 para justificar el costo de la entrada en Santa Clara, California. Comba perfecta al \u00e1ngulo izquierdo del arquero Vargas. Espectacular. Brillante lo del futbolista del Barcelona que antes hab\u00eda sido dirigido por Marcelo Bielsa en el Leeds de Inglaterra. Adem\u00e1s, el [&hellip;]<\/p>\n","protected":false},"author":1,"featured_media":79832,"comment_status":"open","ping_status":"closed","sticky":false,"template":"","format":"standard","meta":[],"categories":[16],"tags":[],"_links":{"self":[{"href":"http:\/\/hoycordobaweb.com\/index.php\/wp-json\/wp\/v2\/posts\/79831"}],"collection":[{"href":"http:\/\/hoycordobaweb.com\/index.php\/wp-json\/wp\/v2\/posts"}],"about":[{"href":"http:\/\/hoycordobaweb.com\/index.php\/wp-json\/wp\/v2\/types\/post"}],"author":[{"embeddable":true,"href":"http:\/\/hoycordobaweb.com\/index.php\/wp-json\/wp\/v2\/users\/1"}],"replies":[{"embeddable":true,"href":"http:\/\/hoycordobaweb.com\/index.php\/wp-json\/wp\/v2\/comments?post=79831"}],"version-history":[{"count":0,"href":"http:\/\/hoycordobaweb.com\/index.php\/wp-json\/wp\/v2\/posts\/79831\/revisions"}],"wp:featuredmedia":[{"embeddable":true,"href":"http:\/\/hoycordobaweb.com\/index.php\/wp-json\/wp\/v2\/media\/79832"}],"wp:attachment":[{"href":"http:\/\/hoycordobaweb.com\/index.php\/wp-json\/wp\/v2\/media?parent=79831"}],"wp:term":[{"taxonomy":"category","embeddable":true,"href":"http:\/\/hoycordobaweb.com\/index.php\/wp-json\/wp\/v2\/categories?post=79831"},{"taxonomy":"post_tag","embeddable":true,"href":"http:\/\/hoycordobaweb.com\/index.php\/wp-json\/wp\/v2\/tags?post=79831"}],"curies":[{"name":"wp","href":"https:\/\/api.w.org\/{rel}","templated":true}]}}