{"id":79818,"date":"2024-07-02T21:36:58","date_gmt":"2024-07-02T21:36:58","guid":{"rendered":"https:\/\/ladecimaweb.com\/?p=27949"},"modified":"2024-07-02T21:36:58","modified_gmt":"2024-07-02T21:36:58","slug":"actualizan-las-tarifas-de-la-itv-23-mil-para-los-autos-y-hasta-12-mil-para-las-motos","status":"publish","type":"post","link":"http:\/\/hoycordobaweb.com\/index.php\/2024\/07\/02\/actualizan-las-tarifas-de-la-itv-23-mil-para-los-autos-y-hasta-12-mil-para-las-motos\/","title":{"rendered":"Actualizan las tarifas de la ITV: $ 23 mil para los autos y hasta $ 12 mil para las motos"},"content":{"rendered":"<div class=\"boldgrid-section\">\n<div class=\"container\">\n<div class=\"row\">\n<div class=\"col-md-12 col-xs-12 col-sm-12\">\n<p class><em>(Gobierno)<\/em> A trav\u00e9s de una resoluci\u00f3n de la Secretar\u00eda de Movilidad Urbana municipal, desde el 1 de julio se actualizaron un 100,7% los valores de las tarifas de los servicios relacionados a la Inspecci\u00f3n T\u00e9cnica Vehicular.<\/p>\n<p>La adecuaci\u00f3n responde a la variaci\u00f3n del costo de la mano de obra posterior a la \u00faltima actualizaci\u00f3n de abril pasado, que consider\u00f3 costos extraordinarios hasta el 29 de febrero de 2024.<\/p>\n<p class><strong>Los tr\u00e1mites tienen los siguientes costos:<\/strong><\/p>\n<p class><strong>&#8211; Autom\u00f3viles particulares $23.062<\/strong><br \/>\n<strong>&#8211; Motocicletas hasta 175 cc $8.154<\/strong><br \/>\n<strong>&#8211; Motocicletas mayor a 175 cc $12.294<\/strong><br \/>\n&#8211; Taxis y Remises $26.426<br \/>\n&#8211; Micro-\u00f3mnibus y transporte escolar menor $39.345<br \/>\n&#8211; \u00d3mnibus $42.100<br \/>\n&#8211; Trolebuses $47.649<br \/>\n&#8211; Camionetas $33.189<br \/>\n&#8211; Camiones $46.090<br \/>\n&#8211; Remolques de hasta 5.000 kilos $16.906<br \/>\n&#8211; Remolques m\u00e1s de 5.000 kilos $16.200<br \/>\n&#8211; Casas rodantes $16.906<br \/>\n&#8211; Ambulancias $33.189<\/p>\n<p class>&nbsp;<\/p>\n<p class>\n<div class=\"ubm_banner\"><a href=\"https:\/\/www.cba.gov.ar\/cordoba-sumo-250-moviles-policiales-al-patrullaje-preventivo\/\" target=\"_blank\" rel=\"dofollow noopener noreferrer\"><img src=\"http:\/\/hoycordobaweb.com\/wp-content\/uploads\/2024\/07\/actualizan-las-tarifas-de-la-itv-23-mil-para-los-autos-y-hasta-12-mil-para-las-motos.gif\" width=\"900\" alt><\/a><\/div>\n<\/div>\n<\/div>\n<\/div>\n<\/div>\n<p>La entrada <a rel=\"nofollow\" href=\"https:\/\/ladecimaweb.com\/actualizan-las-tarifas-de-la-itv-23-mil-para-los-autos-y-hasta-12-mil-para-las-motos\/\">Actualizan las tarifas de la ITV: $ 23 mil para los autos y hasta $ 12 mil para las motos<\/a> se public\u00f3 primero en <a rel=\"nofollow\" href=\"https:\/\/ladecimaweb.com\">LaDecima<\/a>.<\/p>\n","protected":false},"excerpt":{"rendered":"<p>(Gobierno) A trav\u00e9s de una resoluci\u00f3n de la Secretar\u00eda de Movilidad Urbana municipal, desde el 1 de julio se actualizaron un 100,7% los valores de las tarifas de los servicios relacionados a la Inspecci\u00f3n T\u00e9cnica Vehicular. La adecuaci\u00f3n responde a la variaci\u00f3n del costo de la mano de obra posterior a la \u00faltima actualizaci\u00f3n de [&hellip;]<\/p>\n","protected":false},"author":1,"featured_media":0,"comment_status":"closed","ping_status":"closed","sticky":false,"template":"","format":"standard","meta":[],"categories":[32],"tags":[],"_links":{"self":[{"href":"http:\/\/hoycordobaweb.com\/index.php\/wp-json\/wp\/v2\/posts\/79818"}],"collection":[{"href":"http:\/\/hoycordobaweb.com\/index.php\/wp-json\/wp\/v2\/posts"}],"about":[{"href":"http:\/\/hoycordobaweb.com\/index.php\/wp-json\/wp\/v2\/types\/post"}],"author":[{"embeddable":true,"href":"http:\/\/hoycordobaweb.com\/index.php\/wp-json\/wp\/v2\/users\/1"}],"replies":[{"embeddable":true,"href":"http:\/\/hoycordobaweb.com\/index.php\/wp-json\/wp\/v2\/comments?post=79818"}],"version-history":[{"count":0,"href":"http:\/\/hoycordobaweb.com\/index.php\/wp-json\/wp\/v2\/posts\/79818\/revisions"}],"wp:attachment":[{"href":"http:\/\/hoycordobaweb.com\/index.php\/wp-json\/wp\/v2\/media?parent=79818"}],"wp:term":[{"taxonomy":"category","embeddable":true,"href":"http:\/\/hoycordobaweb.com\/index.php\/wp-json\/wp\/v2\/categories?post=79818"},{"taxonomy":"post_tag","embeddable":true,"href":"http:\/\/hoycordobaweb.com\/index.php\/wp-json\/wp\/v2\/tags?post=79818"}],"curies":[{"name":"wp","href":"https:\/\/api.w.org\/{rel}","templated":true}]}}