{"id":79790,"date":"2024-07-02T13:14:24","date_gmt":"2024-07-02T13:14:24","guid":{"rendered":"https:\/\/www.mujerhoy.com\/moda\/no-te-pierdas\/looks-boda-natalia-santos-yanes-invitadas-teresa-urquijo-margarita-vargas-20240630093706-nt.html"},"modified":"2024-07-02T13:14:24","modified_gmt":"2024-07-02T13:14:24","slug":"los-looks-de-las-invitadas-a-la-boda-de-natalia-santos-yanes-de-teresa-urquijo-a-margarita-vargas","status":"publish","type":"post","link":"http:\/\/hoycordobaweb.com\/index.php\/2024\/07\/02\/los-looks-de-las-invitadas-a-la-boda-de-natalia-santos-yanes-de-teresa-urquijo-a-margarita-vargas\/","title":{"rendered":"Los looks de las invitadas a la boda de Natalia Santos Yanes: de Teresa Urquijo a Margarita Vargas"},"content":{"rendered":"<p><!-- AUTHOR --> <\/p>\n<div class=\"voc-author-timesocial \"> <!-- AUTHOR --> <\/p>\n<div class=\"voc-author-timesocial__signature \">\n<div class=\"voc-author-timesocial__img-c\"> <!-- IMAGE AUTHOR --> <picture class=\"voc-image-signature\"> <img class=\"voc-image-signature__img\" src=\"http:\/\/hoycordobaweb.com\/wp-content\/uploads\/2024\/07\/los-looks-de-las-invitadas-a-la-boda-de-natalia-santos-yanes-de-teresa-urquijo-a-margarita-vargas.jpg\" alt=\"Carla Dom\u00ednguez\"> <\/picture> <\/div>\n<p> <!-- INFO AUTHOR --> <\/div><\/div>\n<p> <!-- COMPONENTS --> <\/p>\n<p class=\"voc-paragraph\">Este fin de semana, Valencia se ha vuelto a llenar de bodas. Uno de los eventos nupciales que ha congregado a multitud de personajes p\u00fablicos es la <a data-voc-vtm-id=\"in-text-traffic\" href=\"https:\/\/www.mujerhoy.com\/celebrities\/boda-hija-cristina-yanes-joyas-tiara-invitadas-paloma-cuevas-20240628090736-nt.html\">boda de Natalia Santos, hija de la joyera Cristina Yanes;<\/a> quien ha contra\u00eddo matrimonio junto a <strong>Esteban Rivas.<\/strong><\/p>\n<p class=\"voc-paragraph\">La pareja ha dado el &#8216;s\u00ed, quiero&#8217; rodeada de familiares, amigos y, en general, de muchos seres queridos. Se han casado en <strong>la parroquia de Santa Catalina y San Agust\u00edn<\/strong> y hasta all\u00ed se han trasladado muchos rostros conocidos como Margaritas Vargas, Luis Alfonso de Borb\u00f3n, <a data-voc-vtm-id=\"in-text-traffic\" href=\"https:\/\/www.mujerhoy.com\/celebrities\/almeida-nueva-vida-teresa-urquijo-vida-sana-nevera-hijos-20240522110708-nt.html\">Jose Luis Mart\u00ednez-Almeida y su esposa Teresa Urquijo.<\/a><\/p>\n<p class=\"voc-paragraph\">En total han sido <strong>m\u00e1s de 600 invitados<\/strong> quienes se han juntado para estar al lado de la pareja en este d\u00eda tan especial. Hemos visto muchos looks que han destacado en esta boda tan especial. Desde Lydia Bosh, Gema Ruiz o la mujer de Pedja Mijatovic.\n<\/p>\n<p><h3 class=\"voc-detail__title\"> Los looks de la boda de Natalia Yanes<br \/>\n<\/h3>\n<\/p>\n<div class=\"voc-detail-photo-zoom\"> <picture data-toggle=\"modal\" data-target=\"#photoZoomModal-379\" target=\"modal\">\n<div class=\"voc-img-icon-link\"> <img loading=\"lazy\" src=\"http:\/\/hoycordobaweb.com\/wp-content\/uploads\/2024\/07\/los-looks-de-las-invitadas-a-la-boda-de-natalia-santos-yanes-de-teresa-urquijo-a-margarita-vargas.webp\" width=\"650\" height=\"900\" alt=\"Jose Luis Mart\u00ednez Almeida y Teresa Urquijo. Foto: Gtres.\"> <noscript> <img src=\"http:\/\/hoycordobaweb.com\/wp-content\/uploads\/2024\/07\/los-looks-de-las-invitadas-a-la-boda-de-natalia-santos-yanes-de-teresa-urquijo-a-margarita-vargas.webp\" alt=\"Jose Luis Mart\u00ednez Almeida y Teresa Urquijo. Foto: Gtres.\"> <\/noscript> <i class=\"voc-icons zoom voc-multimedia-box voc-ico-l\"><\/i> <\/div><figcaption class=\"figure-caption\">Jose Luis Mart\u00ednez Almeida y Teresa Urquijo. Foto: Gtres.<\/figcaption><\/picture>\n<\/div>\n<div id=\"photoZoomModal-379\" class=\"voc-lightbox modal fade voc-lightbox--photo-zoom\" role=\"dialog\" data-voc-photozoom-lightbox>\n<div class=\"voc-lightbox__dialog\" role=\"document\">\n<div class=\"voc-lightbox__content\"> <!-- Modal header --> <!-- Modal content --> <\/p>\n<div class=\"voc-lightbox__photo-container\"> <picture class> <img loading=\"lazy\" src=\"http:\/\/hoycordobaweb.com\/wp-content\/uploads\/2024\/07\/los-looks-de-las-invitadas-a-la-boda-de-natalia-santos-yanes-de-teresa-urquijo-a-margarita-vargas.webp\" alt=\"Jose Luis Mart\u00ednez Almeida y Teresa Urquijo. Foto: Gtres.\"> <noscript> <img src=\"http:\/\/hoycordobaweb.com\/wp-content\/uploads\/2024\/07\/los-looks-de-las-invitadas-a-la-boda-de-natalia-santos-yanes-de-teresa-urquijo-a-margarita-vargas.webp\" alt=\"Jose Luis Mart\u00ednez Almeida y Teresa Urquijo. Foto: Gtres.\"> <\/noscript> <\/picture> <\/div><\/div><\/div>\n<\/div>\n<p><h3 class=\"voc-detail__title\"> Teresa Urquijo y Jose Luis Mart\u00ednez-Almeida<br \/>\n<\/h3>\n<\/p>\n<p class=\"voc-paragraph\">El alcalde de Madrid no ha dudado en asistir a esta boda en Valencia junto a su mujer Teresa Urquijo quien se ha decantado por <strong>un look bastante bohemio. <\/strong>Urquijo ha lucido un vestido midi con estampado de flores y fondo blanco. Un dise\u00f1o bastante sencillo, pero perfecto para aprovechar luego en el d\u00eda a d\u00eda.\n<\/p>\n<p class=\"voc-paragraph\">Acompa\u00f1ando este <strong>vestido con manga corta ligeramente abullonada<\/strong>, la mujer del alcalde de Madrid ha querido huir de las cl\u00e1sicas sandalias doradas (muy com\u00fan en todas las bodas) y ha optado por un calzado algo m\u00e1s vitamina. En concreto, se ha decantado por u<br \/>\n<strong>nas sandalias de tac\u00f3n en color naranja.<\/strong><\/p>\n<div class=\"voc-detail-photo-zoom\"> <picture data-toggle=\"modal\" data-target=\"#photoZoomModal-330\" target=\"modal\">\n<div class=\"voc-img-icon-link\"> <img loading=\"lazy\" src=\"http:\/\/hoycordobaweb.com\/wp-content\/uploads\/2024\/07\/los-looks-de-las-invitadas-a-la-boda-de-natalia-santos-yanes-de-teresa-urquijo-a-margarita-vargas-1.webp\" width=\"650\" height=\"900\" alt=\"Luis Alfonso de Borb\u00f3n y Margarita Vargas. Foto: Gtres.\"> <noscript> <img src=\"http:\/\/hoycordobaweb.com\/wp-content\/uploads\/2024\/07\/los-looks-de-las-invitadas-a-la-boda-de-natalia-santos-yanes-de-teresa-urquijo-a-margarita-vargas-1.webp\" alt=\"Luis Alfonso de Borb\u00f3n y Margarita Vargas. Foto: Gtres.\"> <\/noscript> <i class=\"voc-icons zoom voc-multimedia-box voc-ico-l\"><\/i> <\/div><figcaption class=\"figure-caption\">Luis Alfonso de Borb\u00f3n y Margarita Vargas. Foto: Gtres.<\/figcaption><\/picture>\n<\/div>\n<div id=\"photoZoomModal-330\" class=\"voc-lightbox modal fade voc-lightbox--photo-zoom\" role=\"dialog\" data-voc-photozoom-lightbox>\n<div class=\"voc-lightbox__dialog\" role=\"document\">\n<div class=\"voc-lightbox__content\"> <!-- Modal header --> <!-- Modal content --> <\/p>\n<div class=\"voc-lightbox__photo-container\"> <picture class> <img loading=\"lazy\" src=\"http:\/\/hoycordobaweb.com\/wp-content\/uploads\/2024\/07\/los-looks-de-las-invitadas-a-la-boda-de-natalia-santos-yanes-de-teresa-urquijo-a-margarita-vargas-1.webp\" alt=\"Luis Alfonso de Borb\u00f3n y Margarita Vargas. Foto: Gtres.\"> <noscript> <img src=\"http:\/\/hoycordobaweb.com\/wp-content\/uploads\/2024\/07\/los-looks-de-las-invitadas-a-la-boda-de-natalia-santos-yanes-de-teresa-urquijo-a-margarita-vargas-1.webp\" alt=\"Luis Alfonso de Borb\u00f3n y Margarita Vargas. Foto: Gtres.\"> <\/noscript> <\/picture> <\/div><\/div><\/div>\n<\/div>\n<p><h3 class=\"voc-detail__title\"> Luis Alfonso de Borb\u00f3n y Margarita Vargas<br \/>\n<\/h3>\n<\/p>\n<p class=\"voc-paragraph\">La pareja no se ha querido perder esta boda. Para el evento, Margarita Vargas ha querido recurrir al rosa con un vestido palabra de honor y algunos detalles glitter de la firma The 2nd Skin Co; sandalias y clutch en color amarillo de Aquazzura y joyas de WEMPE.\n<\/p>\n<div class=\"voc-detail-photo-zoom\"> <picture data-toggle=\"modal\" data-target=\"#photoZoomModal-373\" target=\"modal\">\n<div class=\"voc-img-icon-link\"> <img loading=\"lazy\" src=\"http:\/\/hoycordobaweb.com\/wp-content\/uploads\/2024\/07\/los-looks-de-las-invitadas-a-la-boda-de-natalia-santos-yanes-de-teresa-urquijo-a-margarita-vargas-2.webp\" width=\"650\" height=\"900\" alt=\"Lydia Bosch. Foto: Gtres.\"> <noscript> <img src=\"http:\/\/hoycordobaweb.com\/wp-content\/uploads\/2024\/07\/los-looks-de-las-invitadas-a-la-boda-de-natalia-santos-yanes-de-teresa-urquijo-a-margarita-vargas-2.webp\" alt=\"Lydia Bosch. Foto: Gtres.\"> <\/noscript> <i class=\"voc-icons zoom voc-multimedia-box voc-ico-l\"><\/i> <\/div><figcaption class=\"figure-caption\">Lydia Bosch. Foto: Gtres.<\/figcaption><\/picture>\n<\/div>\n<div id=\"photoZoomModal-373\" class=\"voc-lightbox modal fade voc-lightbox--photo-zoom\" role=\"dialog\" data-voc-photozoom-lightbox>\n<div class=\"voc-lightbox__dialog\" role=\"document\">\n<div class=\"voc-lightbox__content\"> <!-- Modal header --> <!-- Modal content --> <\/p>\n<div class=\"voc-lightbox__photo-container\"> <picture class> <img loading=\"lazy\" src=\"http:\/\/hoycordobaweb.com\/wp-content\/uploads\/2024\/07\/los-looks-de-las-invitadas-a-la-boda-de-natalia-santos-yanes-de-teresa-urquijo-a-margarita-vargas-2.webp\" alt=\"Lydia Bosch. Foto: Gtres.\"> <noscript> <img src=\"http:\/\/hoycordobaweb.com\/wp-content\/uploads\/2024\/07\/los-looks-de-las-invitadas-a-la-boda-de-natalia-santos-yanes-de-teresa-urquijo-a-margarita-vargas-2.webp\" alt=\"Lydia Bosch. Foto: Gtres.\"> <\/noscript> <\/picture> <\/div><\/div><\/div>\n<\/div>\n<p><h3 class=\"voc-detail__title\"> Lydia Bosch<br \/>\n<\/h3>\n<\/p>\n<p class=\"voc-paragraph\">Lydia Bosch tampoco se ha querido perder la boda de Natalia Yanes. Al evento, la actriz ha lucido un impecable vestido en tono rosado pastel con pedrer\u00eda en las mangas y en la zona de la cintura. Un original dise\u00f1o muy apropiado para la ocasi\u00f3n.\n<\/p>\n<div class=\"voc-detail-photo-zoom\"> <picture data-toggle=\"modal\" data-target=\"#photoZoomModal-872\" target=\"modal\">\n<div class=\"voc-img-icon-link\"> <img loading=\"lazy\" src=\"http:\/\/hoycordobaweb.com\/wp-content\/uploads\/2024\/07\/los-looks-de-las-invitadas-a-la-boda-de-natalia-santos-yanes-de-teresa-urquijo-a-margarita-vargas-3.webp\" width=\"650\" height=\"900\" alt=\"Gema Ruiz y Juan D\u00edaz. Foto: Gtres.\"> <noscript> <img src=\"http:\/\/hoycordobaweb.com\/wp-content\/uploads\/2024\/07\/los-looks-de-las-invitadas-a-la-boda-de-natalia-santos-yanes-de-teresa-urquijo-a-margarita-vargas-3.webp\" alt=\"Gema Ruiz y Juan D\u00edaz. Foto: Gtres.\"> <\/noscript> <i class=\"voc-icons zoom voc-multimedia-box voc-ico-l\"><\/i> <\/div><figcaption class=\"figure-caption\">Gema Ruiz y Juan D\u00edaz. Foto: Gtres.<\/figcaption><\/picture>\n<\/div>\n<div id=\"photoZoomModal-872\" class=\"voc-lightbox modal fade voc-lightbox--photo-zoom\" role=\"dialog\" data-voc-photozoom-lightbox>\n<div class=\"voc-lightbox__dialog\" role=\"document\">\n<div class=\"voc-lightbox__content\"> <!-- Modal header --> <!-- Modal content --> <\/p>\n<div class=\"voc-lightbox__photo-container\"> <picture class> <img loading=\"lazy\" src=\"http:\/\/hoycordobaweb.com\/wp-content\/uploads\/2024\/07\/los-looks-de-las-invitadas-a-la-boda-de-natalia-santos-yanes-de-teresa-urquijo-a-margarita-vargas-3.webp\" alt=\"Gema Ruiz y Juan D\u00edaz. Foto: Gtres.\"> <noscript> <img src=\"http:\/\/hoycordobaweb.com\/wp-content\/uploads\/2024\/07\/los-looks-de-las-invitadas-a-la-boda-de-natalia-santos-yanes-de-teresa-urquijo-a-margarita-vargas-3.webp\" alt=\"Gema Ruiz y Juan D\u00edaz. Foto: Gtres.\"> <\/noscript> <\/picture> <\/div><\/div><\/div>\n<\/div>\n<p><h3 class=\"voc-detail__title\"> Gema Ruiz y Juan Diaz<br \/>\n<\/h3>\n<\/p>\n<p class=\"voc-paragraph\">Gema Ruiz ha sido una de las que m\u00e1s ha arriesgado en esta boda con un vestido de lentejuelas con tul y detalles en color turquesa. Un dise\u00f1o largo, con manga globo y cuello redondo. Acompa\u00f1o este espectacular vestido con unas sandalias de plataforma en rosa pastel.\n<\/p>\n<div class=\"voc-detail-photo-zoom\"> <picture data-toggle=\"modal\" data-target=\"#photoZoomModal-114\" target=\"modal\">\n<div class=\"voc-img-icon-link\"> <img loading=\"lazy\" src=\"http:\/\/hoycordobaweb.com\/wp-content\/uploads\/2024\/07\/los-looks-de-las-invitadas-a-la-boda-de-natalia-santos-yanes-de-teresa-urquijo-a-margarita-vargas-4.webp\" width=\"650\" height=\"900\" alt=\"Patricia Rato. Foto: Gtres\"> <noscript> <img src=\"http:\/\/hoycordobaweb.com\/wp-content\/uploads\/2024\/07\/los-looks-de-las-invitadas-a-la-boda-de-natalia-santos-yanes-de-teresa-urquijo-a-margarita-vargas-4.webp\" alt=\"Patricia Rato. Foto: Gtres\"> <\/noscript> <i class=\"voc-icons zoom voc-multimedia-box voc-ico-l\"><\/i> <\/div><figcaption class=\"figure-caption\">Patricia Rato. Foto: Gtres<\/figcaption><\/picture>\n<\/div>\n<div id=\"photoZoomModal-114\" class=\"voc-lightbox modal fade voc-lightbox--photo-zoom\" role=\"dialog\" data-voc-photozoom-lightbox>\n<div class=\"voc-lightbox__dialog\" role=\"document\">\n<div class=\"voc-lightbox__content\"> <!-- Modal header --> <!-- Modal content --> <\/p>\n<div class=\"voc-lightbox__photo-container\"> <picture class> <img loading=\"lazy\" src=\"http:\/\/hoycordobaweb.com\/wp-content\/uploads\/2024\/07\/los-looks-de-las-invitadas-a-la-boda-de-natalia-santos-yanes-de-teresa-urquijo-a-margarita-vargas-4.webp\" alt=\"Patricia Rato. Foto: Gtres\"> <noscript> <img src=\"http:\/\/hoycordobaweb.com\/wp-content\/uploads\/2024\/07\/los-looks-de-las-invitadas-a-la-boda-de-natalia-santos-yanes-de-teresa-urquijo-a-margarita-vargas-4.webp\" alt=\"Patricia Rato. Foto: Gtres\"> <\/noscript> <\/picture> <\/div><\/div><\/div>\n<\/div>\n<p><h3 class=\"voc-detail__title\"> Patricia Rato<br \/>\n<\/h3>\n<\/p>\n<p class=\"voc-paragraph\">Si en la preboda, Patricia Rato sorprendi\u00f3 con su look; tambi\u00e9n lo ha hecho en el gran d\u00eda. La hija de Ram\u00f3n Rato acud\u00eda al evento nupcial con un total look en color violeta pastel compuesto por una blusa con encaje, escote en pico y transparencias en las mangas. A juego una falda fluida.\n<\/p>\n<p> <!-- TOPICS --> <\/p>\n","protected":false},"excerpt":{"rendered":"<p>Este fin de semana, Valencia se ha vuelto a llenar de bodas. Uno de los eventos nupciales que ha congregado a multitud de personajes p\u00fablicos es la boda de Natalia Santos, hija de la joyera Cristina Yanes; quien ha contra\u00eddo matrimonio junto a Esteban Rivas. La pareja ha dado el &#8216;s\u00ed, quiero&#8217; rodeada de familiares, [&hellip;]<\/p>\n","protected":false},"author":1,"featured_media":79791,"comment_status":"closed","ping_status":"closed","sticky":false,"template":"","format":"standard","meta":[],"categories":[],"tags":[],"_links":{"self":[{"href":"http:\/\/hoycordobaweb.com\/index.php\/wp-json\/wp\/v2\/posts\/79790"}],"collection":[{"href":"http:\/\/hoycordobaweb.com\/index.php\/wp-json\/wp\/v2\/posts"}],"about":[{"href":"http:\/\/hoycordobaweb.com\/index.php\/wp-json\/wp\/v2\/types\/post"}],"author":[{"embeddable":true,"href":"http:\/\/hoycordobaweb.com\/index.php\/wp-json\/wp\/v2\/users\/1"}],"replies":[{"embeddable":true,"href":"http:\/\/hoycordobaweb.com\/index.php\/wp-json\/wp\/v2\/comments?post=79790"}],"version-history":[{"count":0,"href":"http:\/\/hoycordobaweb.com\/index.php\/wp-json\/wp\/v2\/posts\/79790\/revisions"}],"wp:featuredmedia":[{"embeddable":true,"href":"http:\/\/hoycordobaweb.com\/index.php\/wp-json\/wp\/v2\/media\/79791"}],"wp:attachment":[{"href":"http:\/\/hoycordobaweb.com\/index.php\/wp-json\/wp\/v2\/media?parent=79790"}],"wp:term":[{"taxonomy":"category","embeddable":true,"href":"http:\/\/hoycordobaweb.com\/index.php\/wp-json\/wp\/v2\/categories?post=79790"},{"taxonomy":"post_tag","embeddable":true,"href":"http:\/\/hoycordobaweb.com\/index.php\/wp-json\/wp\/v2\/tags?post=79790"}],"curies":[{"name":"wp","href":"https:\/\/api.w.org\/{rel}","templated":true}]}}