{"id":79788,"date":"2024-07-02T04:02:00","date_gmt":"2024-07-02T04:02:00","guid":{"rendered":"http:\/\/hoycordobaweb.com\/index.php\/2024\/07\/02\/con-el-visto-bueno-de-milei-diputados-iniciara-el-tratamiento-de-la-ley-conan-contra-el-maltrato-animal\/"},"modified":"2024-07-02T04:02:00","modified_gmt":"2024-07-02T04:02:00","slug":"con-el-visto-bueno-de-milei-diputados-iniciara-el-tratamiento-de-la-ley-conan-contra-el-maltrato-animal","status":"publish","type":"post","link":"http:\/\/hoycordobaweb.com\/index.php\/2024\/07\/02\/con-el-visto-bueno-de-milei-diputados-iniciara-el-tratamiento-de-la-ley-conan-contra-el-maltrato-animal\/","title":{"rendered":"Con el visto bueno de Milei, Diputados iniciar\u00e1 el tratamiento de la \u00abLey Conan\u00bb contra el maltrato animal"},"content":{"rendered":"<div class=\"media_block\"><\/div>\n<p><strong>La&nbsp;C\u00e1mara de Diputados&nbsp;iniciar\u00e1 este&nbsp;mi\u00e9rcoles el debate en torno a la <a target=\"_blank\" href=\"https:\/\/www.perfil.com\/noticias\/actualidad\/presentaron-diputados-proyecto-ley-agravar-penas-maltrato-animal.phtml\" rel=\"noopener noreferrer\">\u00abLey Conan\u201d&nbsp;contra el maltrato anima<\/a><\/strong><a target=\"_blank\" href=\"https:\/\/www.perfil.com\/noticias\/actualidad\/presentaron-diputados-proyecto-ley-agravar-penas-maltrato-animal.phtml\" rel=\"noopener noreferrer\">l<\/a>, un tema que preocupa cada vez a m\u00e1s argentinos. La decisi\u00f3n tuvo lugar unos d\u00edas despu\u00e9s de que el presidente Javier Milei tuviera un intercambio con el legislador Dami\u00e1n Arabia, quien present\u00f3 dicho proyecto, donde dese\u00f3 que la iniciativa \u00abse haga realidad\u00bb.<\/p>\n<p>La comisi\u00f3n de Legislaci\u00f3n Penal, que preside la diputada&nbsp;<strong>Laura Rodr\u00edguez Machado<\/strong>&nbsp;(PRO), dar\u00e1 el primer paso el mi\u00e9rcoles a las 11 hs en el Sal\u00f3n Delia Parodi, en una reuni\u00f3n informativa para <strong>poner en debate los proyectos que buscan actualizar la vetusta ley 14.346 de 1954<\/strong>.<\/p>\n<p>Uno de los autores de iniciativas que<strong> buscan agravar las multas y penas contra quienes cometan&nbsp;actos de crueldad hacia los animales<\/strong>&nbsp;es el bullrichista<strong>&nbsp;<a target=\"_blank\" href=\"https:\/\/www.perfil.com\/noticias\/modo-fontevecchia\/damian-arabia-hay-muchos-que-no-entienden-que-milei-es-el-presidente-de-la-nacion-modof.phtml\" rel=\"noopener noreferrer\">Dami\u00e1n Arabia<\/a><\/strong>&nbsp;(PRO), quien bautiz\u00f3 el proyecto como \u201c<em>Ley Conan<\/em>\u201d.<\/p>\n<div class=\"subscription\" readability=\"6.683257918552\">\n<p>\nEsto no les gusta a los autoritarios\n<\/p>\n<div class=\"subscription__container\" readability=\"6.1467391304348\">\n<div class=\"subscription__text-wrapper\" readability=\"31.20652173913\">\n<p>\nEl ejercicio del periodismo profesional y cr\u00edtico es un pilar fundamental de la democracia. Por eso molesta a quienes creen ser los due\u00f1os de la verdad.\n<\/p>\n<\/p><\/div>\n<\/div><\/div>\n<p class=\"destacadoNota\"><a target=\"_blank\" href=\"https:\/\/www.perfil.com\/noticias\/cordoba\/maltrato-animal-en-villa-allende-como-avanza-la-investigacion-contra-el-falso-veterinario.phtml\" rel=\"noopener noreferrer\">Maltrato animal en Villa Allende: C\u00f3mo avanza la investigaci\u00f3n contra el falso veterinario<\/a><\/p>\n<p>A ra\u00edz de esa iniciativa, tuvo un intercambio amistoso en la red social X (antes Twitter) con&nbsp;el presidente,&nbsp;que lo felicit\u00f3 por su trabajo, le dio el visto bueno y le pidi\u00f3 que siguiera adelante con el debate. \u00abHola Dami\u00e1n querido&#8230;!!! <strong>Felicitaciones por tu enorme trabajo y esperemos que La Ley CONAN se haga realidad&#8230; <\/strong>Abrazo gigante\u00bb, escribi\u00f3 el jefe de Estado.<\/p>\n<p>Conocido por <a target=\"_blank\" href=\"https:\/\/www.perfil.com\/noticias\/actualidad\/milei-hablo-de-como-viven-sus-perros-en-olivos-y-conan-fue-tendencia-en-redes.phtml\" rel=\"noopener noreferrer\">su devoci\u00f3n hacia sus \u201chijos de cuatro patas\u201d<\/a>, como&nbsp;llama a sus perros, Milei se hizo eco del proyecto para sancionar a las personas que maltraten animales, lo que <strong>sirvi\u00f3 de envi\u00f3n para iniciar formalmente el tratamiento, que ven\u00eda demor\u00e1ndose.<\/strong><\/p>\n<p><img alt=\"Intercambio entre Arabia y Milei por la Ley Conan\" src=\"http:\/\/hoycordobaweb.com\/wp-content\/uploads\/2024\/07\/con-el-visto-bueno-de-milei-diputados-iniciara-el-tratamiento-de-la-ley-conan-contra-el-maltrato-animal-1.jpg\" loading=\"lazy\"><\/p>\n<h2>C\u00f3mo es el proyecto de&nbsp;Ley Conan contra el maltrato animal<\/h2>\n<p>El proyecto de Arabia<strong> eleva la pena de prisi\u00f3n de acuerdo a un rango entre los seis&nbsp;meses y los cinco a\u00f1os<\/strong>, en tanto que <strong>establece multas de entre cinco&nbsp;y treinta&nbsp;veces el valor del Salario M\u00ednimo, Vital y M\u00f3vil (SMVM) <\/strong>para quien infligiere malos tratos o hiciere v\u00edctima de <a target=\"_blank\" href=\"https:\/\/www.perfil.com\/noticias\/sociedad\/crueldad-sin-limites-vandalizan-y-asesinan-perros-en-un-refugio-en-campana.phtml\" rel=\"noopener noreferrer\">actos de crueldad a los animales<\/a>.<\/p>\n<p>En un texto similar, el diputado de la UCR&nbsp;<strong>Pablo Juliano<\/strong>&nbsp;plantea<strong>&nbsp;una pena de prisi\u00f3n de seis&nbsp;meses a tres&nbsp;a\u00f1os<\/strong>, as\u00ed como&nbsp;<strong>multas de uno&nbsp;a cincuenta veces el valor del SMVM<\/strong>.<\/p>\n<p class=\"destacadoNota\"><a target=\"_blank\" href=\"https:\/\/www.perfil.com\/noticias\/actualidad\/el-peor-amigo-del-perro-le-sacaron-a-bob-a-un-hombre-que-le-dio-terrible-paliza-en-plena-calle.phtml\" rel=\"noopener noreferrer\">El peor amigo del perro: rescataron a &#8216;Bob&#8217; de un sujeto que le dio terrible paliza en plena calle<\/a><\/p>\n<p><strong>De acuerdo a la normativa vigente, la pena va de quince d\u00edas a un a\u00f1o de prisi\u00f3n. <\/strong>De esa manera, tanto el proyecto de Arabia como el de Juliano estipulan un agravamiento de las penas por abusos, torturas, mutilaciones, envenenamiento y muerte. Adem\u00e1s,&nbsp;<a target=\"_blank\" href=\"https:\/\/www.perfil.com\/noticias\/actualidad\/mujer-ordeno-faenar-perro-carniceria-tendria-trastorno-psiquiatrico-vinculo-felipe-fort.phtml\" rel=\"noopener noreferrer\">los responsables de estos delitos<\/a> recibir\u00e1n la inhabilitaci\u00f3n especial para la custodia de animales.<\/p>\n<p><strong>Tambi\u00e9n hay otros dos proyectos contra el maltrato animal que conservan estado parlamentario<\/strong> de los diputados&nbsp;<strong>Manuel Aguirre&nbsp;<\/strong>(UCR) y&nbsp;<strong>Mar\u00eda Sotolano<\/strong>&nbsp;(PRO). Es que en julio de 2019 ya se hab\u00eda tratado una ley de estas caracter\u00edsticas en comisiones&nbsp;e incluso se hab\u00eda avanzado en la firma de un dictamen de consenso, que nunca lleg\u00f3 al recinto.<\/p>\n<p><em>MB \/ ED<\/em><\/p>\n<div class=\"article__tags\">\n<p>En esta Nota<\/p>\n<\/p><\/div>\n","protected":false},"excerpt":{"rendered":"<p>La&nbsp;C\u00e1mara de Diputados&nbsp;iniciar\u00e1 este&nbsp;mi\u00e9rcoles el debate en torno a la \u00abLey Conan\u201d&nbsp;contra el maltrato animal, un tema que preocupa cada vez a m\u00e1s argentinos. La decisi\u00f3n tuvo lugar unos d\u00edas despu\u00e9s de que el presidente Javier Milei tuviera un intercambio con el legislador Dami\u00e1n Arabia, quien present\u00f3 dicho proyecto, donde dese\u00f3 que la iniciativa \u00abse [&hellip;]<\/p>\n","protected":false},"author":1,"featured_media":79789,"comment_status":"closed","ping_status":"closed","sticky":false,"template":"","format":"standard","meta":[],"categories":[19],"tags":[333,254,80,332,331,334],"_links":{"self":[{"href":"http:\/\/hoycordobaweb.com\/index.php\/wp-json\/wp\/v2\/posts\/79788"}],"collection":[{"href":"http:\/\/hoycordobaweb.com\/index.php\/wp-json\/wp\/v2\/posts"}],"about":[{"href":"http:\/\/hoycordobaweb.com\/index.php\/wp-json\/wp\/v2\/types\/post"}],"author":[{"embeddable":true,"href":"http:\/\/hoycordobaweb.com\/index.php\/wp-json\/wp\/v2\/users\/1"}],"replies":[{"embeddable":true,"href":"http:\/\/hoycordobaweb.com\/index.php\/wp-json\/wp\/v2\/comments?post=79788"}],"version-history":[{"count":0,"href":"http:\/\/hoycordobaweb.com\/index.php\/wp-json\/wp\/v2\/posts\/79788\/revisions"}],"wp:featuredmedia":[{"embeddable":true,"href":"http:\/\/hoycordobaweb.com\/index.php\/wp-json\/wp\/v2\/media\/79789"}],"wp:attachment":[{"href":"http:\/\/hoycordobaweb.com\/index.php\/wp-json\/wp\/v2\/media?parent=79788"}],"wp:term":[{"taxonomy":"category","embeddable":true,"href":"http:\/\/hoycordobaweb.com\/index.php\/wp-json\/wp\/v2\/categories?post=79788"},{"taxonomy":"post_tag","embeddable":true,"href":"http:\/\/hoycordobaweb.com\/index.php\/wp-json\/wp\/v2\/tags?post=79788"}],"curies":[{"name":"wp","href":"https:\/\/api.w.org\/{rel}","templated":true}]}}