{"id":79756,"date":"2024-07-01T16:48:46","date_gmt":"2024-07-01T16:48:46","guid":{"rendered":"https:\/\/www.cordobaturismo.gov.ar\/?p=889143"},"modified":"2024-07-01T16:48:46","modified_gmt":"2024-07-01T16:48:46","slug":"nono-sera-la-sede-de-la-tercera-edicion-del-ultra-trail","status":"publish","type":"post","link":"http:\/\/hoycordobaweb.com\/index.php\/2024\/07\/01\/nono-sera-la-sede-de-la-tercera-edicion-del-ultra-trail\/","title":{"rendered":"Nono ser\u00e1 la sede de la tercera edici\u00f3n del \u201cUltra Trail\u201d"},"content":{"rendered":"<div><img src=\"http:\/\/hoycordobaweb.com\/wp-content\/uploads\/2024\/07\/nono-sera-la-sede-de-la-tercera-edicion-del-ultra-trail.jpg\" class=\"ff-og-image-inserted\"><\/div>\n<div class=\"elementor-widget-container\" readability=\"32\">\n<p>El<strong><em> \u201cNono Ultra Trail\u201d <\/em><\/strong>comenzar\u00e1 el d\u00eda <strong>domingo 7<\/strong> de<strong> julio<\/strong> de 2024 y las acreditaciones de los maratonistas tendr\u00e1 lugar el d\u00eda <strong>viernes 5<\/strong> y el <strong>s\u00e1bado 6<\/strong> de <strong>julio<\/strong>, desde las 14:00 a las 19:00 horas, y de 10:00 hasta las 20:00 horas.<\/p>\n<p>En su tercera edici\u00f3n, la ciudad de Nono espera a m\u00e1s de 3.500 competidores y la Ultra Trail ya tiene todos los cupos completos, por lo que se espera durante los tres d\u00edas que durar\u00e1 la carrera, a m\u00e1s de 10 mil turistas en la localidad de Traslasierra. Lo que genera un importante impacto econ\u00f3mico en la regi\u00f3n (alquiler de hoteler\u00eda, consumo en gastronom\u00eda y en los peque\u00f1os y medianos comercios de la zona).<\/p>\n<p>Organizado por la Mountain Race Log\u00edstica, con el apoyo del municipio de Nono, la carrera de monta\u00f1a contar\u00e1 con distancias de <strong>12<\/strong>, <strong>23<\/strong>, <strong>38<\/strong> y <strong>50 kil\u00f3metros<\/strong>, en circuitos trazados por diferentes sitios del Valle de Traslasierra. A su vez, las dos pruebas m\u00e1s largas se realizar\u00e1n desde el coraz\u00f3n de las Altas Cumbres.<\/p>\n<p>Adem\u00e1s, la plaza del pueblo ser\u00e1 el escenario de feria de productos relacionados a la actividad, la m\u00fasica y el merchandising del evento deportivo. Y el d\u00eda s\u00e1bado 6 de julio, se realizar\u00e1 un show de folklore con Mat\u00edas Miranda y una academia de baile a las 15:00 horas, mientras que a las 16:00 horas, se llevar\u00e1 adelante la carrera kids, con participaci\u00f3n libre y gratuita.<\/p>\n<p>Y desde las 6:00 de la madrugada del d\u00eda domingo 7 de julio ser\u00e1 la instancia con la largada de la m\u00e1xima distancia. Una hora m\u00e1s tarde comenzar\u00e1 la prueba de 38 kil\u00f3metros, mientras que los 23 kil\u00f3metros arrancar\u00e1n a las 8:00 horas. Finalmente, a las 9:00 horas tendr\u00e1 lugar la competencia de los 12 kil\u00f3metros.<\/p>\n<p><strong>Importante<\/strong>: todas las largadas y llegadas ser\u00e1n en la Plaza San Mart\u00edn de Nono, y las dos distancias m\u00e1s largas, tendr\u00e1n su premiaci\u00f3n a las 15:00 horas, y a las 16:00 horas se har\u00e1 lo mismo con los m\u00e1s veloces de los 23k y 12kil\u00f3metros, respectivamente.<\/p>\n<\/p><\/div>\n","protected":false},"excerpt":{"rendered":"<p>El \u201cNono Ultra Trail\u201d comenzar\u00e1 el d\u00eda domingo 7 de julio de 2024 y las acreditaciones de los maratonistas tendr\u00e1 lugar el d\u00eda viernes 5 y el s\u00e1bado 6 de julio, desde las 14:00 a las 19:00 horas, y de 10:00 hasta las 20:00 horas. En su tercera edici\u00f3n, la ciudad de Nono espera a [&hellip;]<\/p>\n","protected":false},"author":1,"featured_media":79757,"comment_status":"closed","ping_status":"closed","sticky":false,"template":"","format":"standard","meta":[],"categories":[19],"tags":[],"_links":{"self":[{"href":"http:\/\/hoycordobaweb.com\/index.php\/wp-json\/wp\/v2\/posts\/79756"}],"collection":[{"href":"http:\/\/hoycordobaweb.com\/index.php\/wp-json\/wp\/v2\/posts"}],"about":[{"href":"http:\/\/hoycordobaweb.com\/index.php\/wp-json\/wp\/v2\/types\/post"}],"author":[{"embeddable":true,"href":"http:\/\/hoycordobaweb.com\/index.php\/wp-json\/wp\/v2\/users\/1"}],"replies":[{"embeddable":true,"href":"http:\/\/hoycordobaweb.com\/index.php\/wp-json\/wp\/v2\/comments?post=79756"}],"version-history":[{"count":0,"href":"http:\/\/hoycordobaweb.com\/index.php\/wp-json\/wp\/v2\/posts\/79756\/revisions"}],"wp:featuredmedia":[{"embeddable":true,"href":"http:\/\/hoycordobaweb.com\/index.php\/wp-json\/wp\/v2\/media\/79757"}],"wp:attachment":[{"href":"http:\/\/hoycordobaweb.com\/index.php\/wp-json\/wp\/v2\/media?parent=79756"}],"wp:term":[{"taxonomy":"category","embeddable":true,"href":"http:\/\/hoycordobaweb.com\/index.php\/wp-json\/wp\/v2\/categories?post=79756"},{"taxonomy":"post_tag","embeddable":true,"href":"http:\/\/hoycordobaweb.com\/index.php\/wp-json\/wp\/v2\/tags?post=79756"}],"curies":[{"name":"wp","href":"https:\/\/api.w.org\/{rel}","templated":true}]}}