{"id":79738,"date":"2024-06-30T22:29:08","date_gmt":"2024-06-30T22:29:08","guid":{"rendered":"https:\/\/www.ole.com.ar\/futbol-internacional\/seleccion-francia-kylian-mbappe-eurocopa-robert-lewandowski-kevin-bruyne_0_wwF7xF2frL.html"},"modified":"2024-06-30T22:29:08","modified_gmt":"2024-06-30T22:29:08","slug":"mbappe-miedo-a-que-me-apunten-a-la-nariz-ya-esta-rota","status":"publish","type":"post","link":"http:\/\/hoycordobaweb.com\/index.php\/2024\/06\/30\/mbappe-miedo-a-que-me-apunten-a-la-nariz-ya-esta-rota\/","title":{"rendered":"Mbapp\u00e9: \u00ab\u00bfMiedo a que me apunten a la nariz? Ya est\u00e1 rota&#8230;\u00bb"},"content":{"rendered":"<p><img src=\"http:\/\/hoycordobaweb.com\/wp-content\/uploads\/2024\/07\/mbappe-miedo-a-que-me-apunten-a-la-nariz-ya-esta-rota.jpg\"><\/p>\n<p><time class=\"createDate\" datetime=\"2024-06-30T19:29:08-03:00\">30\/06\/2024 22:29hs.<\/time><time class=\"modificatedDate\" datetime=\"2024-06-30T20:12:54-03:00\"> Actualizado al 30\/06\/2024 23:12hs.<\/time><\/p>\n<div id=\"storyBody\">\n<div class=\"custom-text \" readability=\"39\">\n<p>Mbapp\u00e9 es la cabeza de Francia y quedo demostrado con la ausencia del extremo ante Pa\u00edses Bajos, en donde los franceses sintieron la falta del extremo. Ahora, antes del choque ante B\u00e9lgica, <strong>quien jugar\u00e1 en el Real Madrid la pr\u00f3xima temporada, habl\u00f3 de su lesi\u00f3n y que fue lo que sinti\u00f3 en el momento en que se especul\u00f3 con que deber\u00eda ser operado. De sentir miedo y querer irse a su casa a la inc\u00f3moda experiencia de usar la m\u00e1scara de protecci\u00f3n.<\/strong><\/p>\n<\/div>\n<p><h2>Mbapp\u00e9: \u00abDespu\u00e9s de la lesi\u00f3n quer\u00eda irme a mi casa\u00bb<\/h2>\n<\/p>\n<div class=\"custom-text \" readability=\"40\">\n<p>El momento en que Kylian Mbapp\u00e9 choc\u00f3 con Danso, central de Austria, nadie se imagin\u00f3 la magnitud del choque y mucho menos de las consecuencias que traer\u00eda tal impacto. Pero claro, la quietud del franc\u00e9s en el c\u00e9sped y el gran flujo de sangre que se desprend\u00eda de su nariz, era una clara muestra de que algo andaba mal. <strong>Tras el partido, se supo muy r\u00e1pidamente que Kylian hab\u00eda sufrido la fractura del tabique y que deber\u00eda ser operado para luego llevar adelante una recuperaci\u00f3n de al menos 10 o 15 d\u00edas.<\/strong><\/p>\n<\/div>\n<div class=\"sc-e7b891c4-0 jPbnQF\"><img alt=\"El choque de Mbapp\u00e9 y Danso. (Francia, Alemania) EFE\/EPA\/GEORGI LICOVSKI\" src=\"http:\/\/hoycordobaweb.com\/wp-content\/uploads\/2024\/07\/mbappe-miedo-a-que-me-apunten-a-la-nariz-ya-esta-rota-2.jpg\" width=\"720\" height=\"100\" decoding=\"async\" data-nimg=\"future\" loading=\"lazy\"><span class=\"epigraphe\">El choque de Mbapp\u00e9 y Danso. (Francia, Alemania) EFE\/EPA\/GEORGI LICOVSKI<\/span><\/div>\n<div class=\"custom-text \" readability=\"45\">\n<p>Y claro, la angustia no solo era del p\u00fablico franc\u00e9s sino tambi\u00e9n del propio Kylian, quien asegur\u00f3 que sinti\u00f3 miedo al ver el grado de su lesi\u00f3n. \u00abEn ese momento no pens\u00e9 mucho, no sab\u00eda realmente lo que me estaba pasando. No sent\u00ed que estuviera roto.<strong> Entrar al vestuario y ver todo lo que pasaba a mi alrededor me dio un poco de miedo y me dije que me iba a ir a casa. Me vi en el espejo, fue mala idea, pero estoy aqu\u00ed, soy feliz. Fue dif\u00edcil, estuve casi dos d\u00edas sin dormir, no pude jugar contra Holanda, es muy dif\u00edcil no ayudar\u00bb<\/strong>, dijo Kylian sobre su lesi\u00f3n.<\/p>\n<\/div>\n<p><h2>\u00abEs un horror jugar con la m\u00e1scara\u00bb<\/h2>\n<\/p>\n<div class=\"custom-text \" readability=\"37\">\n<p><strong>Fueron d\u00edas movidos. <\/strong>Algunos aseguraban que Mbapp\u00e9 se perder\u00eda la fase de grupos y los octavos de final ya que deber\u00eda ser operado y hacer una recuperaci\u00f3n expr\u00e9s, mientras que otros se animaban a pensar que el extremo podr\u00eda recuperarse con analg\u00e9sicos para poder competir en el certamen y luego operarse. Y esa fue la decisi\u00f3n, prolongar la cirug\u00eda para que el extremo pudiera jugar con una m\u00e1scara de protecci\u00f3n.<\/p>\n<\/div>\n<div class=\"custom-text \" readability=\"43\">\n<p>Las opciones no eran demasiadas y se opt\u00f3 por que Kilyan utilic\u00e9 una m\u00e1scara de protecci\u00f3n en lo que resta la Eurocopa aunque claro, seg\u00fan dijo el propio jugador, no le es para nada fac\u00edl jugar con la protecci\u00f3n.<strong> \u00abNo lo cre\u00eda, pero jugar con una m\u00e1scara es un horror absoluto. Es realmente complicado porque limita la visi\u00f3n, el sudor queda bloqueado por lo que hay que sacarlo para que fluya. <\/strong>Los primeros d\u00edas tuve la impresi\u00f3n de que estaba en 3D y que me invitaban a la Eurocopa como VIP&#8230; Vi a la gente y tuve la impresi\u00f3n de que no era yo con quien estaba jugando. En cuanto pueda quit\u00e1rmelo, me lo voy a quitar. <strong>Ahora no tengo otra opci\u00f3n, no voy a jugar sin \u00e9l. Cambi\u00e9 mas de cinco veces la m\u00e1scara. <\/strong>Mi competencia va a ser as\u00ed y no ser\u00e1 una excusa porque solo puedo jugar as\u00ed, tengo que darle las gracias\u00bb, dijo el delantero antes del cruce con B\u00e9lgica. <\/p>\n<\/div>\n<p><h2>El cruce con Lewandowski<\/h2>\n<\/p>\n<div class=\"custom-text \" readability=\"36\">\n<p>Es imposible no pensar en que la fragilidad que siente Kylian Mbapp\u00e9 es inmensa. As\u00ed quedo demostrado en el cruce que tuvo el franc\u00e9s con Robert Lewandowski, <strong>quien sin querer roz\u00f3 al delantero en la nariz y gener\u00f3 el posterior insulto del parisino que luego se tom\u00f3 la zona afectada en un claro signo de dolor.<\/strong><\/p>\n<\/div>\n<div class=\"custom-text \" readability=\"42\">\n<p><strong>\u00abEs una posibilidad. Cuando juegas con la nariz rota y no te operan, te conviertes en un objetivo. Lewandowski no lo hizo a prop\u00f3sito, tuve una reacci\u00f3n instintiva al dolor, pero muchos ni\u00f1os ven partidos y hay que controlarse..<\/strong>. Sab\u00eda en lo que me estaba metiendo, no es una situaci\u00f3n obvia pero s\u00ed lo es. Puedo aguantar una paliza pero estoy dispuesto a darlo todo por esta camiseta. <strong>Si alguien tiene que tocarme la nariz para ir a cuartos, ya est\u00e1 rota, as\u00ed que no se volver\u00e1 a romper\u00bb<\/strong>, cerr\u00f3 Mbapp\u00e9. <\/p>\n<\/div>\n<div class=\"sc-e7b891c4-0 jPbnQF\"><img alt=\"Mbapp\u00e9, dolor y molestia en la m\u00e1scara contra Polonia. \" src=\"http:\/\/hoycordobaweb.com\/wp-content\/uploads\/2024\/07\/mbappe-miedo-a-que-me-apunten-a-la-nariz-ya-esta-rota-3.jpg\" width=\"720\" height=\"100\" decoding=\"async\" data-nimg=\"future\" loading=\"lazy\"><span class=\"epigraphe\">Mbapp\u00e9, dolor y molestia en la m\u00e1scara contra Polonia. <\/span><\/div>\n<\/div>\n","protected":false},"excerpt":{"rendered":"<p>30\/06\/2024 22:29hs. Actualizado al 30\/06\/2024 23:12hs. Mbapp\u00e9 es la cabeza de Francia y quedo demostrado con la ausencia del extremo ante Pa\u00edses Bajos, en donde los franceses sintieron la falta del extremo. Ahora, antes del choque ante B\u00e9lgica, quien jugar\u00e1 en el Real Madrid la pr\u00f3xima temporada, habl\u00f3 de su lesi\u00f3n y que fue lo [&hellip;]<\/p>\n","protected":false},"author":1,"featured_media":79739,"comment_status":"open","ping_status":"closed","sticky":false,"template":"","format":"standard","meta":[],"categories":[16],"tags":[],"_links":{"self":[{"href":"http:\/\/hoycordobaweb.com\/index.php\/wp-json\/wp\/v2\/posts\/79738"}],"collection":[{"href":"http:\/\/hoycordobaweb.com\/index.php\/wp-json\/wp\/v2\/posts"}],"about":[{"href":"http:\/\/hoycordobaweb.com\/index.php\/wp-json\/wp\/v2\/types\/post"}],"author":[{"embeddable":true,"href":"http:\/\/hoycordobaweb.com\/index.php\/wp-json\/wp\/v2\/users\/1"}],"replies":[{"embeddable":true,"href":"http:\/\/hoycordobaweb.com\/index.php\/wp-json\/wp\/v2\/comments?post=79738"}],"version-history":[{"count":0,"href":"http:\/\/hoycordobaweb.com\/index.php\/wp-json\/wp\/v2\/posts\/79738\/revisions"}],"wp:featuredmedia":[{"embeddable":true,"href":"http:\/\/hoycordobaweb.com\/index.php\/wp-json\/wp\/v2\/media\/79739"}],"wp:attachment":[{"href":"http:\/\/hoycordobaweb.com\/index.php\/wp-json\/wp\/v2\/media?parent=79738"}],"wp:term":[{"taxonomy":"category","embeddable":true,"href":"http:\/\/hoycordobaweb.com\/index.php\/wp-json\/wp\/v2\/categories?post=79738"},{"taxonomy":"post_tag","embeddable":true,"href":"http:\/\/hoycordobaweb.com\/index.php\/wp-json\/wp\/v2\/tags?post=79738"}],"curies":[{"name":"wp","href":"https:\/\/api.w.org\/{rel}","templated":true}]}}