{"id":79605,"date":"2024-06-28T03:03:29","date_gmt":"2024-06-28T03:03:29","guid":{"rendered":"http:\/\/hoycordobaweb.com\/index.php\/2024\/06\/28\/caso-loan-bullrich-no-descarto-un-accidente-y-hablo-de-revisar-animales-en-la-zona\/"},"modified":"2024-06-28T03:03:29","modified_gmt":"2024-06-28T03:03:29","slug":"caso-loan-bullrich-no-descarto-un-accidente-y-hablo-de-revisar-animales-en-la-zona","status":"publish","type":"post","link":"http:\/\/hoycordobaweb.com\/index.php\/2024\/06\/28\/caso-loan-bullrich-no-descarto-un-accidente-y-hablo-de-revisar-animales-en-la-zona\/","title":{"rendered":"Caso Loan: Bullrich no descart\u00f3 un accidente, y habl\u00f3 de \u00abrevisar animales\u00bb en la zona"},"content":{"rendered":"<div class=\"media_block\"><\/div>\n<p>Mientras las novedades de este jueves desde Corrientes en el caso de la desaparici\u00f3n de&nbsp;Loan Pe\u00f1a <a target=\"_blank\" href=\"https:\/\/www.perfil.com\/noticias\/policia\/caso-loan-la-justicia-federal-cito-a-declarar-a-los-papas-y-hermanos-del-nino.phtml\" rel=\"noopener noreferrer\">daban cuenta de las citaciones a&nbsp;declaraciones testimoniales a los familiares directos del chico<\/a>, la ministra de Seguridad de la Naci\u00f3n <strong>Patricia Bullrich<\/strong>&nbsp;concedi\u00f3 una entrevista al canal LN+, ocasi\u00f3n en la que&nbsp;habl\u00f3 de \u00abrastrillajes de gente especializada\u00bb que se har\u00edan este fin de semana en las cercan\u00edas de la zona donde Loan estuvo por \u00faltima vez, y admiti\u00f3 que no hay pistas claras: <strong>\u00abPuede haber sido desde un accidente, desde Loan se perdiera, algo de la naturaleza, hasta una posible situaci\u00f3n de trata de personas\u00bb.<\/strong><\/p>\n<p>Sin embargo, los datos m\u00e1s llamativos que dej\u00f3 la entrevista de&nbsp;Bullrich con Eduardo Feinmann fueron, primero, su afirmaci\u00f3n sobre que el peque\u00f1o efectivamente <strong>estuvo en el naranjal,<\/strong> tal como afirmaron sus familiares, lo que refuta lo que en su momento indicaron los fiscales de la Unidad Fiscal de Goya, <strong>Guillermo Barry y Juan Carlos Castillo<\/strong>. Y luego desliz\u00f3 que este fin de semana&nbsp;se har\u00e1n<strong> \u201crastrillajes con gente especializada\u00bb<\/strong> que usar\u00e1&nbsp;<strong>\u00abequipos radiol\u00f3gicos\u00bb <\/strong>con los que se intentar\u00eda <strong>\u00abver la panza de los animales\u00bb.<\/strong><\/p>\n<div>\n<figure class=\"image\"><img alt=\"Los&nbsp;seis detenidos por el caso Loan ya fueron trasladados a c\u00e1rceles federales.\" src=\"http:\/\/hoycordobaweb.com\/wp-content\/uploads\/2024\/06\/caso-loan-bullrich-no-descarto-un-accidente-y-hablo-de-revisar-animales-en-la-zona.jpg\" loading=\"lazy\"><figcaption>El peque\u00f1o Loan lleva desaparecidos casi dos semanas.<\/figcaption><\/figure>\n<\/p><\/div>\n<p>\u00abEn la zona hay&nbsp;yaguaret\u00e9s, pumas, v\u00edboras, pozos por la tierra que sacan para hacer ladrillos\u00bb, se\u00f1al\u00f3 Bullrich.<\/p>\n<div class=\"subscription\" readability=\"6.683257918552\">\n<p>\nEsto no les gusta a los autoritarios\n<\/p>\n<div class=\"subscription__container\" readability=\"6.1467391304348\">\n<div class=\"subscription__text-wrapper\" readability=\"31.20652173913\">\n<p>\nEl ejercicio del periodismo profesional y cr\u00edtico es un pilar fundamental de la democracia. Por eso molesta a quienes creen ser los due\u00f1os de la verdad.\n<\/p>\n<\/p><\/div>\n<\/div><\/div>\n<p>En rigor cuesta imaginar c\u00f3mo podr\u00eda realizarse una tarea semejante, incluso si a casi dos semanas de la desaparici\u00f3n del peque\u00f1o podr\u00eda darse con alg\u00fan resto en esos animales, pero Bullrich insisti\u00f3 en avanzar en la necesidad de descartar que Loan haya sido devorado en el monte, luego de, como sostiene su familia, se hubiera perdido hab\u00eda ido presuntamente al naranjal junto a otros familiares.<\/p>\n<p>Respecto a la presencia de Loan en ese naranjal, hip\u00f3tesis que la Justicia ha descartado de hecho al acusar a los detenidos de posibles delitos de trata de personas, Bullrich remarc\u00f3 que \u00abhay evidencia fotogr\u00e1fica\u00bb de que el peque\u00f1o fue efectivamente a esa parte del monte en que presuntamente se buscaban naranjas, y de esa afirmaci\u00f3n deriv\u00f3 el anticipo de que se intentar\u00eda revisar a algunos animales de la zona con el objetivo de descartar que la desaparici\u00f3n del chico se haya tratado, al fin de cuentas, de una negligencia de los adultos y un accidente vinculado con la peligrosidad de la fauna de la zona.<\/p>\n<p>\u00abTodo este caso tiene&nbsp;m\u00faltiples aristas, hay muchas&nbsp;hip\u00f3tesis\u201d, afirm\u00f3 Bullrich en LN+. \u00abTenemos una escena en la que hay mucha gente, y de golpe nos encontramos con un chiquito al que se le pierden el rastro sin que nadie haya o\u00eddo ruidos, gritos, autos o motores\u00bb, precis\u00f3 la titular de Seguridad.<\/p>\n<p><strong>\u00abNo tenemos datos sobre c\u00f3mo lo podr\u00edan haber sacado de ah\u00ed, no hay pruebas de c\u00f3mo Loan desaparece\u00bb,<\/strong> destac\u00f3 Bullrich en LN+, destacando que \u00ablos chicos que declararon en&nbsp;C\u00e1mara Gesell dicen que Loan se&nbsp;fue solo\u00bb.<\/p>\n<p>HB<\/p>\n<div class=\"article__tags\">\n<p>En esta Nota<\/p>\n<\/p><\/div>\n","protected":false},"excerpt":{"rendered":"<p>Mientras las novedades de este jueves desde Corrientes en el caso de la desaparici\u00f3n de&nbsp;Loan Pe\u00f1a daban cuenta de las citaciones a&nbsp;declaraciones testimoniales a los familiares directos del chico, la ministra de Seguridad de la Naci\u00f3n Patricia Bullrich&nbsp;concedi\u00f3 una entrevista al canal LN+, ocasi\u00f3n en la que&nbsp;habl\u00f3 de \u00abrastrillajes de gente especializada\u00bb que se har\u00edan [&hellip;]<\/p>\n","protected":false},"author":1,"featured_media":79606,"comment_status":"closed","ping_status":"closed","sticky":false,"template":"","format":"standard","meta":[],"categories":[19],"tags":[324,323,325,326,93],"_links":{"self":[{"href":"http:\/\/hoycordobaweb.com\/index.php\/wp-json\/wp\/v2\/posts\/79605"}],"collection":[{"href":"http:\/\/hoycordobaweb.com\/index.php\/wp-json\/wp\/v2\/posts"}],"about":[{"href":"http:\/\/hoycordobaweb.com\/index.php\/wp-json\/wp\/v2\/types\/post"}],"author":[{"embeddable":true,"href":"http:\/\/hoycordobaweb.com\/index.php\/wp-json\/wp\/v2\/users\/1"}],"replies":[{"embeddable":true,"href":"http:\/\/hoycordobaweb.com\/index.php\/wp-json\/wp\/v2\/comments?post=79605"}],"version-history":[{"count":0,"href":"http:\/\/hoycordobaweb.com\/index.php\/wp-json\/wp\/v2\/posts\/79605\/revisions"}],"wp:featuredmedia":[{"embeddable":true,"href":"http:\/\/hoycordobaweb.com\/index.php\/wp-json\/wp\/v2\/media\/79606"}],"wp:attachment":[{"href":"http:\/\/hoycordobaweb.com\/index.php\/wp-json\/wp\/v2\/media?parent=79605"}],"wp:term":[{"taxonomy":"category","embeddable":true,"href":"http:\/\/hoycordobaweb.com\/index.php\/wp-json\/wp\/v2\/categories?post=79605"},{"taxonomy":"post_tag","embeddable":true,"href":"http:\/\/hoycordobaweb.com\/index.php\/wp-json\/wp\/v2\/tags?post=79605"}],"curies":[{"name":"wp","href":"https:\/\/api.w.org\/{rel}","templated":true}]}}