{"id":79597,"date":"2024-06-28T01:23:45","date_gmt":"2024-06-28T01:23:45","guid":{"rendered":"https:\/\/www.ole.com.ar\/seleccion\/interesado-di-maria-besiktas-turquia_0_bTPQc7kEPR.html"},"modified":"2024-06-28T01:23:45","modified_gmt":"2024-06-28T01:23:45","slug":"otro-interesado-en-di-maria","status":"publish","type":"post","link":"http:\/\/hoycordobaweb.com\/index.php\/2024\/06\/28\/otro-interesado-en-di-maria\/","title":{"rendered":"Otro interesado en Di Mar\u00eda"},"content":{"rendered":"<p><img src=\"http:\/\/hoycordobaweb.com\/wp-content\/uploads\/2024\/06\/otro-interesado-en-di-maria.jpg\"><\/p>\n<div><img src=\"http:\/\/hoycordobaweb.com\/wp-content\/uploads\/2024\/06\/otro-interesado-en-di-maria.jpg\" class=\"ff-og-image-inserted\"><\/div>\n<div readability=\"7.7543252595156\">\n<p><a href=\"https:\/\/www.ole.com.ar\/tema\/angel-di-maria.html\" title=\"Angel DI Mar\u00eda\" alt=\"Angel DI Mar\u00eda\" class=\"slug\">\u00c1ngel Di Mar\u00eda<\/a> tiene definido su futuro con la <a href=\"https:\/\/www.ole.com.ar\/tema\/seleccion-argentina.html\" title=\"Selecci\u00f3n Argentina\" alt=\"Selecci\u00f3n Argentina\" class=\"slug\">Selecci\u00f3n<\/a>: la Copa Am\u00e9rica ser\u00e1 su \u00faltima prestaci\u00f3n para la Albiceleste. Pero el auto de goles claves en las tres finales que gan\u00f3 el equipo de <a href=\"https:\/\/www.ole.com.ar\/tema\/lionel-scaloni.html\" title=\"Lionel Scaloni\" alt=\"Lionel Scaloni\" class=\"slug\">Lionel Scaloni<\/a> debe resolver el club en el que jugar\u00e1 a partir de la pr\u00f3xima temporada. <\/p>\n<\/div>\n<div readability=\"16\">\n<p>Se sabe que tiene la chance de renovar con el Benfica. Tambi\u00e9n, la propuesta de volver a su primer amor, Rosario Central. <strong>Y surgi\u00f3 otra chance: el Besiktas de Turqu\u00eda. <\/strong>La informaci\u00f3n revelada por el sitio Fanatik, referente de la prensa deportiva de ese pa\u00eds, indica que el ex futbolista norteamericano Brad Friedel, asesor de la dirigencia, tuvo una conversaci\u00f3n con el Fideo para acercarle una propuesta.<\/p>\n<\/div>\n<div readability=\"10\">\n<p>El Besiktas acaba de incorporar al portugu\u00e9s Rafa Silva, delantero que qued\u00f3 libre del Benfica. El entrenador es el neerland\u00e9s Giovanni van Bronckhorst y el equipo est\u00e1 clasificado para la Europa League para la pr\u00f3xima temporada. <\/p>\n<\/div>\n<div readability=\"11.444444444444\">\n<p>La incorporaci\u00f3n de Di Mar\u00eda al Canalla estaba acordada hasta que la duda se instal\u00f3 por <a href=\"https:\/\/www.ole.com.ar\/seleccion\/dimaria-futuro-copaamerica_0_0aidXTwtZd.html\" target=\"_self\" title=\"una serie de amenazas contra el futbolista\" alt=\"una serie de amenazas contra el futbolista\" rel=\"noopener noreferrer\">una serie de amenazas contra el futbolista<\/a> si proced\u00eda se esa manera. De todas maneras, hay que tener claro que el Fideo est\u00e1 con la cabeza en la Copa Am\u00e9rica y que<strong> no resolvi\u00f3 su futuro.<\/strong> Aunque, por supuesto, tener una nueva posibilidad es algo positivo. <\/p>\n<\/div>\n","protected":false},"excerpt":{"rendered":"<p>\u00c1ngel Di Mar\u00eda tiene definido su futuro con la Selecci\u00f3n: la Copa Am\u00e9rica ser\u00e1 su \u00faltima prestaci\u00f3n para la Albiceleste. Pero el auto de goles claves en las tres finales que gan\u00f3 el equipo de Lionel Scaloni debe resolver el club en el que jugar\u00e1 a partir de la pr\u00f3xima temporada. Se sabe que tiene [&hellip;]<\/p>\n","protected":false},"author":1,"featured_media":79598,"comment_status":"open","ping_status":"closed","sticky":false,"template":"","format":"standard","meta":[],"categories":[16],"tags":[],"_links":{"self":[{"href":"http:\/\/hoycordobaweb.com\/index.php\/wp-json\/wp\/v2\/posts\/79597"}],"collection":[{"href":"http:\/\/hoycordobaweb.com\/index.php\/wp-json\/wp\/v2\/posts"}],"about":[{"href":"http:\/\/hoycordobaweb.com\/index.php\/wp-json\/wp\/v2\/types\/post"}],"author":[{"embeddable":true,"href":"http:\/\/hoycordobaweb.com\/index.php\/wp-json\/wp\/v2\/users\/1"}],"replies":[{"embeddable":true,"href":"http:\/\/hoycordobaweb.com\/index.php\/wp-json\/wp\/v2\/comments?post=79597"}],"version-history":[{"count":0,"href":"http:\/\/hoycordobaweb.com\/index.php\/wp-json\/wp\/v2\/posts\/79597\/revisions"}],"wp:featuredmedia":[{"embeddable":true,"href":"http:\/\/hoycordobaweb.com\/index.php\/wp-json\/wp\/v2\/media\/79598"}],"wp:attachment":[{"href":"http:\/\/hoycordobaweb.com\/index.php\/wp-json\/wp\/v2\/media?parent=79597"}],"wp:term":[{"taxonomy":"category","embeddable":true,"href":"http:\/\/hoycordobaweb.com\/index.php\/wp-json\/wp\/v2\/categories?post=79597"},{"taxonomy":"post_tag","embeddable":true,"href":"http:\/\/hoycordobaweb.com\/index.php\/wp-json\/wp\/v2\/tags?post=79597"}],"curies":[{"name":"wp","href":"https:\/\/api.w.org\/{rel}","templated":true}]}}