{"id":79595,"date":"2024-06-28T01:56:32","date_gmt":"2024-06-28T01:56:32","guid":{"rendered":"https:\/\/www.ole.com.ar\/maradona\/tierna-imagen-hijos-maradona-dalma-gianinnaa_0_FVE0gA0w0u.html"},"modified":"2024-06-28T01:56:32","modified_gmt":"2024-06-28T01:56:32","slug":"la-tierna-imagen-de-tres-hijos-de-maradona","status":"publish","type":"post","link":"http:\/\/hoycordobaweb.com\/index.php\/2024\/06\/28\/la-tierna-imagen-de-tres-hijos-de-maradona\/","title":{"rendered":"La tierna imagen de tres hijos de Maradona"},"content":{"rendered":"<p><img src=\"http:\/\/hoycordobaweb.com\/wp-content\/uploads\/2024\/06\/la-tierna-imagen-de-tres-hijos-de-maradona.jpg\"><\/p>\n<p><time class=\"createDate\" datetime=\"2024-06-27T22:56:32-03:00\">28\/06\/2024 01:56hs.<\/time><\/p>\n<div id=\"storyBody\">\n<div class=\"custom-text \" readability=\"28.706319702602\">\n<p><a href=\"https:\/\/www.ole.com.ar\/tema\/dalma-maradona.html\" title=\"Dalma Maradona\" alt=\"Dalma Maradona\" class=\"slug\">Dalma <\/a>y <a href=\"https:\/\/www.ole.com.ar\/tema\/gianinna-maradona.html\" title=\"Gianinna Maradona\" alt=\"Gianinna Maradona\" class=\"slug\">Gianinna<\/a>, las dos hijas que <strong><a href=\"https:\/\/www.ole.com.ar\/tema\/diego-maradona.html\" title=\"Diego Maradona\" alt=\"Diego Maradona\" class=\"slug\">Diego Maradona<\/a><\/strong> tuvo de su relaci\u00f3n con Claudia Villafa\u00f1e, ya conoc\u00edan a Diego Fernando, el medio hermano por la pareja de Ver\u00f3nica Ojeda. De hecho, estuvieron juntos en el lanzamiento <a href=\"https:\/\/www.ole.com.ar\/maradona\/juntaron-hijos-maradona_0_KRYRbPCNbB.html\" target=\"_self\" title=\"de un museo en homenaje al Diez, en N\u00e1poles\" alt=\"de un museo en homenaje al Diez, en N\u00e1poles\" rel=\"noopener noreferrer\">de un museo en homenaje al Diez, en N\u00e1poles<\/a>. <\/p>\n<\/div>\n<div class=\"custom-text \" readability=\"36\">\n<p>De todas maneras, esta semana se difundi\u00f3 una imagen de las dos chicas con Dieguito en un sof\u00e1. La poste\u00f3 Ojeda en su Instagram, y esto no puede ser un detalle porque la mam\u00e1 hab\u00eda tenido muchos cruces medi\u00e1ticos con Villafa\u00f1e.<\/p>\n<\/div>\n<div class=\"sc-e7b891c4-0 jPbnQF\"><img alt=\"Gianinna, Diego Fernando y Dalma Maradona.\" src=\"http:\/\/hoycordobaweb.com\/wp-content\/uploads\/2024\/06\/la-tierna-imagen-de-tres-hijos-de-maradona-2.jpg\" width=\"720\" height=\"100\" decoding=\"async\" data-nimg=\"future\" loading=\"lazy\"><span class=\"epigraphe\">Gianinna, Diego Fernando y Dalma Maradona.<\/span><\/div>\n<div class=\"custom-text \" readability=\"40\">\n<p>Dalma, entrevistada por el periodista \u00c1ngel de Brito, hab\u00eda explicado: \u00abObviamente, voy a aceptar la decisi\u00f3n de Ver\u00f3nica, que es la mam\u00e1, pero si \u00e9l se manifiesta que nos quiere ver, ella no se opone. Ahora elegimos poner como prioridad a Dieguito. Todos vamos a querer lo mejor para \u00e9l\u00bb.<\/p>\n<\/div>\n<div class=\"custom-text \" readability=\"33\">\n<p>La imagen fue reposteada por Gianinna, en una demostraci\u00f3n de la buena onda. <\/p>\n<\/div>\n<div class=\"custom-text \" readability=\"42\">\n<p>Los tres m\u00e1s Diego Armando y Jana, herederos del padre seg\u00fan la Justicia, se reunir\u00e1n para homenajear a Diego en el Tango D10S Fan Fest, en Miami. En ese acto hay ex compa\u00f1eros de Diego que est\u00e1n entre los invitados, como Oscar Ruggeri, Ricardo Bochini y Ariel Ortega. Se espera que Villafa\u00f1e y Ojeda tambi\u00e9n est\u00e9, como Valeria Sabalain, la madre de Jana.<\/p>\n<\/div>\n<div class=\"sc-e7b891c4-0 jPbnQF\"><img alt=\"Diego Armando, Jana, Diego Fernando, Gianinna y Dalma Maradona juntos en la exposici\u00f3n en N\u00e1poles.\" src=\"http:\/\/hoycordobaweb.com\/wp-content\/uploads\/2024\/06\/la-tierna-imagen-de-tres-hijos-de-maradona-3.jpg\" width=\"720\" height=\"100\" decoding=\"async\" data-nimg=\"future\" loading=\"lazy\"><span class=\"epigraphe\">Diego Armando, Jana, Diego Fernando, Gianinna y Dalma Maradona juntos en la exposici\u00f3n en N\u00e1poles.<\/span><\/div>\n<div class=\"sc-e7b891c4-0 jPbnQF\"><img alt=\"Dalma, Gianinna, Dieguito y Jana en la presentaci\u00f3n de M10 Memorial. Diego Jr. sigui\u00f3 la ceremonia desde N\u00e1poles. (Instagram: m10memorial)\" src=\"http:\/\/hoycordobaweb.com\/wp-content\/uploads\/2024\/06\/la-tierna-imagen-de-tres-hijos-de-maradona-4.jpg\" width=\"720\" height=\"100\" decoding=\"async\" data-nimg=\"future\" loading=\"lazy\"><span class=\"epigraphe\">Dalma, Gianinna, Dieguito y Jana en la presentaci\u00f3n de M10 Memorial. Diego Jr. sigui\u00f3 la ceremonia desde N\u00e1poles. (Instagram: m10memorial)<\/span><\/div>\n<div class=\"sc-a7166897-0 exHLBh\" readability=\"6\">\n<section readability=\"2\"><picture><img alt=\"Fluminense perdi\u00f3 de local contra un rival directo y sigue en descenso\" src=\"http:\/\/hoycordobaweb.com\/wp-content\/uploads\/2024\/06\/la-tierna-imagen-de-tres-hijos-de-maradona-5.jpg\" width=\"290\" height=\"290\" decoding=\"async\" data-nimg=\"future\" loading=\"lazy\"><\/picture>\n<p><span>Mir\u00e1 tambi\u00e9n<\/span><\/p>\n<hr>\n<h3>Fluminense perdi\u00f3 de local contra un rival directo y sigue en descenso<\/h3>\n<\/p>\n<\/section>\n<\/div>\n<div class=\"sc-a7166897-0 exHLBh\" readability=\"7\">\n<section readability=\"4\"><picture><img alt=\"Copa Am\u00e9rica: Uruguay gole\u00f3 y tiene un pie y medio en cuartos, donde ya est\u00e1n Argentina y Venezuela\" src=\"http:\/\/hoycordobaweb.com\/wp-content\/uploads\/2024\/06\/la-tierna-imagen-de-tres-hijos-de-maradona-6.jpg\" width=\"290\" height=\"290\" decoding=\"async\" data-nimg=\"future\" loading=\"lazy\"><\/picture>\n<p><span>Mir\u00e1 tambi\u00e9n<\/span><\/p>\n<hr>\n<h3>Copa Am\u00e9rica: Uruguay gole\u00f3 y tiene un pie y medio en cuartos, donde ya est\u00e1n Argentina y Venezuela<\/h3>\n<\/p>\n<\/section>\n<\/div>\n<\/div>\n","protected":false},"excerpt":{"rendered":"<p>28\/06\/2024 01:56hs. Dalma y Gianinna, las dos hijas que Diego Maradona tuvo de su relaci\u00f3n con Claudia Villafa\u00f1e, ya conoc\u00edan a Diego Fernando, el medio hermano por la pareja de Ver\u00f3nica Ojeda. De hecho, estuvieron juntos en el lanzamiento de un museo en homenaje al Diez, en N\u00e1poles. De todas maneras, esta semana se difundi\u00f3 [&hellip;]<\/p>\n","protected":false},"author":1,"featured_media":79596,"comment_status":"open","ping_status":"closed","sticky":false,"template":"","format":"standard","meta":[],"categories":[16],"tags":[],"_links":{"self":[{"href":"http:\/\/hoycordobaweb.com\/index.php\/wp-json\/wp\/v2\/posts\/79595"}],"collection":[{"href":"http:\/\/hoycordobaweb.com\/index.php\/wp-json\/wp\/v2\/posts"}],"about":[{"href":"http:\/\/hoycordobaweb.com\/index.php\/wp-json\/wp\/v2\/types\/post"}],"author":[{"embeddable":true,"href":"http:\/\/hoycordobaweb.com\/index.php\/wp-json\/wp\/v2\/users\/1"}],"replies":[{"embeddable":true,"href":"http:\/\/hoycordobaweb.com\/index.php\/wp-json\/wp\/v2\/comments?post=79595"}],"version-history":[{"count":0,"href":"http:\/\/hoycordobaweb.com\/index.php\/wp-json\/wp\/v2\/posts\/79595\/revisions"}],"wp:featuredmedia":[{"embeddable":true,"href":"http:\/\/hoycordobaweb.com\/index.php\/wp-json\/wp\/v2\/media\/79596"}],"wp:attachment":[{"href":"http:\/\/hoycordobaweb.com\/index.php\/wp-json\/wp\/v2\/media?parent=79595"}],"wp:term":[{"taxonomy":"category","embeddable":true,"href":"http:\/\/hoycordobaweb.com\/index.php\/wp-json\/wp\/v2\/categories?post=79595"},{"taxonomy":"post_tag","embeddable":true,"href":"http:\/\/hoycordobaweb.com\/index.php\/wp-json\/wp\/v2\/tags?post=79595"}],"curies":[{"name":"wp","href":"https:\/\/api.w.org\/{rel}","templated":true}]}}