{"id":79571,"date":"2024-06-19T12:04:26","date_gmt":"2024-06-19T12:04:26","guid":{"rendered":"https:\/\/ambiente.cba.gov.ar\/?p=23469"},"modified":"2024-06-19T12:04:26","modified_gmt":"2024-06-19T12:04:26","slug":"ambiente-entrego-maquinaria-para-fortalecer-la-economia-circular-en-morteros","status":"publish","type":"post","link":"http:\/\/hoycordobaweb.com\/index.php\/2024\/06\/19\/ambiente-entrego-maquinaria-para-fortalecer-la-economia-circular-en-morteros\/","title":{"rendered":"Ambiente entreg\u00f3 maquinaria para fortalecer la econom\u00eda circular en Morteros"},"content":{"rendered":"<div><img src=\"http:\/\/hoycordobaweb.com\/wp-content\/uploads\/2024\/06\/ambiente-entrego-maquinaria-para-fortalecer-la-economia-circular-en-morteros.jpg\" class=\"ff-og-image-inserted\"><\/div>\n<ul class=\" eplus-wrapper eplus-styles-uid-9b6607\">\n<li class=\" eplus-wrapper\"><strong>Se trata de una prensa hidr\u00e1ulica que se destin\u00f3 al Centro de Acopio de la localidad.<\/strong><\/li>\n<li class=\" eplus-wrapper\"><strong>El equipamiento potencia el proceso de reciclaje y mejora las condiciones de trabajo de los recuperadores urbanos.<\/strong><\/li>\n<\/ul>\n<p class=\" eplus-wrapper\">La ministra de Ambiente y Econom\u00eda Circular de la provincia de C\u00f3rdoba, Victoria Flores, entreg\u00f3 al municipio de Morteros una prensa hidr\u00e1ulica para fortalecer la gesti\u00f3n integral de residuos s\u00f3lidos de la ciudad.<\/p>\n<p class=\" eplus-wrapper\">La maquinaria se destin\u00f3 al Centro de Acopio, y permitir\u00e1&nbsp;<strong>mejorar la tarea diaria de recuperadores urbanos y potenciar el modelo de econom\u00eda circular,&nbsp;<\/strong>ya que se utiliza<strong>&nbsp;<\/strong>para compactar distintos materiales como envases PET, papel, cart\u00f3n, pl\u00e1sticos, latas y aluminio, para su posterior tratamiento y venta.<\/p>\n<p class=\" eplus-wrapper\">Esta acci\u00f3n se suma a la<a href=\"https:\/\/ambiente.cba.gov.ar\/rio-segundo-ambiente-entrego-maquinaria-para-la-gestion-integral-de-residuos\/\">&nbsp;entrega de una prensa que se realiz\u00f3 en Rio Segundo<\/a>, como parte de un plan m\u00e1s amplio que lleva adelante la cartera ambiental, desde la Secretar\u00eda de Econom\u00eda Circular y Empleo Verde, para impulsar este modelo productivo en todo el territorio provincial.<\/p>\n<p class=\" eplus-wrapper\">Al respecto, la ministra celebr\u00f3 el compromiso de la ciudad con la gesti\u00f3n eficiente e integral de los residuos en vistas del cuidado del ambiente. En ese sentido, resalt\u00f3 la importancia de \u201c<em>promover la educaci\u00f3n ambiental y la participaci\u00f3n ciudadana, porque nos va a permitir sostener y avanzar en la implementaci\u00f3n de pol\u00edticas ambientales sostenibles\u201d<\/em>.<\/p>\n<p class=\" eplus-wrapper\">La agenda de trabajo tambi\u00e9n incluy\u00f3 una capacitaci\u00f3n que se llev\u00f3 a cabo en el mismo Centro de Acopio e incluy\u00f3 contenidos en relaci\u00f3n a la gesti\u00f3n integral de residuos s\u00f3lidos urbanos, y la importancia de la separaci\u00f3n en origen.<\/p>\n<p class=\" eplus-wrapper\">La funcionaria estuvo acompa\u00f1ada por el secretario de Econom\u00eda Circular y Empleo Verde, Nicol\u00e1s Vottero y el equipo de trabajo perteneciente a esta secretar\u00eda.<\/p>\n<p class=\" eplus-wrapper\"><strong>\u00c1reas Naturales Protegidas<\/strong><\/p>\n<p class=\" eplus-wrapper\">Durante la jornada, la delegaci\u00f3n visit\u00f3 la Reserva de Uso M\u00faltiple Ba\u00f1ados del R\u00edo Dulce y Laguna Mar de Ansenuza.<\/p>\n<p class=\" eplus-wrapper\">La ministra dialog\u00f3 con el equipo de guardaparques sobre las estrategias necesarias para seguir avanzando en la creaci\u00f3n del Corredor Recreativo Natural, que unir\u00e1 las \u00c1reas Naturales Protegidas del norte, noreste y noroeste de la provincia de C\u00f3rdoba.<\/p>\n","protected":false},"excerpt":{"rendered":"<p>Se trata de una prensa hidr\u00e1ulica que se destin\u00f3 al Centro de Acopio de la localidad. El equipamiento potencia el proceso de reciclaje y mejora las condiciones de trabajo de los recuperadores urbanos. La ministra de Ambiente y Econom\u00eda Circular de la provincia de C\u00f3rdoba, Victoria Flores, entreg\u00f3 al municipio de Morteros una prensa hidr\u00e1ulica [&hellip;]<\/p>\n","protected":false},"author":1,"featured_media":79572,"comment_status":"closed","ping_status":"closed","sticky":false,"template":"","format":"standard","meta":[],"categories":[2,19],"tags":[],"_links":{"self":[{"href":"http:\/\/hoycordobaweb.com\/index.php\/wp-json\/wp\/v2\/posts\/79571"}],"collection":[{"href":"http:\/\/hoycordobaweb.com\/index.php\/wp-json\/wp\/v2\/posts"}],"about":[{"href":"http:\/\/hoycordobaweb.com\/index.php\/wp-json\/wp\/v2\/types\/post"}],"author":[{"embeddable":true,"href":"http:\/\/hoycordobaweb.com\/index.php\/wp-json\/wp\/v2\/users\/1"}],"replies":[{"embeddable":true,"href":"http:\/\/hoycordobaweb.com\/index.php\/wp-json\/wp\/v2\/comments?post=79571"}],"version-history":[{"count":0,"href":"http:\/\/hoycordobaweb.com\/index.php\/wp-json\/wp\/v2\/posts\/79571\/revisions"}],"wp:featuredmedia":[{"embeddable":true,"href":"http:\/\/hoycordobaweb.com\/index.php\/wp-json\/wp\/v2\/media\/79572"}],"wp:attachment":[{"href":"http:\/\/hoycordobaweb.com\/index.php\/wp-json\/wp\/v2\/media?parent=79571"}],"wp:term":[{"taxonomy":"category","embeddable":true,"href":"http:\/\/hoycordobaweb.com\/index.php\/wp-json\/wp\/v2\/categories?post=79571"},{"taxonomy":"post_tag","embeddable":true,"href":"http:\/\/hoycordobaweb.com\/index.php\/wp-json\/wp\/v2\/tags?post=79571"}],"curies":[{"name":"wp","href":"https:\/\/api.w.org\/{rel}","templated":true}]}}