{"id":79559,"date":"2024-06-27T13:05:12","date_gmt":"2024-06-27T13:05:12","guid":{"rendered":"https:\/\/www.mujerhoy.com\/moda\/no-te-pierdas\/teresa-urquijo-vestidas-invitada-boho-pija-perfecta-inspiracion-20240627133535-nt.html"},"modified":"2024-06-27T13:05:12","modified_gmt":"2024-06-27T13:05:12","slug":"teresa-urquijo-y-sus-vestidos-de-invitada-de-inspiracion-boho-y-pija-que-amaras-si-buscas-elegancia-naturalidad-y-austeridad","status":"publish","type":"post","link":"http:\/\/hoycordobaweb.com\/index.php\/2024\/06\/27\/teresa-urquijo-y-sus-vestidos-de-invitada-de-inspiracion-boho-y-pija-que-amaras-si-buscas-elegancia-naturalidad-y-austeridad\/","title":{"rendered":"Teresa Urquijo y sus vestidos de invitada de inspiraci\u00f3n boho y pija que amar\u00e1s si buscas elegancia, naturalidad y austeridad"},"content":{"rendered":"<p><!-- AUTHOR --> <\/p>\n<div class=\"voc-author-timesocial \"> <!-- AUTHOR --> <\/p>\n<div class=\"voc-author-timesocial__signature \">\n<div class=\"voc-author-timesocial__img-c\"> <!-- IMAGE AUTHOR --> <picture class=\"voc-image-signature\"> <img class=\"voc-image-signature__img\" src=\"http:\/\/hoycordobaweb.com\/wp-content\/uploads\/2024\/06\/teresa-urquijo-y-sus-vestidos-de-invitada-de-inspiracion-boho-y-pija-que-amaras-si-buscas-elegancia-naturalidad-y-austeridad.png\" alt=\"Lidia A. Costa\"> <\/picture> <\/div>\n<p> <!-- INFO AUTHOR --> <\/div><\/div>\n<p> <!-- COMPONENTS --> <\/p>\n<p class=\"voc-paragraph\">Teresa Urquijo, arist\u00f3crata de 27 a\u00f1os, era una perfecta desconocida para el com\u00fan de los mortales hasta hace apenas un a\u00f1o. Y hoy, <a data-voc-vtm-id=\"in-text-traffic\" href=\"https:\/\/www.mujerhoy.com\/celebrities\/realeza\/boda-almeida-alcalde-madrid-teresa-urquijo-criticas-looks-beso-novia-familia-real-20240407083559-nt.html\">tras su boda con el alcalde de Madrid<\/a>, es ya un ejemplo de elegancia para muchas mujeres que admiran su forma de vestir. <\/p>\n<p class=\"voc-paragraph\">Aunque se prodiga poco en p\u00fablico, la experta analista financiera acompa\u00f1a a su marido en algunos de los actos propios de su cargo, y siempre se lleva halagos por sus looks. \u00bfAlgo en com\u00fan entre todos ellos? El <strong>aire bohemio y pijo<\/strong> que comparte y que ya ha creado escuela de fans.\n<\/p>\n<p class=\"voc-paragraph\">La joven, que est\u00e1 emparentada con el rey don Juan Carlos y es muy amiga de <a data-voc-vtm-id=\"in-text-traffic\" href=\"https:\/\/www.mujerhoy.com\/temas\/personajes\/victoria-federica-de-marichalar-y-borbon.html\">Victoria Federica<\/a> y de su prima e \u00edntima <a data-voc-vtm-id=\"in-text-traffic\" href=\"https:\/\/www.mujerhoy.com\/moda\/no-te-pierdas\/victoria-lopez-quesada-look-vestido-flecos-invitada-boda-almeida-20240407184718-nt.html\">Victoria L\u00f3pez-Quesada<\/a>, protagoniza mejor que nadie ese estilo siempre acertado, con vestidos de estampados y siluetas boho y accesorios especiales que muchas j\u00f3venes \u2013y no tan j\u00f3venes\u2013 imitan. <\/p>\n<p><h3 class=\"voc-detail__title\"> El estilo de Teresa Urquijo: prints bohemios, pendientes y siluetas amplias y austeras<br \/>\n<\/h3>\n<\/p>\n<p class=\"voc-paragraph\">La joven arist\u00f3crata, que tiene 27 a\u00f1os, destaca por su estilo discreto y natural. Y sin estridencias. Adora los estampados de colores, y para los accesorios suele decantarse por dise\u00f1os m\u00e1s sencillos y monocolor. Coincide con muchas otras \u00abni\u00f1as bien\u00bb de la alta sociedad en <strong>sus claves estil\u00edsticas<\/strong>. Y en el caso de Urquijo son b\u00e1sicamente las siluetas austeras \u2013nada sexys y muy elegantes\u2013, amplias y aderezadas con accesorios como los cinturones dorados o los grandes pendientes para regalarles una dosis de sofisticaci\u00f3n muy escasa pero perfecta para ella. <\/p>\n<div class=\"voc-detail__cmp\">\n<div class=\"voc-article-container\">\n<article class=\"voc-article voc-article--cmp-photo-text\" readability=\"26\">\n<div class=\"voc-img-container\" readability=\"7\"> <picture>\n<div class=\"voc-horizontal voc-img-icon-link\"> <img loading=\"lazy\" src=\"http:\/\/hoycordobaweb.com\/wp-content\/uploads\/2024\/06\/teresa-urquijo-y-sus-vestidos-de-invitada-de-inspiracion-boho-y-pija-que-amaras-si-buscas-elegancia-naturalidad-y-austeridad.webp\" alt=\"Teresa Urquijo con un vestido estampado azul. \" width=\"624\" height=\"624\"> <\/div>\n<\/picture>\n<p class=\"figure-caption \"> Teresa Urquijo con un vestido estampado azul. \/ <span class=\"voc-photo-author\"> GTRES <\/span> <\/p>\n<\/p><\/div>\n<\/article><\/div>\n<\/div>\n<p class=\"voc-paragraph\">La esposa del alcalde de Madrid Jos\u00e9 Luis Mart\u00ednez-Almeida, con quien se cas\u00f3 el pasado 6 de abril en una boda que super\u00f3 todas las expectativas, ya demostr\u00f3 en su enlace que es una joven que adora la elegancia, la sencillez y la austeridad m\u00e1xima a la hora de vestir. <\/p>\n<p class=\"voc-paragraph\"><a data-voc-vtm-id=\"in-text-traffic\" href=\"https:\/\/www.mujerhoy.com\/moda\/no-te-pierdas\/vestido-novia-teresa-urquijo-royal-regio-boda-almeida-20240406121741-nt.html\">Su comentado look nupcial<\/a>, que fue una actualizaci\u00f3n del vestido que llevaron su madre y su abuela realizada por el taller madrile\u00f1o Navascu\u00e9s \u2013uno de los preferidos de las novias de la alta sociedad y la aristocracia\u2013 represent\u00f3 la quintaesencia del estilo de la joven. Largo hasta los pies, tambi\u00e9n con manga larga, cuello alto, contaba tambi\u00e9n con la abertura m\u00ednima en la falda para poder caminar y bailar. Por cierto, \u00bfc\u00f3mo olvidar ese <a data-voc-vtm-id=\"in-text-traffic\" href=\"https:\/\/www.mujerhoy.com\/actualidad\/baile-almeida-boda-chotis-teresa-urquijo-video-viral-20240407113331-nt.html\">chotis que protagoniz\u00f3 con Mart\u00ednez-Almeida<\/a> y que se hizo viral\u2026?. <\/p>\n<p class=\"voc-paragraph\">Teresa Urquijo hizo una declaraci\u00f3n total de intenciones el mismo d\u00eda de su boda: se viste para ella misma, no sigue las tendencias, tiende al clasicismo y opta siempre por la sencillez y la naturalidad. Adem\u00e1s, <strong>no es especialmente fan de los \u00abjoyones\u00bb<\/strong>, y llama poderosamente la atenci\u00f3n un detalle muy original que dice mucho de su naturalidad y estilo sin artificios: suele llevar siempre un reloj con llamativa correa de color rojo, incluso con estos looks de invitada que luce en citas especiales como los toros u otros eventos destacados. <\/p>\n<div class=\"voc-detail__cmp\">\n<div class=\"voc-article-container\">\n<article class=\"voc-article voc-article--cmp-photo-text\" readability=\"33.5\">\n<div class=\"voc-img-container\" readability=\"22\"> <picture>\n<div class=\"voc-horizontal voc-img-icon-link\"> <img loading=\"lazy\" src=\"http:\/\/hoycordobaweb.com\/wp-content\/uploads\/2024\/06\/teresa-urquijo-y-sus-vestidos-de-invitada-de-inspiracion-boho-y-pija-que-amaras-si-buscas-elegancia-naturalidad-y-austeridad-1.webp\" alt=\"Vestido con escote redondo, de BABBAKI (129 \u20ac). Pendientes largos con flor en resina, de PARFOIS (25, 99 \u20ac). Anillo con circonitas, de CAINT\u00c8 (75 \u20ac). Vestido corto amplio, con volante, de SFERA (35, 99 \u20ac). Zapato destalonado con adorno de hebilla en el empeine, de HISPANITAS (119, 90 \u20ac). Bolso Constanza, en piel grabada, de PHIALEBEL (395 \u20ac). Zapato Greta destalonado con puntera afilada y detalle de minihebilla, de MASCAR\u00d3 (229 \u20ac). \" width=\"624\" height=\"624\"> <\/div>\n<\/picture>\n<p class=\"figure-caption \"> Vestido con escote redondo, de BABBAKI (129 \u20ac). Pendientes largos con flor en resina, de PARFOIS (25, 99 \u20ac). Anillo con circonitas, de CAINT\u00c8 (75 \u20ac). Vestido corto amplio, con volante, de SFERA (35, 99 \u20ac). Zapato destalonado con adorno de hebilla en el empeine, de HISPANITAS (119, 90 \u20ac). Bolso Constanza, en piel grabada, de PHIALEBEL (395 \u20ac). Zapato Greta destalonado con puntera afilada y detalle de minihebilla, de MASCAR\u00d3 (229 \u20ac). \/ <span class=\"voc-photo-author\"> mujerhoy <\/span> <\/p>\n<\/p><\/div>\n<\/article><\/div>\n<\/div>\n<p class=\"voc-paragraph\">Y lo combina sin miedo con pendientes grandes y llamativos con borlas y flores de hilo o cinturones met\u00e1licos. Adem\u00e1s, recordemos que pertenece a dos familias arist\u00f3cratas y que, por eso, <strong>podr\u00eda haber llevado tiara a su boda<\/strong>, como han hecho la mayor\u00eda de sus primas. Pero ella renunci\u00f3 a este tipo de joyas familiares decant\u00e1ndose por un look nupcial en el que reinaba la naturalidad, la sencillez y la austeridad. Totalmente fiel a ella misma.\n<\/p>\n<p><h3 class=\"voc-detail__title\"> Teresa Urquijo y su look ic\u00f3nico para acertar: versiones \u00abrefinadas\u00bb del caft\u00e1n y chales<br \/>\n<\/h3>\n<\/p>\n<p class=\"voc-paragraph\">La joven analista comparte con su marido muchas aficiones, entre ellas los toros. Y ha sido en eventos de tipo taurino donde m\u00e1s se la ha visto en las \u00faltimas semanas luciendo estilismos que llaman la atenci\u00f3n por su sencillez a la vez que destacan por <strong>su colorido y estampado<\/strong>. A estas alturas ya podemos confirmar que Urquijo adora los vestidos, sobre todo los que se inspiran en la silueta y estampados de los caftanes. Con manga larga o corta, es asidua a firmas como Scalpers o Byan, ambas firmas fectiche entre las pijas con m\u00e1s estilo. <\/p>\n<div class=\"voc-detail__cmp\">\n<div class=\"voc-article-container\">\n<article class=\"voc-article voc-article--cmp-photo-text\" readability=\"26\">\n<div class=\"voc-img-container\" readability=\"7\"> <picture>\n<div class=\"voc-horizontal voc-img-icon-link\"> <img loading=\"lazy\" src=\"http:\/\/hoycordobaweb.com\/wp-content\/uploads\/2024\/06\/teresa-urquijo-y-sus-vestidos-de-invitada-de-inspiracion-boho-y-pija-que-amaras-si-buscas-elegancia-naturalidad-y-austeridad-2.webp\" alt=\"Teresa Urqujo con un vestido boho-chic. \" width=\"624\" height=\"624\"> <\/div>\n<\/picture>\n<p class=\"figure-caption \"> Teresa Urqujo con un vestido boho-chic. \/ <span class=\"voc-photo-author\"> GTRES <\/span> <\/p>\n<\/p><\/div>\n<\/article><\/div>\n<\/div>\n<p class=\"voc-paragraph\">Tambi\u00e9n hemos podido verla con trajes de chaqueta y pantal\u00f3n, una opci\u00f3n que luci\u00f3 en el pasado Masters de Tenis de Madrid y que combin\u00f3 <a data-voc-vtm-id=\"in-text-traffic\" href=\"https:\/\/www.mujerhoy.com\/moda\/no-te-pierdas\/reina-letizia-zapatillas-comodas-elegantes-20240510004846-nt.html\">con zapatillas, al \u00abestilo Letizia\u00bb<\/a>. De igual modo, alguna ocasi\u00f3n se ha decantado por conjuntos de camisa y pantal\u00f3n tipo pijamero y con los mismos prints bohemio que lleva en sus caracter\u00edsticos vestidos. <\/p>\n<p class=\"voc-paragraph\">Y un detalle curioso es que Urquijo suele recurrir al cl\u00e1sico chal para cubrirse en vez de optar por formas de abrigarse m\u00e1s fashion y tendencia, a la vez que actuales, como las blazers o los trechs. Pero lo cierto es que si tuvi\u00e9ramos que escoger una pieza ic\u00f3nica en su armario sin duda ser\u00eda <strong>el vestido de inspiraci\u00f3n camisero<\/strong>, con botones frontales, o caft\u00e1n en versi\u00f3n refinada, eso s\u00ed. <\/p>\n<div class=\"voc-detail__cmp\">\n<div class=\"voc-article-container\">\n<article class=\"voc-article voc-article--cmp-photo-text\" readability=\"33.5\">\n<div class=\"voc-img-container\" readability=\"22\"> <picture>\n<div class=\"voc-horizontal voc-img-icon-link\"> <img loading=\"lazy\" src=\"http:\/\/hoycordobaweb.com\/wp-content\/uploads\/2024\/06\/teresa-urquijo-y-sus-vestidos-de-invitada-de-inspiracion-boho-y-pija-que-amaras-si-buscas-elegancia-naturalidad-y-austeridad-3.webp\" alt=\"Vestido con cuerpo cruzado, de ZARA (49, 95 \u20ac). Pendientes en lat\u00f3n con acabado en oro, de ACUS (38 \u20ac). Reloj Big Bold Irony, con caja de acero y correa de caucho, de SWATCH (195 \u20ac). Alpargatas Laia, con pulsera al tobillo, de TONi PONS (75 \u20ac). Bolso de mano efecto rafia, de PARFOIS (19, 99 ). Alpargatas en ante bicolor, de MACARENA, 84, 90 \u20ac. \" width=\"624\" height=\"624\"> <\/div>\n<\/picture>\n<p class=\"figure-caption \"> Vestido con cuerpo cruzado, de ZARA (49, 95 \u20ac). Pendientes en lat\u00f3n con acabado en oro, de ACUS (38 \u20ac). Reloj Big Bold Irony, con caja de acero y correa de caucho, de SWATCH (195 \u20ac). Alpargatas Laia, con pulsera al tobillo, de TONi PONS (75 \u20ac). Bolso de mano efecto rafia, de PARFOIS (19, 99 ). Alpargatas en ante bicolor, de MACARENA, 84, 90 \u20ac. \/ <span class=\"voc-photo-author\"> mujerhoy <\/span> <\/p>\n<\/p><\/div>\n<\/article><\/div>\n<\/div>\n<p class=\"voc-paragraph\">Porque como otras j\u00f3venes de la alta sociedad conocidas, Teresa Urquijo es due\u00f1a de un estilo boho pero pijo. Nada de motivos o estampados que remitan en exceso a lo \u00e9tnico o bohemio en exceso. Tanto la mujer del alcalde como otras \u00abni\u00f1as bien\u00bb como Victoria Federica de Marichalar, Sassa de Osma o Bel\u00e9n Corsini son <strong>ejemplos de este estilo relajado y chic<\/strong> pero que huye de las prendas aut\u00f3ctonas. <\/p>\n<p class=\"voc-paragraph\">Nunca las ver\u00edamos con un caft\u00e1n aut\u00e9ntico de Marruecos o de La India, por poner un par de ejemplos. Ellas prefieren recurrir a las firmas que se hacen famosas entre estas j\u00f3venes estilosas y acomodadas inspir\u00e1ndose para sus dise\u00f1os en otras culturas. Pero eso: solo inspir\u00e1ndose. Y lo cierto es que con mucho \u00e9xito. <\/p>\n<p> <!-- TOPICS --> <\/p>\n","protected":false},"excerpt":{"rendered":"<p>Teresa Urquijo, arist\u00f3crata de 27 a\u00f1os, era una perfecta desconocida para el com\u00fan de los mortales hasta hace apenas un a\u00f1o. Y hoy, tras su boda con el alcalde de Madrid, es ya un ejemplo de elegancia para muchas mujeres que admiran su forma de vestir. Aunque se prodiga poco en p\u00fablico, la experta analista [&hellip;]<\/p>\n","protected":false},"author":1,"featured_media":79560,"comment_status":"closed","ping_status":"closed","sticky":false,"template":"","format":"standard","meta":[],"categories":[],"tags":[],"_links":{"self":[{"href":"http:\/\/hoycordobaweb.com\/index.php\/wp-json\/wp\/v2\/posts\/79559"}],"collection":[{"href":"http:\/\/hoycordobaweb.com\/index.php\/wp-json\/wp\/v2\/posts"}],"about":[{"href":"http:\/\/hoycordobaweb.com\/index.php\/wp-json\/wp\/v2\/types\/post"}],"author":[{"embeddable":true,"href":"http:\/\/hoycordobaweb.com\/index.php\/wp-json\/wp\/v2\/users\/1"}],"replies":[{"embeddable":true,"href":"http:\/\/hoycordobaweb.com\/index.php\/wp-json\/wp\/v2\/comments?post=79559"}],"version-history":[{"count":0,"href":"http:\/\/hoycordobaweb.com\/index.php\/wp-json\/wp\/v2\/posts\/79559\/revisions"}],"wp:featuredmedia":[{"embeddable":true,"href":"http:\/\/hoycordobaweb.com\/index.php\/wp-json\/wp\/v2\/media\/79560"}],"wp:attachment":[{"href":"http:\/\/hoycordobaweb.com\/index.php\/wp-json\/wp\/v2\/media?parent=79559"}],"wp:term":[{"taxonomy":"category","embeddable":true,"href":"http:\/\/hoycordobaweb.com\/index.php\/wp-json\/wp\/v2\/categories?post=79559"},{"taxonomy":"post_tag","embeddable":true,"href":"http:\/\/hoycordobaweb.com\/index.php\/wp-json\/wp\/v2\/tags?post=79559"}],"curies":[{"name":"wp","href":"https:\/\/api.w.org\/{rel}","templated":true}]}}