{"id":79555,"date":"2024-06-26T22:49:15","date_gmt":"2024-06-26T22:49:15","guid":{"rendered":"https:\/\/www.ole.com.ar\/futbol-internacional\/insolito-gesto-bruyne-hinchas-belgica-ucrania-eurocopa-capitan_0_j9cgd5DluY.html"},"modified":"2024-06-26T22:49:15","modified_gmt":"2024-06-26T22:49:15","slug":"el-polemico-gesto-de-de-bruyne-contra-sus-hinchas","status":"publish","type":"post","link":"http:\/\/hoycordobaweb.com\/index.php\/2024\/06\/26\/el-polemico-gesto-de-de-bruyne-contra-sus-hinchas\/","title":{"rendered":"El pol\u00e9mico gesto de De Bruyne contra sus hinchas"},"content":{"rendered":"<p><img src=\"http:\/\/hoycordobaweb.com\/wp-content\/uploads\/2024\/06\/el-polemico-gesto-de-de-bruyne-contra-sus-hinchas.jpg\"><\/p>\n<p><time class=\"createDate\" datetime=\"2024-06-26T19:49:15-03:00\">26\/06\/2024 22:49hs.<\/time><\/p>\n<div id=\"storyBody\">\n<div class=\"custom-text \" readability=\"36.338278931751\">\n<p>El <strong>Grupo E<\/strong> de la <strong><a href=\"https:\/\/www.ole.com.ar\/tema\/eurocopa-2024.html\" title=\"Eurocopa 2024\" alt=\"Eurocopa 2024\" class=\"slug\">Eurocopa<\/a><\/strong> era, en la previa, el menos competitivo del torneo y parec\u00eda ya tener definido a <strong><a href=\"https:\/\/www.ole.com.ar\/tema\/seleccion-de-belgica.html\" title=\"Selecci\u00f3n de B\u00e9lgica\" alt=\"Selecci\u00f3n de B\u00e9lgica\" class=\"slug\">B\u00e9lgica<\/a><\/strong> como el primero. Sin embargo, <strong>la realidad depar\u00f3 un panorama totalmente opuesto<\/strong>: fue el grupo m\u00e1s parejo porque todos terminaron con cuatro puntos, motivo por el cual <strong>los belgas perdieron el primer puesto ante <a href=\"https:\/\/www.ole.com.ar\/tema\/rumania.html\" title=\"Rumania\" alt=\"Rumania\" class=\"slug\">Rumania<\/a><\/strong>.<\/p>\n<\/div>\n<div class=\"sc-e7b891c4-0 jPbnQF\"><img alt=\"La ca\u00edda ante Eslovaquia complic\u00f3 la clasificaci\u00f3n belga en esta Euro.\" src=\"http:\/\/hoycordobaweb.com\/wp-content\/uploads\/2024\/06\/el-polemico-gesto-de-de-bruyne-contra-sus-hinchas-2.jpg\" width=\"720\" height=\"100\" decoding=\"async\" data-nimg=\"future\" loading=\"lazy\"><span class=\"epigraphe\">La ca\u00edda ante Eslovaquia complic\u00f3 la clasificaci\u00f3n belga en esta Euro.<\/span><\/div>\n<div class=\"custom-text \" readability=\"40.398613518198\">\n<p>En esta edici\u00f3n, solo pudieron obtener una victoria. De hecho, hasta cayeron sorprendentemente contra Eslovaquia. Por lo tanto, luego de la tercera fecha ante <strong><a href=\"https:\/\/www.ole.com.ar\/tema\/seleccion-de-ucrania.html\" title=\"Selecci\u00f3n de Ucrania\" alt=\"Selecci\u00f3n de Ucrania\" class=\"slug\">Ucrania<\/a><\/strong>,<strong> <\/strong>sus hinchas le hicieron notar el descontento.<strong> <\/strong>Una vez que los hombres vestidos de celeste se acercaron a saludar a sus fan\u00e1ticos, ellos comenzaron a silbar al plantel<strong> <\/strong>para mostrar un claro descontento por el rendimiento del equipo. Inmediatamente, el capit\u00e1n <strong><a href=\"https:\/\/www.ole.com.ar\/tema\/kevin-de-bruyne.html\" title=\"Kevin De Bruyne\" alt=\"Kevin De Bruyne\" class=\"slug\">Kevin De Bruyne<\/a> <\/strong>le indic\u00f3 a sus compa\u00f1eros que se retiraran del campo sin saludar, situaci\u00f3n que depar\u00f3 una inmensa silbatina desde las gradas.<\/p>\n<\/div>\n<div class=\"custom-text \" readability=\"35.221153846154\">\n<p>El gesto del volante del <a href=\"https:\/\/www.ole.com.ar\/tema\/manchester-city.html\" title=\"Manchester City\" alt=\"Manchester City\" class=\"slug\">Manchester City<\/a> no s\u00f3lo fue llamativo por la orden en s\u00ed, sino tambi\u00e9n por el poco efecto que gener\u00f3 en su equipo. <strong>Ninguno de sus compa\u00f1eros lo sigui\u00f3 en el camino al t\u00fanel, motivo por el cual el propio Kevin termin\u00f3 desistiendo<\/strong> y se qued\u00f3 en el c\u00edrculo central junto al resto.<\/p>\n<\/div>\n<div class=\"custom-text \" readability=\"35\">\n<p>\u00ab<strong>Puedo entender que la gente quer\u00eda que ganemos, pero si yo pateaba el c\u00f3rner y ven\u00eda un gol del otro lado me iban a querer matar todos<\/strong>\u00ab, explic\u00f3 el futbolista en conferencia de prensa.<\/p>\n<\/div>\n<div type=\"embed\" class=\"sc-3f46f5ae-0 djVTgz\">\n<div class=\"sc-3f46f5ae-1 fTjZec videoText\" id=\"contentTitleembed1MIYBLID\" type=\"embed\" readability=\"56\"><svg fill=\"#ffffff\"><symbol id=\"play\" viewBox=\"0 0 512 512\"><path d=\"M512 256C512 397.4 397.4 512 256 512C114.6 512 0 397.4 0 256C0 114.6 114.6 0 256 0C397.4 0 512 114.6 512 256zM176 168V344C176 352.7 180.7 360.7 188.3 364.9C195.8 369.2 205.1 369 212.5 364.5L356.5 276.5C363.6 272.1 368 264.4 368 256C368 247.6 363.6 239.9 356.5 235.5L212.5 147.5C205.1 142.1 195.8 142.8 188.3 147.1C180.7 151.3 176 159.3 176 168V168z\" \/><\/symbol><use xlink:href=\"#play\" \/><\/svg><\/p>\n<div class=\"right\" readability=\"7\">\n<p>Selecci\u00f3n de B\u00e9lgica<!-- --> &#8211;<!-- --> <span>&nbsp;<\/span><\/p>\n<h2 class=\"title-vid\">El ins\u00f3lito momento entre De Bruyne y sus hinchas<\/h2>\n<\/div>\n<\/div>\n<p><span class=\"back\" id=\"spanBackembed1MIYBLID\"><\/span><\/div>\n<p><h2>B\u00e9lgica: otra decepci\u00f3n y un duro cuadro<\/h2>\n<\/p>\n<div class=\"custom-text \" readability=\"35.138554216867\">\n<p>A pesar de siempre ser considerada como una de las selecciones m\u00e1s fuertes del mundo, el equipo dirigido por <strong>Domenico Tedesco<\/strong> volvi\u00f3 a dejar una floja imagen en una gran competici\u00f3n. Ya desde el largo ciclo de <a href=\"https:\/\/www.ole.com.ar\/tema\/roberto-martinez.html\" title=\"Roberto Mart\u00ednez\" alt=\"Roberto Mart\u00ednez\" class=\"slug\">Roberto Mart\u00ednez<\/a>, hoy DT de <a href=\"https:\/\/www.ole.com.ar\/tema\/seleccion-de-portugal.html\" title=\"Selecci\u00f3n de Portugal\" alt=\"Selecci\u00f3n de Portugal\" class=\"slug\">Portugal<\/a>, los Diablos Rojos <strong>llevan varias competencias sin convencer desde los resultados<\/strong>.<\/p>\n<\/div>\n<div class=\"custom-text \" readability=\"31.79821958457\">\n<p>Sin duda en B\u00e9lgica no pueden acusar falta de materia prima: <strong><a href=\"https:\/\/www.ole.com.ar\/tema\/eden-hazard.html\" title=\"Eden Hazard\" alt=\"Eden Hazard\" class=\"slug\">Eden Hazard<\/a><\/strong>, <strong><a href=\"https:\/\/www.ole.com.ar\/tema\/vincent-kompany.html\" title=\"Vincent Kompany\" alt=\"Vincent Kompany\" class=\"slug\">Vincent Kompany<\/a><\/strong>, <strong><a href=\"https:\/\/www.ole.com.ar\/tema\/mertens.html\" title=\"Mertens\" alt=\"Mertens\" class=\"slug\">Dries Mertens<\/a> <\/strong>y <strong><a href=\"https:\/\/www.ole.com.ar\/tema\/thibaut-courtois.html\" title=\"Thibaut Courtois\" alt=\"Thibaut Courtois\" class=\"slug\">Thibaut Courtois<\/a><\/strong> (ins\u00f3litamente afuera de la convocatoria por disputas con el entrenador) son s\u00f3lo algunos de los grandes nombres que vistieron sus colores. Sin embargo, <strong>no consiguieron obtener ning\u00fan t\u00edtulo que los respalde.<\/strong><\/p>\n<\/div>\n<div class=\"sc-e7b891c4-0 jPbnQF\"><img alt=\"Los belgas lograron reunir una gran generaci\u00f3n de jugadores aunque sin mayores resultados.\" src=\"http:\/\/hoycordobaweb.com\/wp-content\/uploads\/2024\/06\/el-polemico-gesto-de-de-bruyne-contra-sus-hinchas-3.jpg\" width=\"720\" height=\"100\" decoding=\"async\" data-nimg=\"future\" loading=\"lazy\"><span class=\"epigraphe\">Los belgas lograron reunir una gran generaci\u00f3n de jugadores aunque sin mayores resultados.<\/span><\/div>\n<div class=\"custom-text \" readability=\"31.451263537906\">\n<p>En las dos \u00faltimas Eurocopas (2016 y 2021) <strong>no lograron superar la barrera de los cuartos de final<\/strong>: en Lille, cayeron sorpresivamente por <strong>3 a 1 ante <a href=\"https:\/\/www.ole.com.ar\/tema\/seleccion-de-gales.html\" title=\"Selecci\u00f3n de Gales\" alt=\"Selecci\u00f3n de Gales\" class=\"slug\">Gales<\/a> <\/strong>con <a href=\"https:\/\/www.ole.com.ar\/tema\/gareth-bale.html\" title=\"Gareth Bale\" alt=\"Gareth Bale\" class=\"slug\">Gareth Bale<\/a> a la cabeza y en Munich vieron la <strong>derrota por 2 a 1 ante la <a href=\"https:\/\/www.ole.com.ar\/tema\/seleccion-de-italia.html\" title=\"Selecci\u00f3n de Italia\" alt=\"Selecci\u00f3n de Italia\" class=\"slug\">selecci\u00f3n italiana<\/a><\/strong>, que gan\u00f3 dicha edici\u00f3n.<\/p>\n<\/div>\n<div class=\"custom-text \" readability=\"35.692307692308\">\n<p>A su vez, en las Copas del Mundo los resultados tambi\u00e9n fueron agridulces. Con un gran torneo en sus espaldas, <strong>los de rojo se subieron al podio en <a href=\"https:\/\/www.ole.com.ar\/tema\/rusia-2018.html\" title=\"Rusia 2018\" alt=\"Rusia 2018\" class=\"slug\">Rusia<\/a> y se quedaron con un tercer puesto<\/strong>, momento que pareci\u00f3 ubicarlos en el mapa de forma definitiva. Sin embargo, cuatro a\u00f1os m\u00e1s tarde, <a href=\"https:\/\/www.ole.com.ar\/mundial\/mundial-qatar-2022\/belgica-vs-marruecos-segunda-fecha-fase-de-grupos-grupo-f-mundial-qatar-2022_0_QfISwPWQOC.html\" target=\"_blank\" title=\"una estrepitosa ca\u00edda ante Marruecos\" alt=\"una estrepitosa ca\u00edda ante Marruecos\" rel=\"noopener noreferrer\">una estrepitosa ca\u00edda ante Marruecos<\/a> fue clave para dejarlos <strong>afuera de Qatar en la fase de grupos<\/strong>.<\/p>\n<\/div>\n<div class=\"sc-e7b891c4-0 jPbnQF\"><img alt=\"La lista de fracasos de la generaci\u00f3n dorada de B\u00e9lgica: un s\u00f3lo buen resultado en cuatro grandes competiciones.\" src=\"http:\/\/hoycordobaweb.com\/wp-content\/uploads\/2024\/06\/el-polemico-gesto-de-de-bruyne-contra-sus-hinchas-4.jpg\" width=\"720\" height=\"100\" decoding=\"async\" data-nimg=\"future\" loading=\"lazy\"><span class=\"epigraphe\">La lista de fracasos de la generaci\u00f3n dorada de B\u00e9lgica: un s\u00f3lo buen resultado en cuatro grandes competiciones.<\/span><\/div>\n<p><h3>Francia: prueba de fuego para los Diablos<\/h3>\n<\/p>\n<div class=\"custom-text \" readability=\"34.805084745763\">\n<p>A pesar de no convencer en el rendimiento, la selecci\u00f3n de B\u00e9lgica logr\u00f3 quedarse con el segundo puesto y ser\u00e1 una de las 16 selecciones que jugar\u00e1n los octavos de final del Viejo Continente. Pero los belgas pagar\u00e1n caro el segundo puesto: <strong>el lunes 1 de julio, deber\u00e1n vencer a la <a href=\"https:\/\/www.ole.com.ar\/tema\/seleccion-de-francia.html\" title=\"Selecci\u00f3n de Francia\" alt=\"Selecci\u00f3n de Francia\" class=\"slug\">Francia<\/a> del ya retornado <a href=\"https:\/\/www.ole.com.ar\/tema\/kylian-mbappe.html\" title=\"Kylian Mbapp\u00e9\" alt=\"Kylian Mbapp\u00e9\" class=\"slug\">Kylian Mbapp\u00e9<\/a> si quieren pasar de ronda.<\/strong><\/p>\n<\/div>\n<div class=\"sc-e7b891c4-0 jPbnQF\"><img alt=\"Mbapp\u00e9 volvi\u00f3 y ya marc\u00f3 ante Polonia para los \u00faltimos subcampeones del mundo.\" src=\"http:\/\/hoycordobaweb.com\/wp-content\/uploads\/2024\/06\/el-polemico-gesto-de-de-bruyne-contra-sus-hinchas-5.jpg\" width=\"720\" height=\"100\" decoding=\"async\" data-nimg=\"future\" loading=\"lazy\"><span class=\"epigraphe\">Mbapp\u00e9 volvi\u00f3 y ya marc\u00f3 ante Polonia para los \u00faltimos subcampeones del mundo.<\/span><\/div>\n<div class=\"custom-text \" readability=\"35.050228310502\">\n<p>Si bien enfrentar a Francia es un duro castigo, tampoco podr\u00e1n dormir tranquilos si pasan a los cuartos de final dado que, de su lado del cuadro, est\u00e1n los candidatos del torneo, como la <strong>Portugal<\/strong> de <a href=\"https:\/\/www.ole.com.ar\/tema\/cristiano-ronaldo.html\" title=\"Cristiano Ronaldo\" alt=\"Cristiano Ronaldo\" class=\"slug\">Cristiano Ronaldo<\/a>.<\/p>\n<\/div>\n<div class=\"sc-a7166897-0 exHLBh\" readability=\"6\">\n<section readability=\"2\"><picture><img alt=\"B\u00e9lgica no pas\u00f3 del cero con Ucrania y se medir\u00e1 con Francia en 8vos. \" src=\"http:\/\/hoycordobaweb.com\/wp-content\/uploads\/2024\/06\/el-polemico-gesto-de-de-bruyne-contra-sus-hinchas-6.jpg\" width=\"290\" height=\"290\" decoding=\"async\" data-nimg=\"future\" loading=\"lazy\"><\/picture>\n<p><span>Mir\u00e1 tambi\u00e9n<\/span><\/p>\n<hr>\n<h3>B\u00e9lgica no pas\u00f3 del cero con Ucrania y se medir\u00e1 con Francia en 8vos. <\/h3>\n<\/p>\n<\/section>\n<\/div>\n<div class=\"sc-a7166897-0 exHLBh\" readability=\"6.5\">\n<section readability=\"3\"><picture><img alt=\"El cuadro de la Eurocopa 2024: todos los clasificados y el fixture de los octavos de final\" src=\"http:\/\/hoycordobaweb.com\/wp-content\/uploads\/2024\/06\/el-polemico-gesto-de-de-bruyne-contra-sus-hinchas-7.jpg\" width=\"290\" height=\"290\" decoding=\"async\" data-nimg=\"future\" loading=\"lazy\"><\/picture>\n<p><span>Mir\u00e1 tambi\u00e9n<\/span><\/p>\n<hr>\n<h3>El cuadro de la Eurocopa 2024: todos los clasificados y el fixture de los octavos de final<\/h3>\n<\/p>\n<\/section>\n<\/div>\n<div class=\"sc-a7166897-0 exHLBh\" readability=\"6\">\n<section readability=\"2\"><picture><img alt=\"Rumania y Eslovaquia empataron y se clasificaron a los octavos de la Euro\" src=\"http:\/\/hoycordobaweb.com\/wp-content\/uploads\/2024\/06\/el-polemico-gesto-de-de-bruyne-contra-sus-hinchas-8.jpg\" width=\"290\" height=\"290\" decoding=\"async\" data-nimg=\"future\" loading=\"lazy\"><\/picture>\n<p><span>Mir\u00e1 tambi\u00e9n<\/span><\/p>\n<hr>\n<h3>Rumania y Eslovaquia empataron y se clasificaron a los octavos de la Euro<\/h3>\n<\/p>\n<\/section>\n<\/div>\n<\/div>\n","protected":false},"excerpt":{"rendered":"<p>26\/06\/2024 22:49hs. El Grupo E de la Eurocopa era, en la previa, el menos competitivo del torneo y parec\u00eda ya tener definido a B\u00e9lgica como el primero. Sin embargo, la realidad depar\u00f3 un panorama totalmente opuesto: fue el grupo m\u00e1s parejo porque todos terminaron con cuatro puntos, motivo por el cual los belgas perdieron el [&hellip;]<\/p>\n","protected":false},"author":1,"featured_media":79556,"comment_status":"open","ping_status":"closed","sticky":false,"template":"","format":"standard","meta":[],"categories":[16],"tags":[],"_links":{"self":[{"href":"http:\/\/hoycordobaweb.com\/index.php\/wp-json\/wp\/v2\/posts\/79555"}],"collection":[{"href":"http:\/\/hoycordobaweb.com\/index.php\/wp-json\/wp\/v2\/posts"}],"about":[{"href":"http:\/\/hoycordobaweb.com\/index.php\/wp-json\/wp\/v2\/types\/post"}],"author":[{"embeddable":true,"href":"http:\/\/hoycordobaweb.com\/index.php\/wp-json\/wp\/v2\/users\/1"}],"replies":[{"embeddable":true,"href":"http:\/\/hoycordobaweb.com\/index.php\/wp-json\/wp\/v2\/comments?post=79555"}],"version-history":[{"count":0,"href":"http:\/\/hoycordobaweb.com\/index.php\/wp-json\/wp\/v2\/posts\/79555\/revisions"}],"wp:featuredmedia":[{"embeddable":true,"href":"http:\/\/hoycordobaweb.com\/index.php\/wp-json\/wp\/v2\/media\/79556"}],"wp:attachment":[{"href":"http:\/\/hoycordobaweb.com\/index.php\/wp-json\/wp\/v2\/media?parent=79555"}],"wp:term":[{"taxonomy":"category","embeddable":true,"href":"http:\/\/hoycordobaweb.com\/index.php\/wp-json\/wp\/v2\/categories?post=79555"},{"taxonomy":"post_tag","embeddable":true,"href":"http:\/\/hoycordobaweb.com\/index.php\/wp-json\/wp\/v2\/tags?post=79555"}],"curies":[{"name":"wp","href":"https:\/\/api.w.org\/{rel}","templated":true}]}}