{"id":79522,"date":"2024-06-26T20:29:37","date_gmt":"2024-06-26T20:29:37","guid":{"rendered":"https:\/\/ambiente.cba.gov.ar\/?p=23498"},"modified":"2024-06-26T20:29:37","modified_gmt":"2024-06-26T20:29:37","slug":"la-provincia-trabaja-para-sanear-la-cuenca-san-roque-limpieza-remediacion-y-campanas-de-educacion-ambiental","status":"publish","type":"post","link":"http:\/\/hoycordobaweb.com\/index.php\/2024\/06\/26\/la-provincia-trabaja-para-sanear-la-cuenca-san-roque-limpieza-remediacion-y-campanas-de-educacion-ambiental\/","title":{"rendered":"La Provincia trabaja para sanear la Cuenca San Roque: limpieza, remediaci\u00f3n y campa\u00f1as de educaci\u00f3n ambiental"},"content":{"rendered":"<ul class=\" eplus-wrapper eplus-styles-uid-3198a1\">\n<li class=\" eplus-wrapper\"><strong>A trav\u00e9s del Ministerio de Ambiente y Econom\u00eda Circular, se implementa un Plan de Mitigaci\u00f3n para contener y extraer las poblaciones de cianobacterias.<\/strong><\/li>\n<li class=\" eplus-wrapper\"><strong>Tambi\u00e9n se lleva adelante el Plan Provincial de Recuperaci\u00f3n de Bah\u00edas, que incluye tareas de limpieza y forestaci\u00f3n.<\/strong><\/li>\n<li class=\" eplus-wrapper\"><strong>Adem\u00e1s, desde la cartera ambiental se brindan charlas de concientizaci\u00f3n en escuelas secundarias.<\/strong><\/li>\n<\/ul>\n<p class=\" eplus-wrapper\">El saneamiento de las cuencas de la provincia, y en especial la del Dique San Roque, es una prioridad para el Gobierno de C\u00f3rdoba.<\/p>\n<p class=\" eplus-wrapper\">Frente a esta situaci\u00f3n, la actual gesti\u00f3n del Ministerio de Ambiente y Econom\u00eda Circular, a cargo de Victoria Flores, cre\u00f3 por ley la Autoridad de Cuencas, con el objetivo realizar acciones tendientes a prevenir la contaminaci\u00f3n y trabajar en el saneamiento de lagos, diques, y embalses de la provincia..<\/p>\n<p class=\" eplus-wrapper\">Desde all\u00ed, la cartera ambiental se encuentra desarrollando diferentes estrategias que apuntan a la protecci\u00f3n de la salud p\u00fablica, la conservaci\u00f3n de los ecosistemas, el desarrollo econ\u00f3mico, la sostenibilidad del agua y la responsabilidad ambiental.<\/p>\n<p class=\" eplus-wrapper\">Una de las principales acciones que se est\u00e1 implementando es el Plan de Mitigaci\u00f3n, que contempla tres etapas fundamentales: la contenci\u00f3n, la extracci\u00f3n y la disposici\u00f3n final de las cianobacterias.<\/p>\n<p><img loading=\"lazy\" class=\"alignnone wp-image-23504\" src=\"http:\/\/hoycordobaweb.com\/wp-content\/uploads\/2024\/06\/la-provincia-trabaja-para-sanear-la-cuenca-san-roque-limpieza-remediacion-y-campanas-de-educacion-ambiental.jpg\" alt width=\"1129\" height=\"843\"><\/p>\n<p class=\" eplus-wrapper\">En primer lugar, se utilizan barreras para sectorizar y contener los afloramientos de las cianobacterias. Hasta el momento, ya se colocaron m\u00e1s de 600 metros de \u201ccianobarreras\u201d que impiden el ingreso de los microorganismos a zonas sensibles en aspecto tur\u00edstico, recreativo y gastron\u00f3mico.<\/p>\n<p class=\" eplus-wrapper\">La segunda etapa consiste en la extracci\u00f3n de las poblaciones de algas a trav\u00e9s de camiones vactor, tarea que se viene realizando en conjunto con el Ministerio de Servicios P\u00fablicos y el APRHI. En total, se lograron extraer m\u00e1s de 300 camiones de 18 mts2 cada uno, lo que arroja un total de 5.400 mt2 de cianobacterias que ya no se encuentran en el lago San Roque.<\/p>\n<p class=\" eplus-wrapper\">Adem\u00e1s, se est\u00e1 trabajando en optimizar el transporte y en encontrar opciones sostenibles que permitan avanzar en un modelo de econom\u00eda circular, para reutilizar el material extra\u00eddo.<\/p>\n<p class=\" eplus-wrapper\"><strong>Limpieza de la Bah\u00eda<\/strong><\/p>\n<p class=\" eplus-wrapper\">El Ministerio de Ambiente y Econom\u00eda Circular tambi\u00e9n est\u00e1 implementando el Plan Provincial de Recuperaci\u00f3n de Bah\u00edas, una apuesta de la Provincia para robustecer y multiplicar el sistema de bloqueo, para reducir al m\u00e1ximo el ingreso de cianobacterias que se producen en el centro del embalse.<\/p>\n<div id=\"gallery-1\" class=\"gallery galleryid-23498 gallery-columns-2 gallery-size-full\">\n<figure class=\"gallery-item\">\n<div class=\"gallery-icon landscape\"> <a href=\"https:\/\/ambiente.cba.gov.ar\/la-provincia-trabaja-para-sanear-la-cuenca-san-roque-limpieza-remediacion-y-campanas-de-educacion-ambiental\/whatsapp-image-2024-06-26-at-12-17-31-1024x682\/\"><img width=\"1024\" height=\"682\" src=\"http:\/\/hoycordobaweb.com\/wp-content\/uploads\/2024\/06\/la-provincia-trabaja-para-sanear-la-cuenca-san-roque-limpieza-remediacion-y-campanas-de-educacion-ambiental-1.jpg\" class=\"attachment-full size-full\" alt loading=\"lazy\"><\/a> <\/div>\n<\/figure>\n<figure class=\"gallery-item\">\n<div class=\"gallery-icon landscape\"> <a href=\"https:\/\/ambiente.cba.gov.ar\/la-provincia-trabaja-para-sanear-la-cuenca-san-roque-limpieza-remediacion-y-campanas-de-educacion-ambiental\/whatsapp-image-2024-06-26-at-12-17-30-1\/\"><img width=\"1600\" height=\"1066\" src=\"http:\/\/hoycordobaweb.com\/wp-content\/uploads\/2024\/06\/la-provincia-trabaja-para-sanear-la-cuenca-san-roque-limpieza-remediacion-y-campanas-de-educacion-ambiental-2.jpg\" class=\"attachment-full size-full\" alt loading=\"lazy\"><\/a> <\/div>\n<\/figure><\/div>\n<p class=\" eplus-wrapper\">En este marco, el equipo de la cartera ambiental provincial realiz\u00f3 una limpieza del perilago, instalaron tachos para desechos y lombricompuesto, y llevaron a cabo una forestaci\u00f3n para fortalecer la restauraci\u00f3n ecol\u00f3gica de la zona.<\/p>\n<p class=\" eplus-wrapper\"><strong>Guardianes de la Cuenca<\/strong><\/p>\n<p class=\" eplus-wrapper\">Otra de las iniciativas que se est\u00e1 desarrollando es el programa \u00abGuardianes de Cuenca\u00bb, a trav\u00e9s del cual se brindan charlas educativas en escuelas secundarias de la zona que rodea a la Cuenca San Roque.<\/p>\n<p class=\" eplus-wrapper\">El programa se realiza con el objetivo de que los j\u00f3venes puedan reconocerse como sujetos activos en el proceso de mitigaci\u00f3n y remediaci\u00f3n del lago.<\/p>\n<p class=\" eplus-wrapper\">La formaci\u00f3n aborda tem\u00e1ticas en relaci\u00f3n a la historia de la cuenca, y a la importancia de contribuir en el cuidado de los recursos h\u00eddricos de la provincia.<\/p>\n<p class=\" eplus-wrapper\">De esta manera, la Provincia avanza en el saneamiento de la cuenca y el cuidado de nuestros recursos naturales, para lo cual, como sostiene la ministra Victoria Flores,&nbsp;<em>\u00abes fundamental que los j\u00f3venes sean conscientes del desaf\u00edo que enfrentamos, y tengan una participaci\u00f3n activa\u00bb.<\/em><\/p>\n","protected":false},"excerpt":{"rendered":"<p>A trav\u00e9s del Ministerio de Ambiente y Econom\u00eda Circular, se implementa un Plan de Mitigaci\u00f3n para contener y extraer las poblaciones de cianobacterias. Tambi\u00e9n se lleva adelante el Plan Provincial de Recuperaci\u00f3n de Bah\u00edas, que incluye tareas de limpieza y forestaci\u00f3n. Adem\u00e1s, desde la cartera ambiental se brindan charlas de concientizaci\u00f3n en escuelas secundarias. El [&hellip;]<\/p>\n","protected":false},"author":1,"featured_media":79523,"comment_status":"closed","ping_status":"closed","sticky":false,"template":"","format":"standard","meta":[],"categories":[2,19],"tags":[],"_links":{"self":[{"href":"http:\/\/hoycordobaweb.com\/index.php\/wp-json\/wp\/v2\/posts\/79522"}],"collection":[{"href":"http:\/\/hoycordobaweb.com\/index.php\/wp-json\/wp\/v2\/posts"}],"about":[{"href":"http:\/\/hoycordobaweb.com\/index.php\/wp-json\/wp\/v2\/types\/post"}],"author":[{"embeddable":true,"href":"http:\/\/hoycordobaweb.com\/index.php\/wp-json\/wp\/v2\/users\/1"}],"replies":[{"embeddable":true,"href":"http:\/\/hoycordobaweb.com\/index.php\/wp-json\/wp\/v2\/comments?post=79522"}],"version-history":[{"count":0,"href":"http:\/\/hoycordobaweb.com\/index.php\/wp-json\/wp\/v2\/posts\/79522\/revisions"}],"wp:featuredmedia":[{"embeddable":true,"href":"http:\/\/hoycordobaweb.com\/index.php\/wp-json\/wp\/v2\/media\/79523"}],"wp:attachment":[{"href":"http:\/\/hoycordobaweb.com\/index.php\/wp-json\/wp\/v2\/media?parent=79522"}],"wp:term":[{"taxonomy":"category","embeddable":true,"href":"http:\/\/hoycordobaweb.com\/index.php\/wp-json\/wp\/v2\/categories?post=79522"},{"taxonomy":"post_tag","embeddable":true,"href":"http:\/\/hoycordobaweb.com\/index.php\/wp-json\/wp\/v2\/tags?post=79522"}],"curies":[{"name":"wp","href":"https:\/\/api.w.org\/{rel}","templated":true}]}}