{"id":79510,"date":"2024-06-26T14:54:54","date_gmt":"2024-06-26T14:54:54","guid":{"rendered":"https:\/\/www.mujerhoy.com\/moda\/pasarelas\/semana-alta-costura-paris-mejores-desfiles-christian-dior-chanel-armani-20240625125103-nt.html"},"modified":"2024-06-26T14:54:54","modified_gmt":"2024-06-26T14:54:54","slug":"semana-de-la-alta-costura-de-paris-2024-del-ballet-romantico-de-chanel-en-el-palais-de-garnier-a-la-mujer-gotica-de-balenciaga","status":"publish","type":"post","link":"http:\/\/hoycordobaweb.com\/index.php\/2024\/06\/26\/semana-de-la-alta-costura-de-paris-2024-del-ballet-romantico-de-chanel-en-el-palais-de-garnier-a-la-mujer-gotica-de-balenciaga\/","title":{"rendered":"Semana de la Alta Costura de Par\u00eds 2024: del ballet rom\u00e1ntico de Chanel en el Palais de Garnier a la mujer g\u00f3tica de Balenciaga"},"content":{"rendered":"<p><!-- AUTHOR --> <\/p>\n<div class=\"voc-author-timesocial \"> <!-- AUTHOR --> <\/p>\n<div class=\"voc-author-timesocial__signature \">\n<div class=\"voc-author-timesocial__img-c\"> <!-- IMAGE AUTHOR --> <picture class=\"voc-image-signature\"> <img class=\"voc-image-signature__img\" src=\"http:\/\/hoycordobaweb.com\/wp-content\/uploads\/2024\/06\/semana-de-la-alta-costura-de-paris-2024-del-ballet-romantico-de-chanel-en-el-palais-de-garnier-a-la-mujer-gotica-de-balenciaga.jpg\" alt=\"Diego Rueda\"> <\/picture> <\/div>\n<p> <!-- INFO AUTHOR --> <\/p>\n<div class=\"voc-author-timesocial__info\">\n<div class=\"voc-author-info\"> <author> <a class=\"voc-author\" href=\"https:\/\/www.mujerhoy.com\/autor\/diego-rueda-5068.html\">Diego Rueda<\/a> <\/author> <time data-voc-date-modified class=\"mdamp-article-time\" itemprop=\"dateModified\" datetime=\"2024-06-26T14:54:54Z\" data-timestamp>Actualizado \u00b7 <span data-voc-date-modified-short>26 de junio de 2024, 16:54 h<\/span><\/time> <\/div><\/div><\/div><\/div>\n<p> <!-- COMPONENTS --> <\/p>\n<p class=\"voc-paragraph\">Tras los desfiles de moda masculina, es el turno de cerrar la temporada con la <strong>Semana de la Alta Costura de Par\u00eds<\/strong>. La emblem\u00e1tica Ciudad de la Luz divide en cuatro jornadas intensas las diferentes colecciones que deslumbrar\u00e1n al mundo de cara al oto\u00f1o e invierno de este mismo a\u00f1o y del pr\u00f3ximo. Cabe destacar que <a data-voc-vtm-id=\"in-text-traffic\" href=\"https:\/\/www.mujerhoy.com\/moda\/no-te-pierdas\/quien-es-juana-martin-unica-disenadora-espanola-semana-alta-costura-paris-20240125130321-nt.html\">Juana Mart\u00edn<\/a> es la \u00fanica dise\u00f1adora espa\u00f1ola que tiene el privilegio de presentar su quinta colecci\u00f3n de haute couture. En esta ocasi\u00f3n, nos traslada a una imaginer\u00eda reinventada mediante los <strong>conceptos del pecado y la divinidad<\/strong>, pero siempre con sus ra\u00edces cordobesas.\n<\/p>\n<p class=\"voc-paragraph\">Tampoco nos podemos olvidar de que <a data-voc-vtm-id=\"in-text-traffic\" href=\"https:\/\/www.mujerhoy.com\/lujo-slow\/chanel-despide-virgine-viard-grandes-exitos-directora-creativa-quien-sera-sustituto-20240606120023-nt.html\">Chanel se despide de Virginie Viard<\/a> tras cinco a\u00f1os de servicio para la maison francesa. Un adi\u00f3s digno en la Semana de la Alta Costura de quien fuera la mano derecha del fallecido kaiser de la moda, Karl Lagerfeld. Otra de las grandes sorpresas es poder vislumbrar el debut de <a data-voc-vtm-id=\"in-text-traffic\" href=\"https:\/\/www.mujerhoy.com\/moda\/no-te-pierdas\/202102\/10\/charles-de-vilmorin-nuevo-director-creativo-rochas-con-solo-veinticuatro-anos-20210210110505.html\">Charles de Vilmorin, exdirector creativo de Rochas<\/a>, que tambi\u00e9n tendr\u00e1 su momento de gloria con su nueva colecci\u00f3n de haute couture.\n<\/p>\n<p class=\"voc-paragraph\">Otro de los grandes esperados es el propio Jean-Paul Gaultier, quien, tras dejar atr\u00e1s el pr\u00eat-\u00e0-porter para centrarse en la alta costura, nos envolver\u00e1 en un nuevo mundo irreverente, tal como ha hecho con <a data-voc-vtm-id=\"in-text-traffic\" href=\"https:\/\/www.mujerhoy.com\/lujo-slow\/jean-paul-gaultier-al-desnudo-fashion-freak-show-espectaculo-barcelona-20240406115647-nt.html\">su nuevo espect\u00e1culo Fashion Freak Show<\/a>, que se estren\u00f3 en abril en Barcelona. Sin duda alguna, el despliegue estil\u00edstico de todo tipo de firmas como <strong>Giorgio Armani Priv\u00e9, Giambattista Valli, Christian Dior o Schiaparelli<\/strong> no pasar\u00e1 desapercibido para los amantes del savoir faire y la moda, siendo solo algunos los privilegiados que disfrutar\u00e1n en vivo y en directo desde el front row.\n<\/p>\n<div class=\"voc-detail-photo-zoom\"> <picture data-toggle=\"modal\" data-target=\"#photoZoomModal-13\" target=\"modal\">\n<div class=\"voc-img-icon-link\"> <img loading=\"lazy\" src=\"http:\/\/hoycordobaweb.com\/wp-content\/uploads\/2024\/06\/semana-de-la-alta-costura-de-paris-2024-del-ballet-romantico-de-chanel-en-el-palais-de-garnier-a-la-mujer-gotica-de-balenciaga.webp\" width=\"650\" height=\"900\" alt=\"Chanel. \/ Launchmetrics Spotlight\"> <noscript> <img src=\"http:\/\/hoycordobaweb.com\/wp-content\/uploads\/2024\/06\/semana-de-la-alta-costura-de-paris-2024-del-ballet-romantico-de-chanel-en-el-palais-de-garnier-a-la-mujer-gotica-de-balenciaga.webp\" alt=\"Chanel. \/ Launchmetrics Spotlight\"> <\/noscript> <i class=\"voc-icons zoom voc-multimedia-box voc-ico-l\"><\/i> <\/div><figcaption class=\"figure-caption\">Chanel. \/ Launchmetrics Spotlight<\/figcaption><\/picture>\n<\/div>\n<div id=\"photoZoomModal-13\" class=\"voc-lightbox modal fade voc-lightbox--photo-zoom\" role=\"dialog\" data-voc-photozoom-lightbox>\n<div class=\"voc-lightbox__dialog\" role=\"document\">\n<div class=\"voc-lightbox__content\"> <!-- Modal header --> <!-- Modal content --> <\/p>\n<div class=\"voc-lightbox__photo-container\"> <picture class> <img loading=\"lazy\" src=\"http:\/\/hoycordobaweb.com\/wp-content\/uploads\/2024\/06\/semana-de-la-alta-costura-de-paris-2024-del-ballet-romantico-de-chanel-en-el-palais-de-garnier-a-la-mujer-gotica-de-balenciaga.webp\" alt=\"Chanel. \/ Launchmetrics Spotlight\"> <noscript> <img src=\"http:\/\/hoycordobaweb.com\/wp-content\/uploads\/2024\/06\/semana-de-la-alta-costura-de-paris-2024-del-ballet-romantico-de-chanel-en-el-palais-de-garnier-a-la-mujer-gotica-de-balenciaga.webp\" alt=\"Chanel. \/ Launchmetrics Spotlight\"> <\/noscript> <\/picture> <\/div><\/div><\/div>\n<\/div>\n<p><h3 class=\"voc-detail__title\"> Los mejores looks de la Semana de la Alta Costura de Par\u00eds 2024: Chanel<br \/>\n<\/h3>\n<\/p>\n<p class=\"voc-paragraph\">La colecci\u00f3n de Alta Costura de Chanel rinde homenaje al Palais Garnier, en Par\u00eds. Mediante un escenario dise\u00f1ado por el director franc\u00e9s Christophe Honor\u00e9. De esta forma, crean una sinergia entre la \u00f3pera y el haute couture. <\/p>\n<div class=\"voc-detail-photo-zoom\"> <picture data-toggle=\"modal\" data-target=\"#photoZoomModal-168\" target=\"modal\">\n<div class=\"voc-img-icon-link\"> <img loading=\"lazy\" src=\"http:\/\/hoycordobaweb.com\/wp-content\/uploads\/2024\/06\/semana-de-la-alta-costura-de-paris-2024-del-ballet-romantico-de-chanel-en-el-palais-de-garnier-a-la-mujer-gotica-de-balenciaga-1.webp\" width=\"650\" height=\"900\" alt=\"Chanel. \/ Launchmetrics Spotlight\"> <noscript> <img src=\"http:\/\/hoycordobaweb.com\/wp-content\/uploads\/2024\/06\/semana-de-la-alta-costura-de-paris-2024-del-ballet-romantico-de-chanel-en-el-palais-de-garnier-a-la-mujer-gotica-de-balenciaga-1.webp\" alt=\"Chanel. \/ Launchmetrics Spotlight\"> <\/noscript> <i class=\"voc-icons zoom voc-multimedia-box voc-ico-l\"><\/i> <\/div><figcaption class=\"figure-caption\">Chanel. \/ Launchmetrics Spotlight<\/figcaption><\/picture>\n<\/div>\n<div id=\"photoZoomModal-168\" class=\"voc-lightbox modal fade voc-lightbox--photo-zoom\" role=\"dialog\" data-voc-photozoom-lightbox>\n<div class=\"voc-lightbox__dialog\" role=\"document\">\n<div class=\"voc-lightbox__content\"> <!-- Modal header --> <!-- Modal content --> <\/p>\n<div class=\"voc-lightbox__photo-container\"> <picture class> <img loading=\"lazy\" src=\"http:\/\/hoycordobaweb.com\/wp-content\/uploads\/2024\/06\/semana-de-la-alta-costura-de-paris-2024-del-ballet-romantico-de-chanel-en-el-palais-de-garnier-a-la-mujer-gotica-de-balenciaga-1.webp\" alt=\"Chanel. \/ Launchmetrics Spotlight\"> <noscript> <img src=\"http:\/\/hoycordobaweb.com\/wp-content\/uploads\/2024\/06\/semana-de-la-alta-costura-de-paris-2024-del-ballet-romantico-de-chanel-en-el-palais-de-garnier-a-la-mujer-gotica-de-balenciaga-1.webp\" alt=\"Chanel. \/ Launchmetrics Spotlight\"> <\/noscript> <\/picture> <\/div><\/div><\/div>\n<\/div>\n<p><h3 class=\"voc-detail__title\"> Los mejores looks de la Semana de la Alta Costura de Par\u00eds 2024: Chanel<br \/>\n<\/h3>\n<\/p>\n<p class=\"voc-paragraph\">Los elementos que resaltan en casi todos los dise\u00f1os se funden con las plumas, flores bordadas, trenzados o sat\u00e9n de duquesa. Todos estos materiales destapan la opulencia, pero tambi\u00e9n susurran delicadeza. <\/p>\n<div class=\"voc-detail-photo-zoom\"> <picture data-toggle=\"modal\" data-target=\"#photoZoomModal-721\" target=\"modal\">\n<div class=\"voc-img-icon-link\"> <img loading=\"lazy\" src=\"http:\/\/hoycordobaweb.com\/wp-content\/uploads\/2024\/06\/semana-de-la-alta-costura-de-paris-2024-del-ballet-romantico-de-chanel-en-el-palais-de-garnier-a-la-mujer-gotica-de-balenciaga-2.webp\" width=\"650\" height=\"900\" alt=\"Chanel. \/ Launchmetrics Spotlight\"> <noscript> <img src=\"http:\/\/hoycordobaweb.com\/wp-content\/uploads\/2024\/06\/semana-de-la-alta-costura-de-paris-2024-del-ballet-romantico-de-chanel-en-el-palais-de-garnier-a-la-mujer-gotica-de-balenciaga-2.webp\" alt=\"Chanel. \/ Launchmetrics Spotlight\"> <\/noscript> <i class=\"voc-icons zoom voc-multimedia-box voc-ico-l\"><\/i> <\/div><figcaption class=\"figure-caption\">Chanel. \/ Launchmetrics Spotlight<\/figcaption><\/picture>\n<\/div>\n<div id=\"photoZoomModal-721\" class=\"voc-lightbox modal fade voc-lightbox--photo-zoom\" role=\"dialog\" data-voc-photozoom-lightbox>\n<div class=\"voc-lightbox__dialog\" role=\"document\">\n<div class=\"voc-lightbox__content\"> <!-- Modal header --> <!-- Modal content --> <\/p>\n<div class=\"voc-lightbox__photo-container\"> <picture class> <img loading=\"lazy\" src=\"http:\/\/hoycordobaweb.com\/wp-content\/uploads\/2024\/06\/semana-de-la-alta-costura-de-paris-2024-del-ballet-romantico-de-chanel-en-el-palais-de-garnier-a-la-mujer-gotica-de-balenciaga-2.webp\" alt=\"Chanel. \/ Launchmetrics Spotlight\"> <noscript> <img src=\"http:\/\/hoycordobaweb.com\/wp-content\/uploads\/2024\/06\/semana-de-la-alta-costura-de-paris-2024-del-ballet-romantico-de-chanel-en-el-palais-de-garnier-a-la-mujer-gotica-de-balenciaga-2.webp\" alt=\"Chanel. \/ Launchmetrics Spotlight\"> <\/noscript> <\/picture> <\/div><\/div><\/div>\n<\/div>\n<p><h3 class=\"voc-detail__title\"> Los mejores looks de la Semana de la Alta Costura de Par\u00eds 2024: Chanel<br \/>\n<\/h3>\n<\/p>\n<p class=\"voc-paragraph\">Cabe destacar los vol\u00famenes y las mangas abullonadas sobre volantes plisados, con todo tipo de bordados y con un estilo rom\u00e1ntico que no deja a nadie indiferente. <\/p>\n<div class=\"voc-detail-photo-zoom\"> <picture data-toggle=\"modal\" data-target=\"#photoZoomModal-995\" target=\"modal\">\n<div class=\"voc-img-icon-link\"> <img loading=\"lazy\" src=\"http:\/\/hoycordobaweb.com\/wp-content\/uploads\/2024\/06\/semana-de-la-alta-costura-de-paris-2024-del-ballet-romantico-de-chanel-en-el-palais-de-garnier-a-la-mujer-gotica-de-balenciaga-3.webp\" width=\"650\" height=\"900\" alt=\"Chanel. \/ Launchmetrics Spotlight\"> <noscript> <img src=\"http:\/\/hoycordobaweb.com\/wp-content\/uploads\/2024\/06\/semana-de-la-alta-costura-de-paris-2024-del-ballet-romantico-de-chanel-en-el-palais-de-garnier-a-la-mujer-gotica-de-balenciaga-3.webp\" alt=\"Chanel. \/ Launchmetrics Spotlight\"> <\/noscript> <i class=\"voc-icons zoom voc-multimedia-box voc-ico-l\"><\/i> <\/div><figcaption class=\"figure-caption\">Chanel. \/ Launchmetrics Spotlight<\/figcaption><\/picture>\n<\/div>\n<div id=\"photoZoomModal-995\" class=\"voc-lightbox modal fade voc-lightbox--photo-zoom\" role=\"dialog\" data-voc-photozoom-lightbox>\n<div class=\"voc-lightbox__dialog\" role=\"document\">\n<div class=\"voc-lightbox__content\"> <!-- Modal header --> <!-- Modal content --> <\/p>\n<div class=\"voc-lightbox__photo-container\"> <picture class> <img loading=\"lazy\" src=\"http:\/\/hoycordobaweb.com\/wp-content\/uploads\/2024\/06\/semana-de-la-alta-costura-de-paris-2024-del-ballet-romantico-de-chanel-en-el-palais-de-garnier-a-la-mujer-gotica-de-balenciaga-3.webp\" alt=\"Chanel. \/ Launchmetrics Spotlight\"> <noscript> <img src=\"http:\/\/hoycordobaweb.com\/wp-content\/uploads\/2024\/06\/semana-de-la-alta-costura-de-paris-2024-del-ballet-romantico-de-chanel-en-el-palais-de-garnier-a-la-mujer-gotica-de-balenciaga-3.webp\" alt=\"Chanel. \/ Launchmetrics Spotlight\"> <\/noscript> <\/picture> <\/div><\/div><\/div>\n<\/div>\n<p><h3 class=\"voc-detail__title\"> Los mejores looks de la Semana de la Alta Costura de Par\u00eds 2024: Chanel<br \/>\n<\/h3>\n<\/p>\n<p class=\"voc-paragraph\">En cuanto a la paleta de colores, el negro y el oro son claves en la maestr\u00eda de la colecci\u00f3n, pero tambi\u00e9n el oro, marfil o diferentes tonalidades de rosa que realzan la silueta de la mujer. Tambi\u00e9n ofrece un gui\u00f1o con la perspectiva del ballet cl\u00e1sico y contempor\u00e1neo. <\/p>\n<div class=\"voc-detail-photo-zoom\"> <picture data-toggle=\"modal\" data-target=\"#photoZoomModal-977\" target=\"modal\">\n<div class=\"voc-img-icon-link\"> <img loading=\"lazy\" src=\"http:\/\/hoycordobaweb.com\/wp-content\/uploads\/2024\/06\/semana-de-la-alta-costura-de-paris-2024-del-ballet-romantico-de-chanel-en-el-palais-de-garnier-a-la-mujer-gotica-de-balenciaga-4.webp\" width=\"650\" height=\"900\" alt=\"Giorgio Armani Priv\u00e9. \/ Launchmetrics Spotlight\"> <noscript> <img src=\"http:\/\/hoycordobaweb.com\/wp-content\/uploads\/2024\/06\/semana-de-la-alta-costura-de-paris-2024-del-ballet-romantico-de-chanel-en-el-palais-de-garnier-a-la-mujer-gotica-de-balenciaga-4.webp\" alt=\"Giorgio Armani Priv\u00e9. \/ Launchmetrics Spotlight\"> <\/noscript> <i class=\"voc-icons zoom voc-multimedia-box voc-ico-l\"><\/i> <\/div><figcaption class=\"figure-caption\">Giorgio Armani Priv\u00e9. \/ Launchmetrics Spotlight<\/figcaption><\/picture>\n<\/div>\n<div id=\"photoZoomModal-977\" class=\"voc-lightbox modal fade voc-lightbox--photo-zoom\" role=\"dialog\" data-voc-photozoom-lightbox>\n<div class=\"voc-lightbox__dialog\" role=\"document\">\n<div class=\"voc-lightbox__content\"> <!-- Modal header --> <!-- Modal content --> <\/p>\n<div class=\"voc-lightbox__photo-container\"> <picture class> <img loading=\"lazy\" src=\"http:\/\/hoycordobaweb.com\/wp-content\/uploads\/2024\/06\/semana-de-la-alta-costura-de-paris-2024-del-ballet-romantico-de-chanel-en-el-palais-de-garnier-a-la-mujer-gotica-de-balenciaga-4.webp\" alt=\"Giorgio Armani Priv\u00e9. \/ Launchmetrics Spotlight\"> <noscript> <img src=\"http:\/\/hoycordobaweb.com\/wp-content\/uploads\/2024\/06\/semana-de-la-alta-costura-de-paris-2024-del-ballet-romantico-de-chanel-en-el-palais-de-garnier-a-la-mujer-gotica-de-balenciaga-4.webp\" alt=\"Giorgio Armani Priv\u00e9. \/ Launchmetrics Spotlight\"> <\/noscript> <\/picture> <\/div><\/div><\/div>\n<\/div>\n<p><h3 class=\"voc-detail__title\"> Los mejores looks de la Semana de la Alta Costura de Par\u00eds 2024: Giorgio Armani Priv\u00e9<br \/>\n<\/h3>\n<\/p>\n<p class=\"voc-paragraph\">Giorgio Armani es la elegancia indiscutible de la Semana de la Alta Costura, sus dise\u00f1os crean la uni\u00f3n de diferentes culturas a lo largo de la historia en su \u00faltima presentaci\u00f3n. Pero esta vez con un elemento com\u00fan: las perlas.\n<\/p>\n<div class=\"voc-detail-photo-zoom\"> <picture data-toggle=\"modal\" data-target=\"#photoZoomModal-314\" target=\"modal\">\n<div class=\"voc-img-icon-link\"> <img loading=\"lazy\" src=\"http:\/\/hoycordobaweb.com\/wp-content\/uploads\/2024\/06\/semana-de-la-alta-costura-de-paris-2024-del-ballet-romantico-de-chanel-en-el-palais-de-garnier-a-la-mujer-gotica-de-balenciaga-5.webp\" width=\"650\" height=\"900\" alt=\"Giorgio Armani Priv\u00e9. \/ Launchmetrics Spotlight\"> <noscript> <img src=\"http:\/\/hoycordobaweb.com\/wp-content\/uploads\/2024\/06\/semana-de-la-alta-costura-de-paris-2024-del-ballet-romantico-de-chanel-en-el-palais-de-garnier-a-la-mujer-gotica-de-balenciaga-5.webp\" alt=\"Giorgio Armani Priv\u00e9. \/ Launchmetrics Spotlight\"> <\/noscript> <i class=\"voc-icons zoom voc-multimedia-box voc-ico-l\"><\/i> <\/div><figcaption class=\"figure-caption\">Giorgio Armani Priv\u00e9. \/ Launchmetrics Spotlight<\/figcaption><\/picture>\n<\/div>\n<div id=\"photoZoomModal-314\" class=\"voc-lightbox modal fade voc-lightbox--photo-zoom\" role=\"dialog\" data-voc-photozoom-lightbox>\n<div class=\"voc-lightbox__dialog\" role=\"document\">\n<div class=\"voc-lightbox__content\"> <!-- Modal header --> <!-- Modal content --> <\/p>\n<div class=\"voc-lightbox__photo-container\"> <picture class> <img loading=\"lazy\" src=\"http:\/\/hoycordobaweb.com\/wp-content\/uploads\/2024\/06\/semana-de-la-alta-costura-de-paris-2024-del-ballet-romantico-de-chanel-en-el-palais-de-garnier-a-la-mujer-gotica-de-balenciaga-5.webp\" alt=\"Giorgio Armani Priv\u00e9. \/ Launchmetrics Spotlight\"> <noscript> <img src=\"http:\/\/hoycordobaweb.com\/wp-content\/uploads\/2024\/06\/semana-de-la-alta-costura-de-paris-2024-del-ballet-romantico-de-chanel-en-el-palais-de-garnier-a-la-mujer-gotica-de-balenciaga-5.webp\" alt=\"Giorgio Armani Priv\u00e9. \/ Launchmetrics Spotlight\"> <\/noscript> <\/picture> <\/div><\/div><\/div>\n<\/div>\n<p><h3 class=\"voc-detail__title\"> Los mejores looks de la Semana de la Alta Costura de Par\u00eds 2024: Giorgio Armani Priv\u00e9<br \/>\n<\/h3>\n<\/p>\n<p class=\"voc-paragraph\">Para el italiano la mujer busca un encanto discreto y seductor, pero que logra un estilismo con chaquetas de hombros marcados y pantalones vaporosos. Sobre todo, juega con la proporci\u00f3n de los materiales para conseguir efectos vaporosos.\n<\/p>\n<div class=\"voc-detail-photo-zoom\"> <picture data-toggle=\"modal\" data-target=\"#photoZoomModal-237\" target=\"modal\">\n<div class=\"voc-img-icon-link\"> <img loading=\"lazy\" src=\"http:\/\/hoycordobaweb.com\/wp-content\/uploads\/2024\/06\/semana-de-la-alta-costura-de-paris-2024-del-ballet-romantico-de-chanel-en-el-palais-de-garnier-a-la-mujer-gotica-de-balenciaga-6.webp\" width=\"650\" height=\"900\" alt=\"Giorgio Armani Priv\u00e9. \/ Launchmetrics Spotlight\"> <noscript> <img src=\"http:\/\/hoycordobaweb.com\/wp-content\/uploads\/2024\/06\/semana-de-la-alta-costura-de-paris-2024-del-ballet-romantico-de-chanel-en-el-palais-de-garnier-a-la-mujer-gotica-de-balenciaga-6.webp\" alt=\"Giorgio Armani Priv\u00e9. \/ Launchmetrics Spotlight\"> <\/noscript> <i class=\"voc-icons zoom voc-multimedia-box voc-ico-l\"><\/i> <\/div><figcaption class=\"figure-caption\">Giorgio Armani Priv\u00e9. \/ Launchmetrics Spotlight<\/figcaption><\/picture>\n<\/div>\n<div id=\"photoZoomModal-237\" class=\"voc-lightbox modal fade voc-lightbox--photo-zoom\" role=\"dialog\" data-voc-photozoom-lightbox>\n<div class=\"voc-lightbox__dialog\" role=\"document\">\n<div class=\"voc-lightbox__content\"> <!-- Modal header --> <!-- Modal content --> <\/p>\n<div class=\"voc-lightbox__photo-container\"> <picture class> <img loading=\"lazy\" src=\"http:\/\/hoycordobaweb.com\/wp-content\/uploads\/2024\/06\/semana-de-la-alta-costura-de-paris-2024-del-ballet-romantico-de-chanel-en-el-palais-de-garnier-a-la-mujer-gotica-de-balenciaga-6.webp\" alt=\"Giorgio Armani Priv\u00e9. \/ Launchmetrics Spotlight\"> <noscript> <img src=\"http:\/\/hoycordobaweb.com\/wp-content\/uploads\/2024\/06\/semana-de-la-alta-costura-de-paris-2024-del-ballet-romantico-de-chanel-en-el-palais-de-garnier-a-la-mujer-gotica-de-balenciaga-6.webp\" alt=\"Giorgio Armani Priv\u00e9. \/ Launchmetrics Spotlight\"> <\/noscript> <\/picture> <\/div><\/div><\/div>\n<\/div>\n<p><h3 class=\"voc-detail__title\"> Los mejores looks de la Semana de la Alta Costura de Par\u00eds 2024: Giorgio Armani Priv\u00e9<br \/>\n<\/h3>\n<\/p>\n<p class=\"voc-paragraph\">La colecci\u00f3n resplandece mediante la opulencia, expresada en una amalgama de blanco, platino, oro y negro, y por una gama de materiales preciosos como el jacquard de seda transl\u00facida, el terciopelo y el tul impalpable.\n<\/p>\n<div class=\"voc-detail-photo-zoom\"> <picture data-toggle=\"modal\" data-target=\"#photoZoomModal-574\" target=\"modal\">\n<div class=\"voc-img-icon-link\"> <img loading=\"lazy\" src=\"http:\/\/hoycordobaweb.com\/wp-content\/uploads\/2024\/06\/semana-de-la-alta-costura-de-paris-2024-del-ballet-romantico-de-chanel-en-el-palais-de-garnier-a-la-mujer-gotica-de-balenciaga-7.webp\" width=\"650\" height=\"900\" alt=\"Balenciaga. \/ Launchmetrics Spotlight\"> <noscript> <img src=\"http:\/\/hoycordobaweb.com\/wp-content\/uploads\/2024\/06\/semana-de-la-alta-costura-de-paris-2024-del-ballet-romantico-de-chanel-en-el-palais-de-garnier-a-la-mujer-gotica-de-balenciaga-7.webp\" alt=\"Balenciaga. \/ Launchmetrics Spotlight\"> <\/noscript> <i class=\"voc-icons zoom voc-multimedia-box voc-ico-l\"><\/i> <\/div><figcaption class=\"figure-caption\">Balenciaga. \/ Launchmetrics Spotlight<\/figcaption><\/picture>\n<\/div>\n<div id=\"photoZoomModal-574\" class=\"voc-lightbox modal fade voc-lightbox--photo-zoom\" role=\"dialog\" data-voc-photozoom-lightbox>\n<div class=\"voc-lightbox__dialog\" role=\"document\">\n<div class=\"voc-lightbox__content\"> <!-- Modal header --> <!-- Modal content --> <\/p>\n<div class=\"voc-lightbox__photo-container\"> <picture class> <img loading=\"lazy\" src=\"http:\/\/hoycordobaweb.com\/wp-content\/uploads\/2024\/06\/semana-de-la-alta-costura-de-paris-2024-del-ballet-romantico-de-chanel-en-el-palais-de-garnier-a-la-mujer-gotica-de-balenciaga-7.webp\" alt=\"Balenciaga. \/ Launchmetrics Spotlight\"> <noscript> <img src=\"http:\/\/hoycordobaweb.com\/wp-content\/uploads\/2024\/06\/semana-de-la-alta-costura-de-paris-2024-del-ballet-romantico-de-chanel-en-el-palais-de-garnier-a-la-mujer-gotica-de-balenciaga-7.webp\" alt=\"Balenciaga. \/ Launchmetrics Spotlight\"> <\/noscript> <\/picture> <\/div><\/div><\/div>\n<\/div>\n<p><h3 class=\"voc-detail__title\"> Los mejores looks de la Semana de la Alta Costura de Par\u00eds 2024: Balenciaga<br \/>\n<\/h3>\n<\/p>\n<p class=\"voc-paragraph\">Balenciaga ha conseguido que las redes sociales ardan con su \u00faltima colecci\u00f3n de Alta Costura. \u00bfEl motivo? El uso de elementos del pr\u00eat-\u00e0-porter que logran que la identidad de Demna Gvasalia sea m\u00e1s aut\u00e9ntica que nunca. <\/p>\n<div class=\"voc-detail-photo-zoom\"> <picture data-toggle=\"modal\" data-target=\"#photoZoomModal-126\" target=\"modal\">\n<div class=\"voc-img-icon-link\"> <img loading=\"lazy\" src=\"http:\/\/hoycordobaweb.com\/wp-content\/uploads\/2024\/06\/semana-de-la-alta-costura-de-paris-2024-del-ballet-romantico-de-chanel-en-el-palais-de-garnier-a-la-mujer-gotica-de-balenciaga-8.webp\" width=\"650\" height=\"900\" alt=\"Balenciaga. \/ Launchmetrics Spotlight\"> <noscript> <img src=\"http:\/\/hoycordobaweb.com\/wp-content\/uploads\/2024\/06\/semana-de-la-alta-costura-de-paris-2024-del-ballet-romantico-de-chanel-en-el-palais-de-garnier-a-la-mujer-gotica-de-balenciaga-8.webp\" alt=\"Balenciaga. \/ Launchmetrics Spotlight\"> <\/noscript> <i class=\"voc-icons zoom voc-multimedia-box voc-ico-l\"><\/i> <\/div><figcaption class=\"figure-caption\">Balenciaga. \/ Launchmetrics Spotlight<\/figcaption><\/picture>\n<\/div>\n<div id=\"photoZoomModal-126\" class=\"voc-lightbox modal fade voc-lightbox--photo-zoom\" role=\"dialog\" data-voc-photozoom-lightbox>\n<div class=\"voc-lightbox__dialog\" role=\"document\">\n<div class=\"voc-lightbox__content\"> <!-- Modal header --> <!-- Modal content --> <\/p>\n<div class=\"voc-lightbox__photo-container\"> <picture class> <img loading=\"lazy\" src=\"http:\/\/hoycordobaweb.com\/wp-content\/uploads\/2024\/06\/semana-de-la-alta-costura-de-paris-2024-del-ballet-romantico-de-chanel-en-el-palais-de-garnier-a-la-mujer-gotica-de-balenciaga-8.webp\" alt=\"Balenciaga. \/ Launchmetrics Spotlight\"> <noscript> <img src=\"http:\/\/hoycordobaweb.com\/wp-content\/uploads\/2024\/06\/semana-de-la-alta-costura-de-paris-2024-del-ballet-romantico-de-chanel-en-el-palais-de-garnier-a-la-mujer-gotica-de-balenciaga-8.webp\" alt=\"Balenciaga. \/ Launchmetrics Spotlight\"> <\/noscript> <\/picture> <\/div><\/div><\/div>\n<\/div>\n<p><h3 class=\"voc-detail__title\"> Los mejores looks de la Semana de la Alta Costura de Par\u00eds 2024: Balenciaga<br \/>\n<\/h3>\n<\/p>\n<p class=\"voc-paragraph\">El estilo g\u00f3tico prevalece como concepto inicial, pero evoluciona mediante materiales como el denim o el cuero para crear formas andr\u00f3ginas sobre vestidos o conjuntos dos piezas indescriptibles.\n<\/p>\n<div class=\"voc-detail-photo-zoom\"> <picture data-toggle=\"modal\" data-target=\"#photoZoomModal-906\" target=\"modal\">\n<div class=\"voc-img-icon-link\"> <img loading=\"lazy\" src=\"http:\/\/hoycordobaweb.com\/wp-content\/uploads\/2024\/06\/semana-de-la-alta-costura-de-paris-2024-del-ballet-romantico-de-chanel-en-el-palais-de-garnier-a-la-mujer-gotica-de-balenciaga-9.webp\" width=\"650\" height=\"900\" alt=\"Balenciaga. \/ Launchmetrics Spotlight\"> <noscript> <img src=\"http:\/\/hoycordobaweb.com\/wp-content\/uploads\/2024\/06\/semana-de-la-alta-costura-de-paris-2024-del-ballet-romantico-de-chanel-en-el-palais-de-garnier-a-la-mujer-gotica-de-balenciaga-9.webp\" alt=\"Balenciaga. \/ Launchmetrics Spotlight\"> <\/noscript> <i class=\"voc-icons zoom voc-multimedia-box voc-ico-l\"><\/i> <\/div><figcaption class=\"figure-caption\">Balenciaga. \/ Launchmetrics Spotlight<\/figcaption><\/picture>\n<\/div>\n<div id=\"photoZoomModal-906\" class=\"voc-lightbox modal fade voc-lightbox--photo-zoom\" role=\"dialog\" data-voc-photozoom-lightbox>\n<div class=\"voc-lightbox__dialog\" role=\"document\">\n<div class=\"voc-lightbox__content\"> <!-- Modal header --> <!-- Modal content --> <\/p>\n<div class=\"voc-lightbox__photo-container\"> <picture class> <img loading=\"lazy\" src=\"http:\/\/hoycordobaweb.com\/wp-content\/uploads\/2024\/06\/semana-de-la-alta-costura-de-paris-2024-del-ballet-romantico-de-chanel-en-el-palais-de-garnier-a-la-mujer-gotica-de-balenciaga-9.webp\" alt=\"Balenciaga. \/ Launchmetrics Spotlight\"> <noscript> <img src=\"http:\/\/hoycordobaweb.com\/wp-content\/uploads\/2024\/06\/semana-de-la-alta-costura-de-paris-2024-del-ballet-romantico-de-chanel-en-el-palais-de-garnier-a-la-mujer-gotica-de-balenciaga-9.webp\" alt=\"Balenciaga. \/ Launchmetrics Spotlight\"> <\/noscript> <\/picture> <\/div><\/div><\/div>\n<\/div>\n<p><h3 class=\"voc-detail__title\"> Los mejores looks de la Semana de la Alta Costura de Par\u00eds 2024: Balenciaga<br \/>\n<\/h3>\n<\/p>\n<p class=\"voc-paragraph\">Los vol\u00famenes, como no, son los grandes protagonistas sobre todo en dise\u00f1os m\u00e1s deportivos y en chaquetas plum\u00edferas. En cambio, los vestidos s\u00ed demuestran un poder visual gracias al uso del metalizado. <\/p>\n<div class=\"voc-detail-photo-zoom\"> <picture data-toggle=\"modal\" data-target=\"#photoZoomModal-924\" target=\"modal\">\n<div class=\"voc-img-icon-link\"> <img loading=\"lazy\" src=\"http:\/\/hoycordobaweb.com\/wp-content\/uploads\/2024\/06\/semana-de-la-alta-costura-de-paris-2024-del-ballet-romantico-de-chanel-en-el-palais-de-garnier-a-la-mujer-gotica-de-balenciaga-10.webp\" width=\"650\" height=\"900\" alt=\"Christian Dior. \/ Launchmetrics Spotlight\"> <noscript> <img src=\"http:\/\/hoycordobaweb.com\/wp-content\/uploads\/2024\/06\/semana-de-la-alta-costura-de-paris-2024-del-ballet-romantico-de-chanel-en-el-palais-de-garnier-a-la-mujer-gotica-de-balenciaga-10.webp\" alt=\"Christian Dior. \/ Launchmetrics Spotlight\"> <\/noscript> <i class=\"voc-icons zoom voc-multimedia-box voc-ico-l\"><\/i> <\/div><figcaption class=\"figure-caption\">Christian Dior. \/ Launchmetrics Spotlight<\/figcaption><\/picture>\n<\/div>\n<div id=\"photoZoomModal-924\" class=\"voc-lightbox modal fade voc-lightbox--photo-zoom\" role=\"dialog\" data-voc-photozoom-lightbox>\n<div class=\"voc-lightbox__dialog\" role=\"document\">\n<div class=\"voc-lightbox__content\"> <!-- Modal header --> <!-- Modal content --> <\/p>\n<div class=\"voc-lightbox__photo-container\"> <picture class> <img loading=\"lazy\" src=\"http:\/\/hoycordobaweb.com\/wp-content\/uploads\/2024\/06\/semana-de-la-alta-costura-de-paris-2024-del-ballet-romantico-de-chanel-en-el-palais-de-garnier-a-la-mujer-gotica-de-balenciaga-10.webp\" alt=\"Christian Dior. \/ Launchmetrics Spotlight\"> <noscript> <img src=\"http:\/\/hoycordobaweb.com\/wp-content\/uploads\/2024\/06\/semana-de-la-alta-costura-de-paris-2024-del-ballet-romantico-de-chanel-en-el-palais-de-garnier-a-la-mujer-gotica-de-balenciaga-10.webp\" alt=\"Christian Dior. \/ Launchmetrics Spotlight\"> <\/noscript> <\/picture> <\/div><\/div><\/div>\n<\/div>\n<p><h3 class=\"voc-detail__title\"> Los mejores looks de la Semana de la Alta Costura de Par\u00eds 2024: Christian Dior<br \/>\n<\/h3>\n<\/p>\n<p class=\"voc-paragraph\">Maria Grazia Chiuri, directora creativa de Christian Dior homenajea a los juegos ol\u00edmpicos con su \u00faltima colecci\u00f3n de alta costura, pero de una forma muy especial. Sobre todo, porque lo hace como tributo a todos los atletas sin distinci\u00f3n. Adem\u00e1s de ser una reivindicaci\u00f3n al cuerpo femenino, concepto muy usual de la maison.\n<\/p>\n<div class=\"voc-detail-photo-zoom\"> <picture data-toggle=\"modal\" data-target=\"#photoZoomModal-748\" target=\"modal\">\n<div class=\"voc-img-icon-link\"> <img loading=\"lazy\" src=\"http:\/\/hoycordobaweb.com\/wp-content\/uploads\/2024\/06\/semana-de-la-alta-costura-de-paris-2024-del-ballet-romantico-de-chanel-en-el-palais-de-garnier-a-la-mujer-gotica-de-balenciaga-1.jpg\" width=\"650\" height=\"900\" alt=\"Christian Dior. \/ Launchmetrics Spotlight\"> <noscript> <img src=\"http:\/\/hoycordobaweb.com\/wp-content\/uploads\/2024\/06\/semana-de-la-alta-costura-de-paris-2024-del-ballet-romantico-de-chanel-en-el-palais-de-garnier-a-la-mujer-gotica-de-balenciaga-1.jpg\" alt=\"Christian Dior. \/ Launchmetrics Spotlight\"> <\/noscript> <i class=\"voc-icons zoom voc-multimedia-box voc-ico-l\"><\/i> <\/div><figcaption class=\"figure-caption\">Christian Dior. \/ Launchmetrics Spotlight<\/figcaption><\/picture>\n<\/div>\n<div id=\"photoZoomModal-748\" class=\"voc-lightbox modal fade voc-lightbox--photo-zoom\" role=\"dialog\" data-voc-photozoom-lightbox>\n<div class=\"voc-lightbox__dialog\" role=\"document\">\n<div class=\"voc-lightbox__content\"> <!-- Modal header --> <!-- Modal content --> <\/p>\n<div class=\"voc-lightbox__photo-container\"> <picture class> <img loading=\"lazy\" src=\"http:\/\/hoycordobaweb.com\/wp-content\/uploads\/2024\/06\/semana-de-la-alta-costura-de-paris-2024-del-ballet-romantico-de-chanel-en-el-palais-de-garnier-a-la-mujer-gotica-de-balenciaga-1.jpg\" alt=\"Christian Dior. \/ Launchmetrics Spotlight\"> <noscript> <img src=\"http:\/\/hoycordobaweb.com\/wp-content\/uploads\/2024\/06\/semana-de-la-alta-costura-de-paris-2024-del-ballet-romantico-de-chanel-en-el-palais-de-garnier-a-la-mujer-gotica-de-balenciaga-1.jpg\" alt=\"Christian Dior. \/ Launchmetrics Spotlight\"> <\/noscript> <\/picture> <\/div><\/div><\/div>\n<\/div>\n<p><h3 class=\"voc-detail__title\"> Los mejores looks de la Semana de la Alta Costura de Par\u00eds 2024: Christian Dior<br \/>\n<\/h3>\n<\/p>\n<p class=\"voc-paragraph\">Otro punto clave ha sido la obra de la artista fallecida Faith Ringgold y diferentes mosaicos de villas romanas con representaci\u00f3n de atletas de la \u00e9poca. Pero la inspiraci\u00f3n de Maria Grazia va m\u00e1s all\u00e1 y toma como referencia la silueta escultural de las cari\u00e1tides para sus vestidos et\u00e9reos.\n<\/p>\n<div class=\"voc-detail-photo-zoom\"> <picture data-toggle=\"modal\" data-target=\"#photoZoomModal-639\" target=\"modal\">\n<div class=\"voc-img-icon-link\"> <img loading=\"lazy\" src=\"http:\/\/hoycordobaweb.com\/wp-content\/uploads\/2024\/06\/semana-de-la-alta-costura-de-paris-2024-del-ballet-romantico-de-chanel-en-el-palais-de-garnier-a-la-mujer-gotica-de-balenciaga-11.webp\" width=\"650\" height=\"900\" alt=\"Christian Dior. \/ Launchmetrics Spotlight\"> <noscript> <img src=\"http:\/\/hoycordobaweb.com\/wp-content\/uploads\/2024\/06\/semana-de-la-alta-costura-de-paris-2024-del-ballet-romantico-de-chanel-en-el-palais-de-garnier-a-la-mujer-gotica-de-balenciaga-11.webp\" alt=\"Christian Dior. \/ Launchmetrics Spotlight\"> <\/noscript> <i class=\"voc-icons zoom voc-multimedia-box voc-ico-l\"><\/i> <\/div><figcaption class=\"figure-caption\">Christian Dior. \/ Launchmetrics Spotlight<\/figcaption><\/picture>\n<\/div>\n<div id=\"photoZoomModal-639\" class=\"voc-lightbox modal fade voc-lightbox--photo-zoom\" role=\"dialog\" data-voc-photozoom-lightbox>\n<div class=\"voc-lightbox__dialog\" role=\"document\">\n<div class=\"voc-lightbox__content\"> <!-- Modal header --> <!-- Modal content --> <\/p>\n<div class=\"voc-lightbox__photo-container\"> <picture class> <img loading=\"lazy\" src=\"http:\/\/hoycordobaweb.com\/wp-content\/uploads\/2024\/06\/semana-de-la-alta-costura-de-paris-2024-del-ballet-romantico-de-chanel-en-el-palais-de-garnier-a-la-mujer-gotica-de-balenciaga-11.webp\" alt=\"Christian Dior. \/ Launchmetrics Spotlight\"> <noscript> <img src=\"http:\/\/hoycordobaweb.com\/wp-content\/uploads\/2024\/06\/semana-de-la-alta-costura-de-paris-2024-del-ballet-romantico-de-chanel-en-el-palais-de-garnier-a-la-mujer-gotica-de-balenciaga-11.webp\" alt=\"Christian Dior. \/ Launchmetrics Spotlight\"> <\/noscript> <\/picture> <\/div><\/div><\/div>\n<\/div>\n<p><h3 class=\"voc-detail__title\"> Los mejores looks de la Semana de la Alta Costura de Par\u00eds 2024: Christian Dior<br \/>\n<\/h3>\n<\/p>\n<p class=\"voc-paragraph\">Los flecos en todas sus vertientes \u2014metalizados, extralargos y como cinturones\u2014 son un elemento clave que convierte esta colecci\u00f3n en un claro ejemplo de pura artesan\u00eda. Adem\u00e1s, el drapeado cobra sentido en m\u00faltiples dise\u00f1os que realzan la figura femenina.\n<\/p>\n<div class=\"voc-detail-photo-zoom\"> <picture data-toggle=\"modal\" data-target=\"#photoZoomModal-197\" target=\"modal\">\n<div class=\"voc-img-icon-link\"> <img loading=\"lazy\" src=\"http:\/\/hoycordobaweb.com\/wp-content\/uploads\/2024\/06\/semana-de-la-alta-costura-de-paris-2024-del-ballet-romantico-de-chanel-en-el-palais-de-garnier-a-la-mujer-gotica-de-balenciaga-12.webp\" width=\"650\" height=\"900\" alt=\"Christian Dior. \/ Launchmetrics Spotlight\"> <noscript> <img src=\"http:\/\/hoycordobaweb.com\/wp-content\/uploads\/2024\/06\/semana-de-la-alta-costura-de-paris-2024-del-ballet-romantico-de-chanel-en-el-palais-de-garnier-a-la-mujer-gotica-de-balenciaga-12.webp\" alt=\"Christian Dior. \/ Launchmetrics Spotlight\"> <\/noscript> <i class=\"voc-icons zoom voc-multimedia-box voc-ico-l\"><\/i> <\/div><figcaption class=\"figure-caption\">Christian Dior. \/ Launchmetrics Spotlight<\/figcaption><\/picture>\n<\/div>\n<div id=\"photoZoomModal-197\" class=\"voc-lightbox modal fade voc-lightbox--photo-zoom\" role=\"dialog\" data-voc-photozoom-lightbox>\n<div class=\"voc-lightbox__dialog\" role=\"document\">\n<div class=\"voc-lightbox__content\"> <!-- Modal header --> <!-- Modal content --> <\/p>\n<div class=\"voc-lightbox__photo-container\"> <picture class> <img loading=\"lazy\" src=\"http:\/\/hoycordobaweb.com\/wp-content\/uploads\/2024\/06\/semana-de-la-alta-costura-de-paris-2024-del-ballet-romantico-de-chanel-en-el-palais-de-garnier-a-la-mujer-gotica-de-balenciaga-12.webp\" alt=\"Christian Dior. \/ Launchmetrics Spotlight\"> <noscript> <img src=\"http:\/\/hoycordobaweb.com\/wp-content\/uploads\/2024\/06\/semana-de-la-alta-costura-de-paris-2024-del-ballet-romantico-de-chanel-en-el-palais-de-garnier-a-la-mujer-gotica-de-balenciaga-12.webp\" alt=\"Christian Dior. \/ Launchmetrics Spotlight\"> <\/noscript> <\/picture> <\/div><\/div><\/div>\n<\/div>\n<p><h3 class=\"voc-detail__title\"> Los mejores looks de la Semana de la Alta Costura de Par\u00eds 2024: Christian Dior<br \/>\n<\/h3>\n<\/p>\n<p class=\"voc-paragraph\">Uno de los grandes hitos es el calzado: sandalias sin tac\u00f3n. Christian Dior refleja un calzado c\u00f3modo y plano que se combina perfectamente con dise\u00f1os de haute couture sin r\u00e9plica alguna.\n<\/p>\n<div class=\"voc-detail-photo-zoom\"> <picture data-toggle=\"modal\" data-target=\"#photoZoomModal-582\" target=\"modal\">\n<div class=\"voc-img-icon-link\"> <img loading=\"lazy\" src=\"http:\/\/hoycordobaweb.com\/wp-content\/uploads\/2024\/06\/semana-de-la-alta-costura-de-paris-2024-del-ballet-romantico-de-chanel-en-el-palais-de-garnier-a-la-mujer-gotica-de-balenciaga-13.webp\" width=\"650\" height=\"900\" alt=\"Giambattista Valli. \/ Launchmetrics Spotlight\"> <noscript> <img src=\"http:\/\/hoycordobaweb.com\/wp-content\/uploads\/2024\/06\/semana-de-la-alta-costura-de-paris-2024-del-ballet-romantico-de-chanel-en-el-palais-de-garnier-a-la-mujer-gotica-de-balenciaga-13.webp\" alt=\"Giambattista Valli. \/ Launchmetrics Spotlight\"> <\/noscript> <i class=\"voc-icons zoom voc-multimedia-box voc-ico-l\"><\/i> <\/div><figcaption class=\"figure-caption\">Giambattista Valli. \/ Launchmetrics Spotlight<\/figcaption><\/picture>\n<\/div>\n<div id=\"photoZoomModal-582\" class=\"voc-lightbox modal fade voc-lightbox--photo-zoom\" role=\"dialog\" data-voc-photozoom-lightbox>\n<div class=\"voc-lightbox__dialog\" role=\"document\">\n<div class=\"voc-lightbox__content\"> <!-- Modal header --> <!-- Modal content --> <\/p>\n<div class=\"voc-lightbox__photo-container\"> <picture class> <img loading=\"lazy\" src=\"http:\/\/hoycordobaweb.com\/wp-content\/uploads\/2024\/06\/semana-de-la-alta-costura-de-paris-2024-del-ballet-romantico-de-chanel-en-el-palais-de-garnier-a-la-mujer-gotica-de-balenciaga-13.webp\" alt=\"Giambattista Valli. \/ Launchmetrics Spotlight\"> <noscript> <img src=\"http:\/\/hoycordobaweb.com\/wp-content\/uploads\/2024\/06\/semana-de-la-alta-costura-de-paris-2024-del-ballet-romantico-de-chanel-en-el-palais-de-garnier-a-la-mujer-gotica-de-balenciaga-13.webp\" alt=\"Giambattista Valli. \/ Launchmetrics Spotlight\"> <\/noscript> <\/picture> <\/div><\/div><\/div>\n<\/div>\n<p><h3 class=\"voc-detail__title\"> Los mejores looks de la Semana de la Alta Costura de Par\u00eds 2024: Giambattista Valli<br \/>\n<\/h3>\n<\/p>\n<p class=\"voc-paragraph\">Giambattista Valli nos devuelve cada temporada a la magia de los dise\u00f1os voluminosos y rom\u00e1nticos, una estela que sigue vigente en todos sus desfiles. Sin embargo, en esta ocasi\u00f3n destacan colores vibrantes como el fucsia, el amarillo o un verde lima.\n<\/p>\n<div class=\"voc-detail-photo-zoom\"> <picture data-toggle=\"modal\" data-target=\"#photoZoomModal-180\" target=\"modal\">\n<div class=\"voc-img-icon-link\"> <img loading=\"lazy\" src=\"http:\/\/hoycordobaweb.com\/wp-content\/uploads\/2024\/06\/semana-de-la-alta-costura-de-paris-2024-del-ballet-romantico-de-chanel-en-el-palais-de-garnier-a-la-mujer-gotica-de-balenciaga-14.webp\" width=\"650\" height=\"900\" alt=\"Giambattista Valli. \/ Launchmetrics Spotlight\"> <noscript> <img src=\"http:\/\/hoycordobaweb.com\/wp-content\/uploads\/2024\/06\/semana-de-la-alta-costura-de-paris-2024-del-ballet-romantico-de-chanel-en-el-palais-de-garnier-a-la-mujer-gotica-de-balenciaga-14.webp\" alt=\"Giambattista Valli. \/ Launchmetrics Spotlight\"> <\/noscript> <i class=\"voc-icons zoom voc-multimedia-box voc-ico-l\"><\/i> <\/div><figcaption class=\"figure-caption\">Giambattista Valli. \/ Launchmetrics Spotlight<\/figcaption><\/picture>\n<\/div>\n<div id=\"photoZoomModal-180\" class=\"voc-lightbox modal fade voc-lightbox--photo-zoom\" role=\"dialog\" data-voc-photozoom-lightbox>\n<div class=\"voc-lightbox__dialog\" role=\"document\">\n<div class=\"voc-lightbox__content\"> <!-- Modal header --> <!-- Modal content --> <\/p>\n<div class=\"voc-lightbox__photo-container\"> <picture class> <img loading=\"lazy\" src=\"http:\/\/hoycordobaweb.com\/wp-content\/uploads\/2024\/06\/semana-de-la-alta-costura-de-paris-2024-del-ballet-romantico-de-chanel-en-el-palais-de-garnier-a-la-mujer-gotica-de-balenciaga-14.webp\" alt=\"Giambattista Valli. \/ Launchmetrics Spotlight\"> <noscript> <img src=\"http:\/\/hoycordobaweb.com\/wp-content\/uploads\/2024\/06\/semana-de-la-alta-costura-de-paris-2024-del-ballet-romantico-de-chanel-en-el-palais-de-garnier-a-la-mujer-gotica-de-balenciaga-14.webp\" alt=\"Giambattista Valli. \/ Launchmetrics Spotlight\"> <\/noscript> <\/picture> <\/div><\/div><\/div>\n<\/div>\n<p><h3 class=\"voc-detail__title\"> Los mejores looks de la Semana de la Alta Costura de Par\u00eds 2024: Giambattista Valli<br \/>\n<\/h3>\n<\/p>\n<p class=\"voc-paragraph\">Cada dise\u00f1o evoca a la naturaleza, pero sobre todo a un jard\u00edn de ensue\u00f1o del que nunca querr\u00e1s despertar. Cada vestido cuenta con apliques florales que realzan a\u00fan m\u00e1s el dramatismo de la firma.\n<\/p>\n<div class=\"voc-detail-photo-zoom\"> <picture data-toggle=\"modal\" data-target=\"#photoZoomModal-356\" target=\"modal\">\n<div class=\"voc-img-icon-link\"> <img loading=\"lazy\" src=\"http:\/\/hoycordobaweb.com\/wp-content\/uploads\/2024\/06\/semana-de-la-alta-costura-de-paris-2024-del-ballet-romantico-de-chanel-en-el-palais-de-garnier-a-la-mujer-gotica-de-balenciaga-2.jpg\" width=\"650\" height=\"900\" alt=\"Giambattista Valli. \/ Launchmetrics Spotlight\"> <noscript> <img src=\"http:\/\/hoycordobaweb.com\/wp-content\/uploads\/2024\/06\/semana-de-la-alta-costura-de-paris-2024-del-ballet-romantico-de-chanel-en-el-palais-de-garnier-a-la-mujer-gotica-de-balenciaga-2.jpg\" alt=\"Giambattista Valli. \/ Launchmetrics Spotlight\"> <\/noscript> <i class=\"voc-icons zoom voc-multimedia-box voc-ico-l\"><\/i> <\/div><figcaption class=\"figure-caption\">Giambattista Valli. \/ Launchmetrics Spotlight<\/figcaption><\/picture>\n<\/div>\n<div id=\"photoZoomModal-356\" class=\"voc-lightbox modal fade voc-lightbox--photo-zoom\" role=\"dialog\" data-voc-photozoom-lightbox>\n<div class=\"voc-lightbox__dialog\" role=\"document\">\n<div class=\"voc-lightbox__content\"> <!-- Modal header --> <!-- Modal content --> <\/p>\n<div class=\"voc-lightbox__photo-container\"> <picture class> <img loading=\"lazy\" src=\"http:\/\/hoycordobaweb.com\/wp-content\/uploads\/2024\/06\/semana-de-la-alta-costura-de-paris-2024-del-ballet-romantico-de-chanel-en-el-palais-de-garnier-a-la-mujer-gotica-de-balenciaga-2.jpg\" alt=\"Giambattista Valli. \/ Launchmetrics Spotlight\"> <noscript> <img src=\"http:\/\/hoycordobaweb.com\/wp-content\/uploads\/2024\/06\/semana-de-la-alta-costura-de-paris-2024-del-ballet-romantico-de-chanel-en-el-palais-de-garnier-a-la-mujer-gotica-de-balenciaga-2.jpg\" alt=\"Giambattista Valli. \/ Launchmetrics Spotlight\"> <\/noscript> <\/picture> <\/div><\/div><\/div>\n<\/div>\n<p><h3 class=\"voc-detail__title\"> Los mejores looks de la Semana de la Alta Costura de Par\u00eds 2024: Giambattista Valli<br \/>\n<\/h3>\n<\/p>\n<p class=\"voc-paragraph\">Las plumas, faldas de vuelo y tejidos fluidos son algunos de los elementos que destacan la colecci\u00f3n en cada look. Pero tambi\u00e9n lo hace el uso de la capucha como nueva integrante de la imaginer\u00eda de Valli. <\/p>\n<div class=\"voc-detail-photo-zoom\"> <picture data-toggle=\"modal\" data-target=\"#photoZoomModal-821\" target=\"modal\">\n<div class=\"voc-img-icon-link\"> <img loading=\"lazy\" src=\"http:\/\/hoycordobaweb.com\/wp-content\/uploads\/2024\/06\/semana-de-la-alta-costura-de-paris-2024-del-ballet-romantico-de-chanel-en-el-palais-de-garnier-a-la-mujer-gotica-de-balenciaga-15.webp\" width=\"650\" height=\"900\" alt=\"Juana Mart\u00edn. \/ Launchmetrics Spotlight\"> <noscript> <img src=\"http:\/\/hoycordobaweb.com\/wp-content\/uploads\/2024\/06\/semana-de-la-alta-costura-de-paris-2024-del-ballet-romantico-de-chanel-en-el-palais-de-garnier-a-la-mujer-gotica-de-balenciaga-15.webp\" alt=\"Juana Mart\u00edn. \/ Launchmetrics Spotlight\"> <\/noscript> <i class=\"voc-icons zoom voc-multimedia-box voc-ico-l\"><\/i> <\/div><figcaption class=\"figure-caption\">Juana Mart\u00edn. \/ Launchmetrics Spotlight<\/figcaption><\/picture>\n<\/div>\n<div id=\"photoZoomModal-821\" class=\"voc-lightbox modal fade voc-lightbox--photo-zoom\" role=\"dialog\" data-voc-photozoom-lightbox>\n<div class=\"voc-lightbox__dialog\" role=\"document\">\n<div class=\"voc-lightbox__content\"> <!-- Modal header --> <!-- Modal content --> <\/p>\n<div class=\"voc-lightbox__photo-container\"> <picture class> <img loading=\"lazy\" src=\"http:\/\/hoycordobaweb.com\/wp-content\/uploads\/2024\/06\/semana-de-la-alta-costura-de-paris-2024-del-ballet-romantico-de-chanel-en-el-palais-de-garnier-a-la-mujer-gotica-de-balenciaga-15.webp\" alt=\"Juana Mart\u00edn. \/ Launchmetrics Spotlight\"> <noscript> <img src=\"http:\/\/hoycordobaweb.com\/wp-content\/uploads\/2024\/06\/semana-de-la-alta-costura-de-paris-2024-del-ballet-romantico-de-chanel-en-el-palais-de-garnier-a-la-mujer-gotica-de-balenciaga-15.webp\" alt=\"Juana Mart\u00edn. \/ Launchmetrics Spotlight\"> <\/noscript> <\/picture> <\/div><\/div><\/div>\n<\/div>\n<p><h3 class=\"voc-detail__title\"> Los mejores looks de la Semana de la Alta Costura de Par\u00eds 2024: Juana Mart\u00edn<br \/>\n<\/h3>\n<\/p>\n<p class=\"voc-paragraph\">La cordobesa Juana Mart\u00edn ha presentado su quinta colecci\u00f3n &#8216;Pared de Cal&#8217; en la Semana de Alta Costura de Par\u00eds. En sus dise\u00f1os se palpa el sentir de la mujer andaluza y mediante una lucha legendaria: el bien contra el mal. <\/p>\n<div class=\"voc-detail-photo-zoom\"> <picture data-toggle=\"modal\" data-target=\"#photoZoomModal-397\" target=\"modal\">\n<div class=\"voc-img-icon-link\"> <img loading=\"lazy\" src=\"http:\/\/hoycordobaweb.com\/wp-content\/uploads\/2024\/06\/semana-de-la-alta-costura-de-paris-2024-del-ballet-romantico-de-chanel-en-el-palais-de-garnier-a-la-mujer-gotica-de-balenciaga-16.webp\" width=\"650\" height=\"900\" alt=\"Juana Mart\u00edn. \/ Launchmetrics Spotlight\"> <noscript> <img src=\"http:\/\/hoycordobaweb.com\/wp-content\/uploads\/2024\/06\/semana-de-la-alta-costura-de-paris-2024-del-ballet-romantico-de-chanel-en-el-palais-de-garnier-a-la-mujer-gotica-de-balenciaga-16.webp\" alt=\"Juana Mart\u00edn. \/ Launchmetrics Spotlight\"> <\/noscript> <i class=\"voc-icons zoom voc-multimedia-box voc-ico-l\"><\/i> <\/div><figcaption class=\"figure-caption\">Juana Mart\u00edn. \/ Launchmetrics Spotlight<\/figcaption><\/picture>\n<\/div>\n<div id=\"photoZoomModal-397\" class=\"voc-lightbox modal fade voc-lightbox--photo-zoom\" role=\"dialog\" data-voc-photozoom-lightbox>\n<div class=\"voc-lightbox__dialog\" role=\"document\">\n<div class=\"voc-lightbox__content\"> <!-- Modal header --> <!-- Modal content --> <\/p>\n<div class=\"voc-lightbox__photo-container\"> <picture class> <img loading=\"lazy\" src=\"http:\/\/hoycordobaweb.com\/wp-content\/uploads\/2024\/06\/semana-de-la-alta-costura-de-paris-2024-del-ballet-romantico-de-chanel-en-el-palais-de-garnier-a-la-mujer-gotica-de-balenciaga-16.webp\" alt=\"Juana Mart\u00edn. \/ Launchmetrics Spotlight\"> <noscript> <img src=\"http:\/\/hoycordobaweb.com\/wp-content\/uploads\/2024\/06\/semana-de-la-alta-costura-de-paris-2024-del-ballet-romantico-de-chanel-en-el-palais-de-garnier-a-la-mujer-gotica-de-balenciaga-16.webp\" alt=\"Juana Mart\u00edn. \/ Launchmetrics Spotlight\"> <\/noscript> <\/picture> <\/div><\/div><\/div>\n<\/div>\n<p><h3 class=\"voc-detail__title\"> Los mejores looks de la Semana de la Alta Costura de Par\u00eds 2024: Juana Mart\u00edn<br \/>\n<\/h3>\n<\/p>\n<p class=\"voc-paragraph\">Adem\u00e1s, lo hace con dos colores muy andaluces, como son el blanco y el negro, pero tambi\u00e9n el rojo que tilda de protagonista en looks m\u00e1s voluminosos con aires dram\u00e1ticos. La arquitectura de su tierra refleja tambi\u00e9n las caracter\u00edsticas paredes encaladas de las casas del Sur.\n<\/p>\n<div class=\"voc-detail-photo-zoom\"> <picture data-toggle=\"modal\" data-target=\"#photoZoomModal-355\" target=\"modal\">\n<div class=\"voc-img-icon-link\"> <img loading=\"lazy\" src=\"http:\/\/hoycordobaweb.com\/wp-content\/uploads\/2024\/06\/semana-de-la-alta-costura-de-paris-2024-del-ballet-romantico-de-chanel-en-el-palais-de-garnier-a-la-mujer-gotica-de-balenciaga-17.webp\" width=\"650\" height=\"900\" alt=\"Juana Mart\u00edn. \/ Launchmetrics Spotlight\"> <noscript> <img src=\"http:\/\/hoycordobaweb.com\/wp-content\/uploads\/2024\/06\/semana-de-la-alta-costura-de-paris-2024-del-ballet-romantico-de-chanel-en-el-palais-de-garnier-a-la-mujer-gotica-de-balenciaga-17.webp\" alt=\"Juana Mart\u00edn. \/ Launchmetrics Spotlight\"> <\/noscript> <i class=\"voc-icons zoom voc-multimedia-box voc-ico-l\"><\/i> <\/div><figcaption class=\"figure-caption\">Juana Mart\u00edn. \/ Launchmetrics Spotlight<\/figcaption><\/picture>\n<\/div>\n<div id=\"photoZoomModal-355\" class=\"voc-lightbox modal fade voc-lightbox--photo-zoom\" role=\"dialog\" data-voc-photozoom-lightbox>\n<div class=\"voc-lightbox__dialog\" role=\"document\">\n<div class=\"voc-lightbox__content\"> <!-- Modal header --> <!-- Modal content --> <\/p>\n<div class=\"voc-lightbox__photo-container\"> <picture class> <img loading=\"lazy\" src=\"http:\/\/hoycordobaweb.com\/wp-content\/uploads\/2024\/06\/semana-de-la-alta-costura-de-paris-2024-del-ballet-romantico-de-chanel-en-el-palais-de-garnier-a-la-mujer-gotica-de-balenciaga-17.webp\" alt=\"Juana Mart\u00edn. \/ Launchmetrics Spotlight\"> <noscript> <img src=\"http:\/\/hoycordobaweb.com\/wp-content\/uploads\/2024\/06\/semana-de-la-alta-costura-de-paris-2024-del-ballet-romantico-de-chanel-en-el-palais-de-garnier-a-la-mujer-gotica-de-balenciaga-17.webp\" alt=\"Juana Mart\u00edn. \/ Launchmetrics Spotlight\"> <\/noscript> <\/picture> <\/div><\/div><\/div>\n<\/div>\n<p><h3 class=\"voc-detail__title\"> Los mejores looks de la Semana de la Alta Costura de Par\u00eds 2024: Juana Mart\u00edn<br \/>\n<\/h3>\n<\/p>\n<p class=\"voc-paragraph\">La gasa ha sido un elemento predominante en toda la colecci\u00f3n creando una est\u00e9tica muy sensual, pero a la vez elegante. Adem\u00e1s, de complementarse con transparencias y plumas como los detalles ideales.\n<\/p>\n<p class=\"voc-paragraph\">Tras la finalizaci\u00f3n de los desfiles de Alta Costura, solo queda disfrutar de los meses estivales antes de los desfiles de pr\u00eat-\u00e0-porter y de nuestra pasarela nacional, la <a data-voc-vtm-id=\"in-text-traffic\" href=\"https:\/\/www.mujerhoy.com\/temas\/eventos\/mercedes-benz-fashion-week-madrid.html\">Mercedes-Benz Fashion Week Madrid<\/a>, que se celebrar\u00e1 del 12 al 16 de septiembre. Solo nos queda esperar para descubrir las pr\u00f3ximas tendencias y encontrar la <strong>mejor inspiraci\u00f3n para nuestros looks<\/strong>. \u00a1No te los pierdas!\n<\/p>\n<p> <!-- TOPICS --> <\/p>\n","protected":false},"excerpt":{"rendered":"<p>Diego Rueda Actualizado \u00b7 26 de junio de 2024, 16:54 h Tras los desfiles de moda masculina, es el turno de cerrar la temporada con la Semana de la Alta Costura de Par\u00eds. La emblem\u00e1tica Ciudad de la Luz divide en cuatro jornadas intensas las diferentes colecciones que deslumbrar\u00e1n al mundo de cara al oto\u00f1o [&hellip;]<\/p>\n","protected":false},"author":1,"featured_media":79511,"comment_status":"closed","ping_status":"closed","sticky":false,"template":"","format":"standard","meta":[],"categories":[],"tags":[],"_links":{"self":[{"href":"http:\/\/hoycordobaweb.com\/index.php\/wp-json\/wp\/v2\/posts\/79510"}],"collection":[{"href":"http:\/\/hoycordobaweb.com\/index.php\/wp-json\/wp\/v2\/posts"}],"about":[{"href":"http:\/\/hoycordobaweb.com\/index.php\/wp-json\/wp\/v2\/types\/post"}],"author":[{"embeddable":true,"href":"http:\/\/hoycordobaweb.com\/index.php\/wp-json\/wp\/v2\/users\/1"}],"replies":[{"embeddable":true,"href":"http:\/\/hoycordobaweb.com\/index.php\/wp-json\/wp\/v2\/comments?post=79510"}],"version-history":[{"count":0,"href":"http:\/\/hoycordobaweb.com\/index.php\/wp-json\/wp\/v2\/posts\/79510\/revisions"}],"wp:featuredmedia":[{"embeddable":true,"href":"http:\/\/hoycordobaweb.com\/index.php\/wp-json\/wp\/v2\/media\/79511"}],"wp:attachment":[{"href":"http:\/\/hoycordobaweb.com\/index.php\/wp-json\/wp\/v2\/media?parent=79510"}],"wp:term":[{"taxonomy":"category","embeddable":true,"href":"http:\/\/hoycordobaweb.com\/index.php\/wp-json\/wp\/v2\/categories?post=79510"},{"taxonomy":"post_tag","embeddable":true,"href":"http:\/\/hoycordobaweb.com\/index.php\/wp-json\/wp\/v2\/tags?post=79510"}],"curies":[{"name":"wp","href":"https:\/\/api.w.org\/{rel}","templated":true}]}}