{"id":79459,"date":"2024-06-25T02:53:00","date_gmt":"2024-06-25T02:53:00","guid":{"rendered":"http:\/\/hoycordobaweb.com\/index.php\/2024\/06\/25\/el-ministro-de-transporte-espanol-no-suelta-a-milei-nego-llamarlo-drogadicto-y-lo-acuso-de-oir-voces\/"},"modified":"2024-06-25T02:53:00","modified_gmt":"2024-06-25T02:53:00","slug":"el-ministro-de-transporte-espanol-no-suelta-a-milei-nego-llamarlo-drogadicto-y-lo-acuso-de-oir-voces","status":"publish","type":"post","link":"http:\/\/hoycordobaweb.com\/index.php\/2024\/06\/25\/el-ministro-de-transporte-espanol-no-suelta-a-milei-nego-llamarlo-drogadicto-y-lo-acuso-de-oir-voces\/","title":{"rendered":"El ministro de Transporte espa\u00f1ol no suelta a Milei: neg\u00f3 llamarlo drogadicto y lo acus\u00f3 de \u00abo\u00edr voces\u00bb"},"content":{"rendered":"<div class=\"media_block\"><\/div>\n<div><img src=\"http:\/\/hoycordobaweb.com\/wp-content\/uploads\/2024\/06\/el-ministro-de-transporte-espanol-no-suelta-a-milei-nego-llamarlo-drogadicto-y-lo-acuso-de-oir-voces-1.jpg\" class=\"ff-og-image-inserted\"><\/div>\n<p><strong><a target=\"_blank\" href=\"https:\/\/www.perfil.com\/noticias\/politica\/el-ministro-de-transporte-espanol-volvio-a-cuestionar-a-manuel-adorni.phtml\" rel=\"noopener noreferrer\">\u00d3scar Puente<\/a>, ministro de Transporte de Espa\u00f1a,<\/strong> quien hab\u00eda sugerido a principios de mayo que <a target=\"_blank\" href=\"https:\/\/www.perfil.com\/noticias\/politica\/desde-europa-javier-milei-confirmo-un-dato-clave-de-la-inflacion.phtml\" rel=\"noopener noreferrer\">Javier Milei<\/a> estaba \u00abprevio o despu\u00e9s de la ingesta de no s\u00e9 qu\u00e9 sustancias\u201d en una entrevista de 2023 en la que se enoj\u00f3 por un \u201cmurmullo constante\u201d detr\u00e1s de c\u00e1mara, volvi\u00f3 a referirse al mandatario argentino. Ahora<strong> neg\u00f3 haberlo llamado drogadicto y apunt\u00f3 a un \u201cproblema m\u00e1s grave\u201d porque \u201coye voces<\/strong> o entra en una especie de trance de manera espont\u00e1nea y sin inducci\u00f3n externa\u201d.<\/p>\n<p>Mientras Javier Milei llegaba a <a target=\"_blank\" href=\"https:\/\/www.perfil.com\/noticias\/politica\/en-vivo-javier-milei-en-espana.phtml\" rel=\"noopener noreferrer\">Espa\u00f1a<\/a> el viernes pasado para ser condecorado por la presidenta de la Comunidad de Madrid, <a target=\"_blank\" href=\"https:\/\/www.perfil.com\/noticias\/politica\/diaz-ayuso-respaldo-a-javier-milei-y-critico-al-gobierno-peronista-de-pedro-sanchez.phtml\" rel=\"noopener noreferrer\">Isabel D\u00edaz Ayuso<\/a>, pese a las tensiones existentes entre el mandatario argentino y el Gobierno de Pedro S\u00e1nchez, \u00d3scar Puente brindaba una entrevista con el programa<em> \u201cHora Veintipico\u201d<\/em> que fue emitida este lunes. En esa nota, <strong>el funcionario socialista calificaba a D\u00edaz Ayuso de \u201cprovocadora nata\u201d y a la entrega de la medalla como una \u201cprovocaci\u00f3n m\u00e1xima a su pa\u00eds y a su propio partido\u201d<\/strong>.<\/p>\n<p>\u201cMe da gracia c\u00f3mo justifican determinadas cosas, porque <strong>el tipo ya viene insultando y calentando el ambiente<\/strong>. \u00bfQu\u00e9 le ha provocado ahora?\u201d, se pregunt\u00f3 Puente en referencia a los \u00faltimos exabruptos del libertario contra Pedro S\u00e1nchez y Bego\u00f1a G\u00f3mez \u2014que ya hab\u00eda provocado el retiro de la embajada de Espa\u00f1a en Buenos Aires\u2014 y continu\u00f3: \u201cSigue con el tema m\u00edo, con aquella frase que dije. <strong>A m\u00ed me acusan de haberle dicho drogadicto. Yo no he dicho eso<\/strong>\u201d.<\/p>\n<div class=\"subscription\" readability=\"6.683257918552\">\n<p>\nEsto no les gusta a los autoritarios\n<\/p>\n<div class=\"subscription__container\" readability=\"6.1467391304348\">\n<div class=\"subscription__text-wrapper\" readability=\"31.20652173913\">\n<p>\nEl ejercicio del periodismo profesional y cr\u00edtico es un pilar fundamental de la democracia. Por eso molesta a quienes creen ser los due\u00f1os de la verdad.\n<\/p>\n<\/p><\/div>\n<\/div><\/div>\n<p>\u201cLo hemos visto todos, que<strong> en una imagen de televisi\u00f3n concreto o\u00eda voces. <\/strong>Si no hab\u00eda tomado nada\u2026 que yo no dije adem\u00e1s qu\u00e9 hab\u00eda tomado, que no lo s\u00e9, no vivo con \u00e9l. Pero s\u00ed <strong>parec\u00eda que pod\u00eda haber tomado una medicaci\u00f3n<\/strong>. No, enseguida \u2018drogadicto\u2019. Bueno, pues si no es as\u00ed,<strong> es casi peor. Porque si esto lo hace as\u00ed, si oye voces o entra en esa especie de trance de manera espont\u00e1nea y sin inducci\u00f3n externa, el problema es m\u00e1s grave, m\u00e1s serio<\/strong>\u201d, se alarm\u00f3 el funcionario espa\u00f1ol en la entrevista. Tras una menci\u00f3n del periodista al perro muerto del presidente, Puente ironiz\u00f3: <strong>\u201cPues igual le estaba hablando Conan\u201d<\/strong>.<\/p>\n<p class=\"destacadoNota\"><a target=\"_blank\" href=\"https:\/\/www.perfil.com\/noticias\/politica\/liberland-el-pais-libertario-de-fantasia-que-tiende-puentes-con-javier-milei.phtml\" rel=\"noopener noreferrer\">Liberland, el pa\u00eds libertario de fantas\u00eda que tiende puentes con Javier Milei<\/a><\/p>\n<h2>\u00d3scar Puente halag\u00f3 la falta de filtros de Milei y critic\u00f3 los elogios propios a la gesti\u00f3n econ\u00f3mica<\/h2>\n<p>Adem\u00e1s, el funcionario estableci\u00f3 que existe una complicidad con empresarios:<strong> \u201cTodos lo sabemos, estamos todos de acuerdo\u201d<\/strong>. \u201cEs la hipocres\u00eda de rasgarse las vestiduras cuando lo que has dicho es algo que cualquiera con ojos en la cara puede ver\u201d, analiz\u00f3. Defini\u00f3 tambi\u00e9n que no hay <strong>\u201cnadie que se le parezca\u201d a Javier Milei en la pol\u00edtica espa\u00f1ola<\/strong> y destac\u00f3 su espontaneidad. \u201cYo habl\u00e9 de Milei en un curso de comunicaci\u00f3n pol\u00edtica en Salamanca y en el fondo estaba lanzando cierto elogio, que es sobre su forma de comunicar\u201d, record\u00f3.<\/p>\n<p>\u201cEstaba diciendo que <strong>es un tipo que dice lo que piensa y eso, en contra de lo que sostienen los de la correcci\u00f3n pol\u00edtica, hoy es un activo.<\/strong> La gente valora, no tanto lo que se dice, sino la correlaci\u00f3n entre lo que se dice y lo que el personaje piensa. La gente est\u00e1 cansada de ver gente muy correcta, pero que en el fondo vete t\u00fa a saber lo que est\u00e1 pensando.<strong> <\/strong>Este no, <strong>no tiene filtro<\/strong>, y le ha funcionado. Otra cosa es ir al fondo de lo que piensa\u201d, coment\u00f3 el ministro. Luego reconoci\u00f3 que con&nbsp;Milei siempre estuvo <strong>dispuesto \u201ca concederle un margen, como a cualquier gobernante<\/strong>\u201d.<\/p>\n<p>\u201cEste se\u00f1or llega a una Argentina en una situaci\u00f3n muy dif\u00edcil. No nos enga\u00f1emos, no es el responsable de la situaci\u00f3n actual en su totalidad, ya en una peque\u00f1a parte s\u00ed\u201d, admiti\u00f3. Sin embargo, afirm\u00f3 que <strong>ve los an\u00e1lisis de la realidad econ\u00f3mica con \u201cperplejidad\u201d y le achac\u00f3 a la gesti\u00f3n libertaria tener un af\u00e1n por los paneg\u00edricos. \u201cEl milagro de Milei da risa cuando uno lo escucha\u201d<\/strong>, se\u00f1al\u00f3. \u201cDicen \u2018ya no hay inflaci\u00f3n en Argentina\u2019, pero es como decir que a un t\u00edo que est\u00e1 en el f\u00e9retro \u2018ay ya le baj\u00f3 la hipertensi\u00f3n\u2019. <strong>No hay inflaci\u00f3n porque las medidas que adopt\u00f3 en los pocos meses que ha gobernado ha paralizado completamente la econom\u00eda<\/strong>. \u2018No hay d\u00e9ficit, hay super\u00e1vit\u2019. Claro, si no has pagado\u201d, critic\u00f3 Puente.<\/p>\n<p><em>ML \/ ED<\/em><\/p>\n<div class=\"article__tags\">\n<p>En esta Nota<\/p>\n<\/p><\/div>\n","protected":false},"excerpt":{"rendered":"<p>\u00d3scar Puente, ministro de Transporte de Espa\u00f1a, quien hab\u00eda sugerido a principios de mayo que Javier Milei estaba \u00abprevio o despu\u00e9s de la ingesta de no s\u00e9 qu\u00e9 sustancias\u201d en una entrevista de 2023 en la que se enoj\u00f3 por un \u201cmurmullo constante\u201d detr\u00e1s de c\u00e1mara, volvi\u00f3 a referirse al mandatario argentino. Ahora neg\u00f3 haberlo [&hellip;]<\/p>\n","protected":false},"author":1,"featured_media":79460,"comment_status":"closed","ping_status":"closed","sticky":false,"template":"","format":"standard","meta":[],"categories":[19],"tags":[319,80,318],"_links":{"self":[{"href":"http:\/\/hoycordobaweb.com\/index.php\/wp-json\/wp\/v2\/posts\/79459"}],"collection":[{"href":"http:\/\/hoycordobaweb.com\/index.php\/wp-json\/wp\/v2\/posts"}],"about":[{"href":"http:\/\/hoycordobaweb.com\/index.php\/wp-json\/wp\/v2\/types\/post"}],"author":[{"embeddable":true,"href":"http:\/\/hoycordobaweb.com\/index.php\/wp-json\/wp\/v2\/users\/1"}],"replies":[{"embeddable":true,"href":"http:\/\/hoycordobaweb.com\/index.php\/wp-json\/wp\/v2\/comments?post=79459"}],"version-history":[{"count":0,"href":"http:\/\/hoycordobaweb.com\/index.php\/wp-json\/wp\/v2\/posts\/79459\/revisions"}],"wp:featuredmedia":[{"embeddable":true,"href":"http:\/\/hoycordobaweb.com\/index.php\/wp-json\/wp\/v2\/media\/79460"}],"wp:attachment":[{"href":"http:\/\/hoycordobaweb.com\/index.php\/wp-json\/wp\/v2\/media?parent=79459"}],"wp:term":[{"taxonomy":"category","embeddable":true,"href":"http:\/\/hoycordobaweb.com\/index.php\/wp-json\/wp\/v2\/categories?post=79459"},{"taxonomy":"post_tag","embeddable":true,"href":"http:\/\/hoycordobaweb.com\/index.php\/wp-json\/wp\/v2\/tags?post=79459"}],"curies":[{"name":"wp","href":"https:\/\/api.w.org\/{rel}","templated":true}]}}