{"id":79455,"date":"2024-06-25T00:03:27","date_gmt":"2024-06-25T00:03:27","guid":{"rendered":"https:\/\/www.ole.com.ar\/futbol-internacional\/francia-vs-polonia-eurocopa-2024-hora-tv-formaciones_0_ZuYHIxsqYo.html"},"modified":"2024-06-25T00:03:27","modified_gmt":"2024-06-25T00:03:27","slug":"francia-vs-polonia-por-la-eurocopa-2024-hora-como-ver-y-probables-formaciones","status":"publish","type":"post","link":"http:\/\/hoycordobaweb.com\/index.php\/2024\/06\/25\/francia-vs-polonia-por-la-eurocopa-2024-hora-como-ver-y-probables-formaciones\/","title":{"rendered":"Francia vs. Polonia, por la Eurocopa 2024: hora, c\u00f3mo ver y probables formaciones"},"content":{"rendered":"<p><img src=\"http:\/\/hoycordobaweb.com\/wp-content\/uploads\/2024\/06\/francia-vs-polonia-por-la-eurocopa-2024-hora-como-ver-y-probables-formaciones.jpg\"><\/p>\n<p><time class=\"createDate\" datetime=\"2024-06-24T21:03:27-03:00\">24\/06\/2024 21:03hs.<\/time><\/p>\n<div id=\"storyBody\">\n<div class=\"custom-text \" readability=\"29.536023054755\">\n<p><strong><a href=\"https:\/\/www.ole.com.ar\/tema\/seleccion-de-francia.html\" title=\"Selecci\u00f3n de Francia\" alt=\"Selecci\u00f3n de Francia\" class=\"slug\">Francia<\/a><\/strong> extra\u00f1\u00f3 la explosividad de <a href=\"https:\/\/www.ole.com.ar\/tema\/kylian-mbappe.html\" title=\"Kylian Mbapp\u00e9\" alt=\"Kylian Mbapp\u00e9\" class=\"slug\">Kylian Mbapp\u00e9<\/a> ante <a href=\"https:\/\/www.ole.com.ar\/tema\/seleccion-de-paises-bajos.html\" title=\"Selecci\u00f3n de Pa\u00edses Bajos\" alt=\"Selecci\u00f3n de Pa\u00edses Bajos\" class=\"slug\">Pa\u00edses Bajos<\/a> y empat\u00f3 0-0 ante los dirigidos por <a href=\"https:\/\/www.ole.com.ar\/tema\/ronald-koeman.html\" title=\"Ronald Koeman\" alt=\"Ronald Koeman\" class=\"slug\">Ronald Koeman<\/a>, que quieren robarle la cima del Grupo D. Del otro lado estar\u00e1 <strong><a href=\"https:\/\/www.ole.com.ar\/tema\/seleccion-de-polonia.html\" title=\"Selecci\u00f3n de Polonia\" alt=\"Selecci\u00f3n de Polonia\" class=\"slug\">Polonia<\/a><\/strong>, que ya sufri\u00f3 a los Galos en el <a href=\"https:\/\/www.ole.com.ar\/tema\/mundial-de-qatar-2022.html\" title=\"Mundial de Qatar 2022\" alt=\"Mundial de Qatar 2022\" class=\"slug\">Mundial de Qatar<\/a> y quiere revancha. <strong>\u00bfCu\u00e1ndo juegan y por d\u00f3nde verlo? Ol\u00e9 te cuenta todos los detalles del partido.<\/strong><\/p>\n<\/div>\n<p><h2><strong>As\u00ed llega Francia<\/strong><\/h2>\n<\/p>\n<div class=\"custom-text \" readability=\"35.138364779874\">\n<p><strong>El equipo de <a href=\"https:\/\/www.ole.com.ar\/tema\/didier-deschamps.html\" title=\"Didier Deschamps\" alt=\"Didier Deschamps\" class=\"slug\">Didier Deschamps<\/a> todav\u00eda est\u00e1 al debe<\/strong> en esta Eurocopa. Si bien a\u00fan no perdieron, una victoria por dem\u00e1s ajustada ante Austria y un empate sin goles ante Pa\u00edses Bajos (el primero y \u00fanico del torneo hasta aqu\u00ed) <strong>deja a Les Blues con mucho por demostrar<\/strong>, a\u00fan sin certezas sobre la lesi\u00f3n de Mbapp\u00e9.<\/p>\n<\/div>\n<p><h2><strong>La Euro de Les Bleus<\/strong><\/h2>\n<\/p>\n<div class=\"custom-text \">\n<ul>\n<li>17\/06\/2024 | <strong>Austria 0 &#8211; 1 Francia<\/strong> | Eurocopa 2024<\/li>\n<li>21\/06\/2024 | <strong>Pa\u00edses Bajos 0 &#8211; 0 Francia<\/strong> | Eurocopa 2024<\/li>\n<\/ul>\n<\/div>\n<div class=\"sc-e7b891c4-0 jPbnQF\"><img alt=\"La lesi\u00f3n de Mbapp\u00e9 ser\u00e1 un problema a resolver para los subcampeones del mundo.\" src=\"http:\/\/hoycordobaweb.com\/wp-content\/uploads\/2024\/06\/francia-vs-polonia-por-la-eurocopa-2024-hora-como-ver-y-probables-formaciones-2.jpg\" width=\"720\" height=\"100\" decoding=\"async\" data-nimg=\"future\" loading=\"lazy\"><span class=\"epigraphe\">La lesi\u00f3n de Mbapp\u00e9 ser\u00e1 un problema a resolver para los subcampeones del mundo.<\/span><\/div>\n<p><h2><strong>As\u00ed llega Polonia<\/strong><\/h2>\n<\/p>\n<div class=\"custom-text \" readability=\"32.5\">\n<p>Al igual que en la \u00faltima Copa del Mundo, la selecci\u00f3n polaca no mostr\u00f3 el rendimiento esperado en este inicio de Euro. El equipo de <strong><a href=\"https:\/\/www.ole.com.ar\/tema\/robert-lewandowski.html\" title=\"Robert Lewandowski\" alt=\"Robert Lewandowski\" class=\"slug\">Robert Lewandowski<\/a><\/strong> y compa\u00f1\u00eda<strong> perdi\u00f3 sus dos partidos y ya no tiene posibilidades de avanzar a la pr\u00f3xima ronda<\/strong>.<\/p>\n<\/div>\n<p><h2><strong>La Euro de Las \u00c1guilas<\/strong><\/h2>\n<\/p>\n<div class=\"custom-text \">\n<ul>\n<li>16\/06\/2024 | <strong>Polonia 1 &#8211; 2 Pa\u00edses Bajos <\/strong>| Eurocopa 2024<\/li>\n<li>21\/06\/2024 | <strong>Polonia 1 &#8211; 3 Austria <\/strong>| Eurocopa 2024<\/li>\n<\/ul>\n<\/div>\n<div class=\"sc-e7b891c4-0 jPbnQF\"><img alt=\"El goleador del Barsa lleg\u00f3 con lo justo f\u00edsicamente y su selecci\u00f3n lo extra\u00f1a.\" src=\"http:\/\/hoycordobaweb.com\/wp-content\/uploads\/2024\/06\/francia-vs-polonia-por-la-eurocopa-2024-hora-como-ver-y-probables-formaciones-3.jpg\" width=\"720\" height=\"100\" decoding=\"async\" data-nimg=\"future\" loading=\"lazy\"><span class=\"epigraphe\">El goleador del Barsa lleg\u00f3 con lo justo f\u00edsicamente y su selecci\u00f3n lo extra\u00f1a.<\/span><\/div>\n<p><h2><strong>La terna arbitral para Estudiantes vs. Gremio<\/strong><\/h2>\n<\/p>\n<div class=\"custom-text \">\n<ul>\n<li><strong>\u00c1rbitro:<\/strong> Marco Guida (Italia)<\/li>\n<li><strong>Asistente 1:<\/strong> Filippo Meli (Italia)<\/li>\n<li><strong>Asistente 2:<\/strong> Giorgio Peretti (Italia)<\/li>\n<li><strong>Cuarto \u00c1rbitro:<\/strong> Rade Obrenovic (Eslovenia)<\/li>\n<li><strong>VAR:<\/strong> Massimiliano Irrati (Italia)<\/li>\n<li><strong>AVAR:<\/strong> Catalin Popa (Rumania)<\/li>\n<\/ul>\n<\/div>\n<p><h2><strong>La posible formaci\u00f3n de Francia<\/strong><\/h2>\n<\/p>\n<div class=\"custom-text \" readability=\"40\">\n<p>Mike <strong>Maignan<\/strong>; Jules <strong>Kound\u00e9<\/strong>, Dayot <strong>Upamecano<\/strong>, William <strong>Saliba<\/strong>, Theo <strong>Hern\u00e1ndez<\/strong>; Aur\u00e9lian Tchouameni, N\u2019Golo <strong>Kante<\/strong>, Adrien <strong>Rabiot<\/strong>; Randall <strong>Kolo Muani<\/strong>, Olivier <strong>Giroud<\/strong>, Kylian <strong>Mbapp\u00e9<\/strong>.<\/p>\n<\/div>\n<p><h2><strong>La posible formaci\u00f3n de Polonia<\/strong><\/h2>\n<\/p>\n<div class=\"custom-text \" readability=\"40\">\n<p>Wojciech <strong>Szczesny<\/strong>; Jan <strong>Bednarek<\/strong>, Pawel <strong>Dawidowicz<\/strong>, Jakub <strong>Kiwior<\/strong>; Przemysaw <strong>Frankowski<\/strong>, Bartosz <strong>Slisz<\/strong>, Taras <strong>Romanczuk<\/strong>, Piotr <strong>Zieliski<\/strong>, Nicola <strong>Zalewski<\/strong>; Kacper <strong>Urbanski<\/strong>, Robert <strong>Lewandowski.<\/strong><\/p>\n<\/div>\n<div class=\"sc-e7b891c4-0 jPbnQF\"><img alt=\"Al l\u00edmite desde lo f\u00edsico, el capit\u00e1n y goleador vuelve a la titularidad.\" src=\"http:\/\/hoycordobaweb.com\/wp-content\/uploads\/2024\/06\/francia-vs-polonia-por-la-eurocopa-2024-hora-como-ver-y-probables-formaciones-4.jpg\" width=\"720\" height=\"100\" decoding=\"async\" data-nimg=\"future\" loading=\"lazy\"><span class=\"epigraphe\">Al l\u00edmite desde lo f\u00edsico, el capit\u00e1n y goleador vuelve a la titularidad.<\/span><\/div>\n<p><h2><strong>\u00bfCu\u00e1ndo y a qu\u00e9 hora es el partido entre Polonia y Francia?<\/strong><\/h2>\n<\/p>\n<div class=\"custom-text \" readability=\"37\">\n<p>El duelo que enfrentar\u00e1 a <strong>Polonia<\/strong> y <strong>Francia<\/strong> por el Grupo D de la Eurocopa se disputar\u00e1 este <strong>martes 25 de junio a las 13:00 (hora Argentina)<\/strong> en el Signal Iduna Park, de la Ciudad de Dortmund. Podr\u00e1s seguir el encuentro en vivo, minuto a minuto, por <strong>Ol\u00e9<\/strong>.<\/p>\n<\/div>\n<p><h2><strong>\u00bfPor d\u00f3nde ver Polonia vs. Francia por la Eurocopa?<\/strong><\/h2>\n<\/p>\n<div class=\"custom-text \" readability=\"36\">\n<p>El encuentro que medir\u00e1 a las \u00c1guilas con los Galos en Dortmund <strong>se transmitir\u00e1 exclusivamente por streaming a trav\u00e9s de la aplicaci\u00f3n de Star+<\/strong>. De todas formas, vas a poder seguir el minuto a minuto a trav\u00e9s de <strong>Ol\u00e9<\/strong>, como siempre.<\/p>\n<\/div>\n<div class=\"sc-a7166897-0 exHLBh\" readability=\"6.5\">\n<section readability=\"3\"><picture><img alt=\"La respuesta de Scaloni a Mbapp\u00e9: &quot;No porque uno d\u00e9 una opini\u00f3n tiene que ir a misa&quot;\" src=\"http:\/\/hoycordobaweb.com\/wp-content\/uploads\/2024\/06\/francia-vs-polonia-por-la-eurocopa-2024-hora-como-ver-y-probables-formaciones-5.jpg\" width=\"290\" height=\"290\" decoding=\"async\" data-nimg=\"future\" loading=\"lazy\"><\/picture>\n<p><span>Mir\u00e1 tambi\u00e9n<\/span><\/p>\n<hr>\n<h3>La respuesta de Scaloni a Mbapp\u00e9: \u00abNo porque uno d\u00e9 una opini\u00f3n tiene que ir a misa\u00bb<\/h3>\n<\/p>\n<\/section>\n<\/div>\n<div class=\"sc-a7166897-0 exHLBh\" readability=\"6.5\">\n<section readability=\"3\"><picture><img alt=\"Despu\u00e9s de 50 partidos, se cort\u00f3 la racha de los 0-0 en la Euro\" src=\"http:\/\/hoycordobaweb.com\/wp-content\/uploads\/2024\/06\/francia-vs-polonia-por-la-eurocopa-2024-hora-como-ver-y-probables-formaciones-6.jpg\" width=\"290\" height=\"290\" decoding=\"async\" data-nimg=\"future\" loading=\"lazy\"><\/picture>\n<p><span>Mir\u00e1 tambi\u00e9n<\/span><\/p>\n<hr>\n<h3>Despu\u00e9s de 50 partidos, se cort\u00f3 la racha de los 0-0 en la Euro<\/h3>\n<\/p>\n<\/section>\n<\/div>\n<div class=\"sc-a7166897-0 exHLBh\" readability=\"6\">\n<section readability=\"2\"><picture><img alt=\"Mbapp\u00e9 se pone a punto: dos goles en la pr\u00e1ctica\" src=\"http:\/\/hoycordobaweb.com\/wp-content\/uploads\/2024\/06\/francia-vs-polonia-por-la-eurocopa-2024-hora-como-ver-y-probables-formaciones-7.jpg\" width=\"290\" height=\"290\" decoding=\"async\" data-nimg=\"future\" loading=\"lazy\"><\/picture>\n<p><span>Mir\u00e1 tambi\u00e9n<\/span><\/p>\n<hr>\n<h3>Mbapp\u00e9 se pone a punto: dos goles en la pr\u00e1ctica<\/h3>\n<\/p>\n<\/section>\n<\/div>\n<\/div>\n","protected":false},"excerpt":{"rendered":"<p>24\/06\/2024 21:03hs. Francia extra\u00f1\u00f3 la explosividad de Kylian Mbapp\u00e9 ante Pa\u00edses Bajos y empat\u00f3 0-0 ante los dirigidos por Ronald Koeman, que quieren robarle la cima del Grupo D. Del otro lado estar\u00e1 Polonia, que ya sufri\u00f3 a los Galos en el Mundial de Qatar y quiere revancha. \u00bfCu\u00e1ndo juegan y por d\u00f3nde verlo? Ol\u00e9 [&hellip;]<\/p>\n","protected":false},"author":1,"featured_media":79456,"comment_status":"open","ping_status":"closed","sticky":false,"template":"","format":"standard","meta":[],"categories":[16],"tags":[],"_links":{"self":[{"href":"http:\/\/hoycordobaweb.com\/index.php\/wp-json\/wp\/v2\/posts\/79455"}],"collection":[{"href":"http:\/\/hoycordobaweb.com\/index.php\/wp-json\/wp\/v2\/posts"}],"about":[{"href":"http:\/\/hoycordobaweb.com\/index.php\/wp-json\/wp\/v2\/types\/post"}],"author":[{"embeddable":true,"href":"http:\/\/hoycordobaweb.com\/index.php\/wp-json\/wp\/v2\/users\/1"}],"replies":[{"embeddable":true,"href":"http:\/\/hoycordobaweb.com\/index.php\/wp-json\/wp\/v2\/comments?post=79455"}],"version-history":[{"count":0,"href":"http:\/\/hoycordobaweb.com\/index.php\/wp-json\/wp\/v2\/posts\/79455\/revisions"}],"wp:featuredmedia":[{"embeddable":true,"href":"http:\/\/hoycordobaweb.com\/index.php\/wp-json\/wp\/v2\/media\/79456"}],"wp:attachment":[{"href":"http:\/\/hoycordobaweb.com\/index.php\/wp-json\/wp\/v2\/media?parent=79455"}],"wp:term":[{"taxonomy":"category","embeddable":true,"href":"http:\/\/hoycordobaweb.com\/index.php\/wp-json\/wp\/v2\/categories?post=79455"},{"taxonomy":"post_tag","embeddable":true,"href":"http:\/\/hoycordobaweb.com\/index.php\/wp-json\/wp\/v2\/tags?post=79455"}],"curies":[{"name":"wp","href":"https:\/\/api.w.org\/{rel}","templated":true}]}}